{"id":7067,"date":"2024-03-19T00:01:35","date_gmt":"2024-03-19T03:01:35","guid":{"rendered":"https:\/\/www.sportchaco.com.ar\/?p=7067"},"modified":"2024-03-18T19:43:31","modified_gmt":"2024-03-18T22:43:31","slug":"efemerides-del-19-de-marzo","status":"publish","type":"post","link":"https:\/\/www.sportchaco.com.ar\/?p=7067","title":{"rendered":"Efem\u00e9rides del 19 de marzo"},"content":{"rendered":"<p><strong>Esta es la Efem\u00e9rides del Deporte en el Chaco de un 19 de marzo del periodista Luis Dar\u00edo Molodezky.<\/strong><\/p>\n<p>&nbsp;<\/p>\n<p><img loading=\"lazy\" decoding=\"async\" class=\"alignnone size-medium wp-image-7068\" src=\"https:\/\/www.sportchaco.com.ar\/wp-content\/uploads\/2024\/03\/Molodezky-luis-sin-anteojos1.jpg-1-231x300.jpeg\" alt=\"\" width=\"231\" height=\"300\" srcset=\"https:\/\/www.sportchaco.com.ar\/wp-content\/uploads\/2024\/03\/Molodezky-luis-sin-anteojos1.jpg-1-231x300.jpeg 231w, https:\/\/www.sportchaco.com.ar\/wp-content\/uploads\/2024\/03\/Molodezky-luis-sin-anteojos1.jpg-1.jpeg 432w\" sizes=\"auto, (max-width: 231px) 100vw, 231px\" \/><\/p>\n<p><strong>1986 <\/strong>\/ El dirigente chaque\u00f1o Rub\u00e9n Mart\u00ednez, presidente de la Federaci\u00f3n Chaque\u00f1a de V\u00f3leibol, preside la delegaci\u00f3n argentina que participa del Sudamericano de Lima, Per\u00fa.<\/p>\n<p>&nbsp;<\/p>\n<p><strong>1983 <\/strong>\/ Llega a Resistencia el legendario jugador de River y la selecci\u00f3n nacional \u00c1ngel Labruna, dirigiendo a Argentinos Juniors. Realiza una charla en los salones de Cosecha. Fue recibido en el Aeropuerto Internacional por el presidente de For Ever Abraham Rabinovich y otros directivos.<\/p>\n<h4>Foto de portada de Angel Labruna<\/h4>\n<p>&nbsp;<\/p>\n<p><img loading=\"lazy\" decoding=\"async\" class=\"wp-image-7050 aligncenter\" src=\"https:\/\/www.sportchaco.com.ar\/wp-content\/uploads\/2024\/03\/fumigo-4-300x47.gif\" alt=\"\" width=\"594\" height=\"93\" \/><\/p>\n","protected":false},"excerpt":{"rendered":"<p>Esta es la Efem\u00e9rides del Deporte en el Chaco de un 19 de marzo del periodista Luis Dar\u00edo Molodezky. &nbsp; 1986 \/ El dirigente chaque\u00f1o Rub\u00e9n Mart\u00ednez, presidente de la Federaci\u00f3n Chaque\u00f1a de V\u00f3leibol, preside la delegaci\u00f3n argentina que participa del Sudamericano de Lima, Per\u00fa. &nbsp; 1983 \/ Llega a Resistencia el legendario jugador de &hellip;<\/p>\n","protected":false},"author":2,"featured_media":7069,"comment_status":"open","ping_status":"open","sticky":false,"template":"","format":"standard","meta":{"footnotes":""},"categories":[45,33],"tags":[],"class_list":["post-7067","post","type-post","status-publish","format-standard","has-post-thumbnail","hentry","category-efemerides-dia-por-dia","category-marzo"],"_links":{"self":[{"href":"https:\/\/www.sportchaco.com.ar\/index.php?rest_route=\/wp\/v2\/posts\/7067","targetHints":{"allow":["GET"]}}],"collection":[{"href":"https:\/\/www.sportchaco.com.ar\/index.php?rest_route=\/wp\/v2\/posts"}],"about":[{"href":"https:\/\/www.sportchaco.com.ar\/index.php?rest_route=\/wp\/v2\/types\/post"}],"author":[{"embeddable":true,"href":"https:\/\/www.sportchaco.com.ar\/index.php?rest_route=\/wp\/v2\/users\/2"}],"replies":[{"embeddable":true,"href":"https:\/\/www.sportchaco.com.ar\/index.php?rest_route=%2Fwp%2Fv2%2Fcomments&post=7067"}],"version-history":[{"count":1,"href":"https:\/\/www.sportchaco.com.ar\/index.php?rest_route=\/wp\/v2\/posts\/7067\/revisions"}],"predecessor-version":[{"id":7070,"href":"https:\/\/www.sportchaco.com.ar\/index.php?rest_route=\/wp\/v2\/posts\/7067\/revisions\/7070"}],"wp:featuredmedia":[{"embeddable":true,"href":"https:\/\/www.sportchaco.com.ar\/index.php?rest_route=\/wp\/v2\/media\/7069"}],"wp:attachment":[{"href":"https:\/\/www.sportchaco.com.ar\/index.php?rest_route=%2Fwp%2Fv2%2Fmedia&parent=7067"}],"wp:term":[{"taxonomy":"category","embeddable":true,"href":"https:\/\/www.sportchaco.com.ar\/index.php?rest_route=%2Fwp%2Fv2%2Fcategories&post=7067"},{"taxonomy":"post_tag","embeddable":true,"href":"https:\/\/www.sportchaco.com.ar\/index.php?rest_route=%2Fwp%2Fv2%2Ftags&post=7067"}],"curies":[{"name":"wp","href":"https:\/\/api.w.org\/{rel}","templated":true}]}}