{"id":7071,"date":"2024-03-18T19:50:02","date_gmt":"2024-03-18T22:50:02","guid":{"rendered":"https:\/\/www.sportchaco.com.ar\/?p=7071"},"modified":"2024-03-18T19:50:28","modified_gmt":"2024-03-18T22:50:28","slug":"detuvieron-a-los-cuatro-futbolistas-de-velez-acusados-de-abuso-sexual","status":"publish","type":"post","link":"https:\/\/www.sportchaco.com.ar\/?p=7071","title":{"rendered":"Detuvieron a los cuatro futbolistas de V\u00e9lez acusados de abuso sexual"},"content":{"rendered":"<div id=\"wrapper\" class=\"wrapper contenido contenido noticia\">\n<p>&nbsp;<\/p>\n<section class=\"principal\">\n<div class=\"fullpost__encabezado \">\n<h1 class=\"fullpost__titulo\"><\/h1>\n<p class=\"fullpost__copete\">18-03-2024<\/p>\n<p>&nbsp;<\/p>\n<p class=\"fullpost__copete\">La medida se tom\u00f3 cuando se presentaron ante la Justicia de Tucum\u00e1n. Fueron arrestados por decisi\u00f3n de la fiscal Eugenia Mar\u00eda Posse tras la c\u00e1mara Gesell.<\/p>\n<\/div>\n<div id=\"publi-142\" class=\"publi C2\" data-publicidad=\"142\" data-nombre=\"html-5\" data-tipo=\"html\">\n<div class=\"section-2-col article-header\">\n<div class=\"col 2-col\">\n<h1><\/h1>\n<h2 class=\"h3 ff-20px-w400\">Lo orden\u00f3 la fiscal tras escuchar durante m\u00e1s de tres horas a la joven que los denunci\u00f3. La medida\u00a0es por 48 horas y debe ser ratificada por el juzgado. El club sac\u00f3 un comunicado anunciando que suspendi\u00f3\u00a0sus contratos.<\/h2>\n<div class=\"author\">\n<div class=\"author-inner\"><\/div>\n<\/div>\n<\/div>\n<\/div>\n<div class=\"section-2-col article-main-image\">\n<div class=\"col 1-col hide-on-mobile\">\n<div class=\"article-info \">\n<div class=\"sidebar-separator\">\n<div class=\"date modification-date ff-14px\"><\/div>\n<\/div>\n<\/div>\n<\/div>\n<div class=\"col 2-col\">\n<div class=\"article-main-media-image__container\">\n<div class=\"image-wrapper\">\n<figure>\n<figure class=\"object-fit-block--contain intrinsic-container intrinsic-container-3x2\"><img decoding=\"async\" class=\" \" src=\"https:\/\/images.pagina12.com.ar\/styles\/focal_3_2_960x640\/public\/2024-03\/824411-823564-whatsapp-20image-202024-03-14-20at-2017-39-18_0.jpeg?h=b3660f0d&amp;itok=ec8UhiZT\" alt=\"\" \/><\/figure>\n<\/figure>\n<\/div>\n<\/div>\n<\/div>\n<\/div>\n<div class=\"section-2-col article-main-content\">\n<div class=\"col 1-col cxense-articles\"><\/div>\n<div class=\"col 2-col\">\n<div class=\"article-main-content article-text \">\n<p>La fiscal Eugenia Mar\u00eda Posse orden\u00f3 hoy en Tucum\u00e1n la\u00a0detenci\u00f3n de los cuatro jugadores de\u00a0<a href=\"https:\/\/www.pagina12.com.ar\/718725-cuatro-jugadores-de-velez-fueron-denunciados-por-abuso-sexua\">V\u00e9lez<\/a>,\u00a0Sebasti\u00e1n Sosa, Abiel Osorio, Jos\u00e9 Florent\u00edn Bobadilla y Braian Cufr\u00e9, tras escuchar durante m\u00e1s de tres horas la declaraci\u00f3n en C\u00e1mara Gesell de la joven que los denunci\u00f3 por\u00a0abuso sexual, inform\u00f3\u00a0<i>La Gaceta<\/i>.<\/p>\n<p>&nbsp;<\/p>\n<div id=\"talkFireEvent\"><\/div>\n<p>A la salida del Tribunal provincial, Patricia Neme, abogada de la v\u00edctima, explic\u00f3 que en principio se trata de \u00abuna aprehensi\u00f3n por 48 horas\u00bb, que debe ser ratificada por el juzgado. \u00abLa fiscal habr\u00e1 visto la\u00a0consistencia de la declaraci\u00f3n de la v\u00edctima\u00a0y en base a eso tom\u00f3 la determinaci\u00f3n de esa medida\u00bb, aport\u00f3 Juan Robles, el otro abogado.<\/p>\n<div class=\"slot-available\"><\/div>\n<p>La entrevista en C\u00e1mara Gesell comenz\u00f3 pasadas las 11 de la ma\u00f1ana, con casi una hora de retraso, y mucha expectativa para las partes\u00a0para\u00a0determinar las responsabilidades de los cuatro acusados,\u00a0que se encontraban en los Tribunales junto a sus abogados, en dos salas dispuestas, donde tambi\u00e9n estaban los\u00a0 representantes del Ministerio P\u00fablico Fiscal y psic\u00f3logos, inform\u00f3 el diario\u00a0<i>La Gaceta<\/i>.<\/p>\n<p>En una de las salas se encontraba el arquero Sosa, con quien la v\u00edctima habr\u00eda acordado el encuentro en el hotel, junto a su abogado Ernesto Baaclini; y Florent\u00edn\u00a0Bobadilla con sus defensores Camilo Atim y Mar\u00eda Florencia Abda. En la otra, se hab\u00eda ubicado a la querella, Patricia Neme y Juan Andr\u00e9s Robles, y al defensor Jos\u00e9 Mar\u00eda Molina con Cufr\u00e9 y Osorio.<\/p>\n<p>Sosa, Osorio, Florent\u00edn Bobadilla y Cufr\u00e9 hab\u00edan\u00a0sido separados preventivamente del plantel de V\u00e9lez y reg\u00eda sobre ellos una prohibici\u00f3n para salir del pa\u00eds por 90 d\u00edas, que hab\u00eda solicitado la fiscal a la espera de la declaraci\u00f3n de la joven.<\/p>\n<div class=\"slot-available\"><\/div>\n<p>Desde el club emitieron un comunicado donde expresaron que \u00abse resolvi\u00f3 la suspensi\u00f3n del contrato de trabajo de los cuatro jugadores\u00bb. Y que \u00abse dispuso el inicio de un sumario interno para que, a la m\u00e1xima brevedad, se determinen las medidas definitivas a tomar respecto de los cuatro jugadores\u00bb.<\/p>\n<\/div>\n<\/div>\n<\/div>\n<\/div>\n<\/section>\n<section class=\"extra1\">\n<div class=\"fullpost__main \">\n<div class=\"fullpost__imagen \"><\/div>\n<div class=\"fullpost__cuerpo\">\n<div class=\"medios-widget post\"><\/div>\n<p>&nbsp;<\/p>\n<\/div>\n<div class=\"fullpost__etiquetas\"><img loading=\"lazy\" decoding=\"async\" class=\"alignnone size-full wp-image-6871\" src=\"https:\/\/www.sportchaco.com.ar\/wp-content\/uploads\/2024\/03\/gob-salud-marzo-apaisado-2.gif\" alt=\"\" width=\"250\" height=\"250\" \/><\/div>\n<\/div>\n<\/section>\n<p>&nbsp;<\/p>\n<\/div>\n","protected":false},"excerpt":{"rendered":"<p>&nbsp; 18-03-2024 &nbsp; La medida se tom\u00f3 cuando se presentaron ante la Justicia de Tucum\u00e1n. Fueron arrestados por decisi\u00f3n de la fiscal Eugenia Mar\u00eda Posse tras la c\u00e1mara Gesell. Lo orden\u00f3 la fiscal tras escuchar durante m\u00e1s de tres horas a la joven que los denunci\u00f3. La medida\u00a0es por 48 horas y debe ser ratificada &hellip;<\/p>\n","protected":false},"author":2,"featured_media":7072,"comment_status":"open","ping_status":"open","sticky":false,"template":"","format":"standard","meta":{"footnotes":""},"categories":[47],"tags":[],"class_list":["post-7071","post","type-post","status-publish","format-standard","has-post-thumbnail","hentry","category-nacionales"],"_links":{"self":[{"href":"https:\/\/www.sportchaco.com.ar\/index.php?rest_route=\/wp\/v2\/posts\/7071","targetHints":{"allow":["GET"]}}],"collection":[{"href":"https:\/\/www.sportchaco.com.ar\/index.php?rest_route=\/wp\/v2\/posts"}],"about":[{"href":"https:\/\/www.sportchaco.com.ar\/index.php?rest_route=\/wp\/v2\/types\/post"}],"author":[{"embeddable":true,"href":"https:\/\/www.sportchaco.com.ar\/index.php?rest_route=\/wp\/v2\/users\/2"}],"replies":[{"embeddable":true,"href":"https:\/\/www.sportchaco.com.ar\/index.php?rest_route=%2Fwp%2Fv2%2Fcomments&post=7071"}],"version-history":[{"count":1,"href":"https:\/\/www.sportchaco.com.ar\/index.php?rest_route=\/wp\/v2\/posts\/7071\/revisions"}],"predecessor-version":[{"id":7074,"href":"https:\/\/www.sportchaco.com.ar\/index.php?rest_route=\/wp\/v2\/posts\/7071\/revisions\/7074"}],"wp:featuredmedia":[{"embeddable":true,"href":"https:\/\/www.sportchaco.com.ar\/index.php?rest_route=\/wp\/v2\/media\/7072"}],"wp:attachment":[{"href":"https:\/\/www.sportchaco.com.ar\/index.php?rest_route=%2Fwp%2Fv2%2Fmedia&parent=7071"}],"wp:term":[{"taxonomy":"category","embeddable":true,"href":"https:\/\/www.sportchaco.com.ar\/index.php?rest_route=%2Fwp%2Fv2%2Fcategories&post=7071"},{"taxonomy":"post_tag","embeddable":true,"href":"https:\/\/www.sportchaco.com.ar\/index.php?rest_route=%2Fwp%2Fv2%2Ftags&post=7071"}],"curies":[{"name":"wp","href":"https:\/\/api.w.org\/{rel}","templated":true}]}}