{"id":7085,"date":"2024-03-18T23:02:00","date_gmt":"2024-03-19T02:02:00","guid":{"rendered":"https:\/\/www.sportchaco.com.ar\/?p=7085"},"modified":"2024-03-19T12:42:12","modified_gmt":"2024-03-19T15:42:12","slug":"altamirano-sufrio-una-trombosis-que-le-causo-la-convulsion","status":"publish","type":"post","link":"https:\/\/www.sportchaco.com.ar\/?p=7085","title":{"rendered":"Altamirano sufri\u00f3 una trombosis que le caus\u00f3 la convulsi\u00f3n"},"content":{"rendered":"<header class=\"article-header-wrapper\">\n<div class=\"article-header \">\n<h6 id=\"estudiantes-de-la-plata-dio-un-nuevo-parte-medico-de-javier-altamirano-y-revelo-que-le-causo-la-convulsion\" class=\"article-headline left \">18-03-2024<\/h6>\n<h2 class=\"article-subheadline left \">A trav\u00e9s de sus redes sociales, el Pincha dio detalles de la evoluci\u00f3n del mediocampista chileno que sufri\u00f3 una convulsi\u00f3n en el juego ante Boca Juniors<\/h2>\n<\/div>\n<\/header>\n<article class=\"article\">\n<div class=\"sharebar-container\">\n<div class=\"sharebar-buttons-container\">\n<div class=\"sharebar-buttons button-listen\" tabindex=\"0\" role=\"button\" aria-label=\"Escuchar\">\n<p class=\"buttons-text\">\n<\/div>\n<\/div>\n<\/div>\n<div class=\"body-article\">\n<div class=\"visual__image\"><img loading=\"lazy\" decoding=\"async\" class=\" lazyload\" src=\"https:\/\/www.infobae.com\/new-resizer\/R6pvTfHxKDkntmRFNgdZNMOBgrk=\/420x236\/filters:format(webp):quality(85)\/cloudfront-us-east-1.images.arcpublishing.com\/infobae\/N4IYLEBAUZASJFBFXTJUBDL2RU.jpg%20420w\" sizes=\"auto, (min-width: 1560px) 856px, (min-width: 1000px) calc(74.63vw - 293px), (min-width: 780px) calc(100vw - 376px), (min-width: 580px) calc(100vw - 32px), 100vw\" srcset=\"https:\/\/www.infobae.com\/new-resizer\/R6pvTfHxKDkntmRFNgdZNMOBgrk=\/420x236\/filters:format(webp):quality(85)\/cloudfront-us-east-1.images.arcpublishing.com\/infobae\/N4IYLEBAUZASJFBFXTJUBDL2RU.jpg 420w,https:\/\/www.infobae.com\/new-resizer\/NIDE5u_BgcFcbTUzVp9NUOb_f8g=\/768x432\/filters:format(webp):quality(85)\/cloudfront-us-east-1.images.arcpublishing.com\/infobae\/N4IYLEBAUZASJFBFXTJUBDL2RU.jpg 768w,https:\/\/www.infobae.com\/new-resizer\/AlJdB2MXUbsetYJj9b5H9HXfZh8=\/992x558\/filters:format(webp):quality(85)\/cloudfront-us-east-1.images.arcpublishing.com\/infobae\/N4IYLEBAUZASJFBFXTJUBDL2RU.jpg 992w,https:\/\/www.infobae.com\/new-resizer\/wDUVnmfnvV__2PvTmXhCA9Pb7Js=\/1200x675\/filters:format(webp):quality(85)\/cloudfront-us-east-1.images.arcpublishing.com\/infobae\/N4IYLEBAUZASJFBFXTJUBDL2RU.jpg 1200w,https:\/\/www.infobae.com\/new-resizer\/UWJ1GTDHnQq3_mX-N2zk_re0q_k=\/1440x810\/filters:format(webp):quality(85)\/cloudfront-us-east-1.images.arcpublishing.com\/infobae\/N4IYLEBAUZASJFBFXTJUBDL2RU.jpg 1440w\" alt=\"Estudiantes dio detalles del estado de saludo de Javier Altamirano tras su convulsi\u00f3n en el juego ante Boca\" width=\"1920\" height=\"1080\" data-src=\"https:\/\/www.infobae.com\/new-resizer\/R6pvTfHxKDkntmRFNgdZNMOBgrk=\/420x236\/filters:format(webp):quality(85)\/cloudfront-us-east-1.images.arcpublishing.com\/infobae\/N4IYLEBAUZASJFBFXTJUBDL2RU.jpg 420w\" \/>Estudiantes dio detalles del estado de saludo de Javier Altamirano tras su convulsi\u00f3n en el juego ante Boca<\/div>\n<p class=\"paragraph\">Javier Altamirano\u00a0contin\u00faa evolucionando luego de haber sufrido una\u00a0<a href=\"https:\/\/www.infobae.com\/deportes\/2024\/03\/18\/javier-altamirano-de-estudiantes-sufrio-una-convulsion-en-medio-del-partido-ante-boca-y-fue-retirado-en-ambulancia-esta-estable\/\" target=\"_blank\" rel=\"noopener noreferrer\">convulsi\u00f3n en el encuentro que\u00a0Estudiantes de La Plata<\/a>\u00a0disput\u00f3 anoche ante\u00a0Boca Juniors\u00a0por la fecha 11 de la\u00a0Copa de La Liga.<\/p>\n<p class=\"paragraph\">Luego de que este lunes se informara que el mediocampista fue trasladado desde el\u00a0<i>Instituto M\u00e9dico Platense,\u00a0<\/i>ubicado a pocos metros de la cancha del Pincha, hacia el Hospital Italiano donde se le realiz\u00f3 un estudio complementario, el elenco platense comunic\u00f3 un nuevo parte m\u00e9dico con el que se confirm\u00f3 qu\u00e9 le provoc\u00f3 la convulsi\u00f3n:\u00a0\u201cFue una trombosis del seno longitudinal superior (cerebro)\u201d.<\/p>\n<p class=\"paragraph\">Asimismo, mediante sus redes sociales, el club Estudiantes de La Plata indic\u00f3 que el futbolista chileno\u00a0\u201cse encuentra estable, con la medicaci\u00f3n adecuada y a la espera de otros estudios\u201d. Adem\u00e1s, indic\u00f3 que el jugador de 24 a\u00f1os permanecer\u00e1 internado para\u00a0\u201ccontrol evolutivo\u201d.<\/p>\n<p><img loading=\"lazy\" decoding=\"async\" class=\" lazyload\" src=\"https:\/\/www.infobae.com\/new-resizer\/gVh0p19kAxCpTRrmAE1wd5IdkS0=\/420x236\/filters:format(webp):quality(85)\/cloudfront-us-east-1.images.arcpublishing.com\/infobae\/LAEI5FTOZZHZVMX25PUPQ2EISA.jpg%20420w\" sizes=\"auto, (min-width: 1560px) 856px, (min-width: 1000px) calc(74.63vw - 293px), (min-width: 780px) calc(100vw - 376px), (min-width: 580px) calc(100vw - 32px), 100vw\" srcset=\"https:\/\/www.infobae.com\/new-resizer\/gVh0p19kAxCpTRrmAE1wd5IdkS0=\/420x236\/filters:format(webp):quality(85)\/cloudfront-us-east-1.images.arcpublishing.com\/infobae\/LAEI5FTOZZHZVMX25PUPQ2EISA.jpg 420w,https:\/\/www.infobae.com\/new-resizer\/FSooZXtr5EpXS7E-ZWiM3ituMew=\/768x432\/filters:format(webp):quality(85)\/cloudfront-us-east-1.images.arcpublishing.com\/infobae\/LAEI5FTOZZHZVMX25PUPQ2EISA.jpg 768w,https:\/\/www.infobae.com\/new-resizer\/qiQXGhYz3p-vu5lmDaJC7xp6I5c=\/992x558\/filters:format(webp):quality(85)\/cloudfront-us-east-1.images.arcpublishing.com\/infobae\/LAEI5FTOZZHZVMX25PUPQ2EISA.jpg 992w,https:\/\/www.infobae.com\/new-resizer\/vsSLtWz4N2By9etE-GW8_wBPYGg=\/1200x675\/filters:format(webp):quality(85)\/cloudfront-us-east-1.images.arcpublishing.com\/infobae\/LAEI5FTOZZHZVMX25PUPQ2EISA.jpg 1200w,https:\/\/www.infobae.com\/new-resizer\/dEqFmlGsdYp_ElCMq7v9NBcJZCc=\/1440x810\/filters:format(webp):quality(85)\/cloudfront-us-east-1.images.arcpublishing.com\/infobae\/LAEI5FTOZZHZVMX25PUPQ2EISA.jpg 1440w\" alt=\"Este cuadro es poco com\u00fan y tiene una serie de medidas que suelen aplicarse en el tratamiento, entre ellas anticoagulantes (Imagen ilustrativa Infobae)\" width=\"1820\" height=\"1024\" data-src=\"https:\/\/www.infobae.com\/new-resizer\/gVh0p19kAxCpTRrmAE1wd5IdkS0=\/420x236\/filters:format(webp):quality(85)\/cloudfront-us-east-1.images.arcpublishing.com\/infobae\/LAEI5FTOZZHZVMX25PUPQ2EISA.jpg 420w\" \/>Este cuadro es poco com\u00fan y tiene una serie de medidas que suelen aplicarse en el tratamiento, entre ellas anticoagulantes (Imagen ilustrativa Infobae)<\/p>\n<p class=\"paragraph\">EL PARTE M\u00c9DICO DE JAVIER ALTAMIRANO.<\/p>\n<p class=\"paragraph\">\u201cLuego de los estudios realizados en el d\u00eda de hoy, se determin\u00f3 que la causa de la convulsi\u00f3n sufrida por el jugador fue una trombosis del seno longitudinal superior (cerebro). Se encuentra estable, con la medicaci\u00f3n adecuada y a la espera de otros estudios. Permanecer\u00e1 internado para control evolutivo\u201d.<\/p>\n<div class=\"visual__image\">Estudiantes comunic\u00f3 un nuevo parte m\u00e9dico de Javier Altamirano<\/div>\n<p class=\"paragraph\">En horas de la ma\u00f1ana,\u00a0<b>el chileno hab\u00eda sido trasladado\u00a0<\/b>al Hospital Italiano para hacerle un estudio complementario -una resonancia-\u00a0<b>y as\u00ed seguir en observaci\u00f3n en el mismo centro\u00a0<\/b>donde fue inmediatamente trasladado tras la convulsi\u00f3n que tuvo a los 27 minutos de la primera parte del encuentro entre Estudiantes y Boca.<\/p>\n<p class=\"paragraph\">All\u00ed,\u00a0<b>en el Instituto M\u00e9dico Platense<\/b>, ubicado a cinco cuadras del estadio UNO Jorge Luis Hirschi, Altamirano\u00a0<b>se encuentra junto con su esposa<\/b>, quien est\u00e1 embarazada y tambi\u00e9n fue internada en el sector de Neonatolog\u00eda del centro m\u00e9dico por precauci\u00f3n. Adem\u00e1s, al jugador lo acompa\u00f1a su representante. Seg\u00fan indic\u00f3 el periodista Nacho Tara, de TyC Sports, al futbolista le realizaron un electroencefalograma y un laboratorio completo para continuar con los an\u00e1lisis tras la descompensaci\u00f3n que sufri\u00f3.<\/p>\n<div class=\"rawHTML raw_html \">\n<div class=\"container-video\"><\/div>\n<\/div>\n<p class=\"paragraph\">El m\u00e9dico del club, Hugo Montenegro, hab\u00eda sido el primero en dar precisiones sobre la salud del futbolista. \u201cFue una convulsi\u00f3n. Ingres\u00f3, se le hicieron todos los estudios, laboratorio, una tomograf\u00eda que dio bien, se descartaron cosas tumorales; de ahora en m\u00e1s qued\u00f3 en observaci\u00f3n.\u00a0<b>No ten\u00eda antecedentes y tampoco hubo un golpe previo a la situaci\u00f3n<\/b>. Queremos transmitir tranquilidad a todos\u201d, fue lo que dijo el profesional de la salud en di\u00e1logo con los medios.<\/p>\n<p class=\"paragraph\">Una vez que se conoci\u00f3 que el jugador estaba estable, el que habl\u00f3 fue el entrenador de Estudiantes. \u201cFue muy dif\u00edcil, uno entraba al vestuario y los chicos estaban llorando. Es muy querido. Su se\u00f1ora est\u00e1 embarazada y estaba en la platea. Todos busc\u00e1ndola para estar con \u00e9l. Por suerte, la familia se movi\u00f3 rapid\u00edsimo y Javi est\u00e1 ac\u00e1 al frente con su se\u00f1ora\u201d, explic\u00f3\u00a0<b>Eduardo Dom\u00ednguez<\/b>\u00a0en di\u00e1logo con ESPN.<\/p>\n<div class=\"jwplayer-ctn\">\n<div>\n<div id=\"VHAOLKPTLBEZHD2SFR3UNCMHTQ\" class=\"jwplayer jw-reset jw-state-idle jw-stretch-uniform jw-flag-aspect-mode jw-breakpoint-4 jw-floating-dismissible jw-keep-thumbnail jw-flag-user-inactive\" tabindex=\"0\" role=\"application\" aria-label=\"Reproductor de Video\" aria-describedby=\"jw-VHAOLKPTLBEZHD2SFR3UNCMHTQ-shortcuts-tooltip-explanation\">\n<div class=\"jw-aspect jw-reset\"><\/div>\n<div class=\"jw-wrapper jw-reset\">\n<div>\n<div>\n<div><\/div>\n<\/div>\n<div class=\"jw-contract-trigger\"><\/div>\n<\/div>\n<\/div>\n<\/div>\n<\/div>\n<\/div>\n<p class=\"paragraph\">\u201cLo hablamos en el vestuario. Estudiantes es una familia, alguien nuestro est\u00e1 mal y tenemos que estar. No s\u00e9 cu\u00e1nto podemos ayudar, pero<b>\u00a0el grupo est\u00e1 conmovido, en shock.<\/b>\u00a0Algunos con bronca o tristeza\u201d, agreg\u00f3 el DT, que al mismo tiempo destac\u00f3 la actitud de los jugadores y el cuerpo t\u00e9cnico del Xeneize luego de lo sucedido.<\/p>\n<p class=\"paragraph\"><b>\u201cHay que agradecer a los m\u00e9dicos de Boca,<\/b>\u00a0que enseguida se pusieron a disposici\u00f3n. A los chicos del plantel, que se arm\u00f3 un revuelo y nos vinieron a decir y apoyar y que decidamos nosotros qu\u00e9 necesitamos. Hay que valorar eso, nos tenemos que solidarizar y creo que Boca lo hizo, sabiendo que la agenda secundariamente se va a apretar, ser\u00e1 m\u00e1s de la cuenta, pero en ese sentido\u00a0<b>quiero destacar que Boca siempre estuvo a disposici\u00f3n<\/b>. Nos toc\u00f3 a nosotros. Si le tocaba a otro, nos tenemos que solidarizar\u201d. Fuente Infobae<\/p>\n<div class=\"rawHTML raw_html \">\n<div class=\"container-video\"><\/div>\n<\/div>\n<div class=\"article-tags-container\">\n<div class=\"article-tags-headline\">\n<div class=\"related-themes-icon\"><img loading=\"lazy\" decoding=\"async\" class=\"alignnone size-full wp-image-7111\" src=\"https:\/\/www.sportchaco.com.ar\/wp-content\/uploads\/2024\/03\/300x250-gobierno.gif\" alt=\"\" width=\"300\" height=\"250\" \/><\/div>\n<\/div>\n<h2>\u00bfQue es?<\/h2>\n<div class=\"article-tags-headline\">\n<p class=\"paragraph\">En di\u00e1logo con<b>\u00a0Infobae,\u00a0<\/b>el neurocirujano<b>\u00a0Mat\u00edas Baldoncini<\/b>\u00a0(MN 135985), quien se desempe\u00f1a en el Sanatorio Mater Dei, explic\u00f3: \u201cLa trombosis del seno longitudinal superior es un trastorno poco com\u00fan pero potencialmente grave que implica la formaci\u00f3n de un co\u00e1gulo sangu\u00edneo en un seno venoso cerebral. Espec\u00edficamente en el seno longitudinal superior, que es un confluente de sangre venosa importante en el cerebro responsable de drenar la sangre de gran parte del cerebro hacia el sistema venoso\u201d.<\/p>\n<p class=\"paragraph\">En ese sentido,\u00a0<b>Alejandro Andersson<\/b>, m\u00e9dico neur\u00f3logo y director m\u00e9dico del Instituto de Neurolog\u00eda Buenos Aires (INBA), explic\u00f3: \u201cEs una especie de accidente cerebrovascular, pero que no compromete la parte arterial, sino que compromete la parte este venosa\u201d. Dicho de otro modo, el jugador padeci\u00f3 una suerte de accidente cerebrovascular, debido a que un co\u00e1gulo de sangre obstruy\u00f3 una vena importante del cerebro impidiendo el correcto drenaje de la sangre.<\/p>\n<p class=\"paragraph\">\u201cLos senos venosos son canales de sangre venosa que drenan toda la sangre del cerebro y de la m\u00e9dula espinal, dirigi\u00e9ndola hacia las venas yugulares. Es decir, toda la sangre que entra al cerebro, ya sea por las arterias car\u00f3tidas o vertebrales, a raz\u00f3n de un litro por minuto, debe salir. Despu\u00e9s de haber nutrido y oxigenado las neuronas, esta sangre sale por los senos venosos, que finalmente confluyen en las venas yugulares y retornan al coraz\u00f3n. Existen varios senos venosos, pero el seno longitudinal superior es uno importante y grueso que transcurre pegado al cr\u00e1neo por la l\u00ednea media de nuestra cabeza, desde la parte frontal hasta la occipital\u201d, profundiz\u00f3 Andersson.<\/p>\n<p class=\"paragraph\">Seg\u00fan el neur\u00f3logo, \u201cestamos frente a un trombo, un co\u00e1gulo que obstruye este seno, impidiendo el flujo sangu\u00edneo venoso. El seno longitudinal superior, un gran vaso sangu\u00edneo venoso situado en la parte superior del cerebro bajo el cr\u00e1neo, es responsable de drenar la sangre del cerebro hacia el sistema venoso para que salga de la cabeza. Cuando se obstruye, genera graves problemas\u201d.<\/p>\n<\/div>\n<\/div>\n<\/div>\n<\/article>\n","protected":false},"excerpt":{"rendered":"<p>18-03-2024 A trav\u00e9s de sus redes sociales, el Pincha dio detalles de la evoluci\u00f3n del mediocampista chileno que sufri\u00f3 una convulsi\u00f3n en el juego ante Boca Juniors Estudiantes dio detalles del estado de saludo de Javier Altamirano tras su convulsi\u00f3n en el juego ante Boca Javier Altamirano\u00a0contin\u00faa evolucionando luego de haber sufrido una\u00a0convulsi\u00f3n en el &hellip;<\/p>\n","protected":false},"author":2,"featured_media":7086,"comment_status":"open","ping_status":"open","sticky":false,"template":"","format":"standard","meta":{"footnotes":""},"categories":[47],"tags":[],"class_list":["post-7085","post","type-post","status-publish","format-standard","has-post-thumbnail","hentry","category-nacionales"],"_links":{"self":[{"href":"https:\/\/www.sportchaco.com.ar\/index.php?rest_route=\/wp\/v2\/posts\/7085","targetHints":{"allow":["GET"]}}],"collection":[{"href":"https:\/\/www.sportchaco.com.ar\/index.php?rest_route=\/wp\/v2\/posts"}],"about":[{"href":"https:\/\/www.sportchaco.com.ar\/index.php?rest_route=\/wp\/v2\/types\/post"}],"author":[{"embeddable":true,"href":"https:\/\/www.sportchaco.com.ar\/index.php?rest_route=\/wp\/v2\/users\/2"}],"replies":[{"embeddable":true,"href":"https:\/\/www.sportchaco.com.ar\/index.php?rest_route=%2Fwp%2Fv2%2Fcomments&post=7085"}],"version-history":[{"count":5,"href":"https:\/\/www.sportchaco.com.ar\/index.php?rest_route=\/wp\/v2\/posts\/7085\/revisions"}],"predecessor-version":[{"id":7113,"href":"https:\/\/www.sportchaco.com.ar\/index.php?rest_route=\/wp\/v2\/posts\/7085\/revisions\/7113"}],"wp:featuredmedia":[{"embeddable":true,"href":"https:\/\/www.sportchaco.com.ar\/index.php?rest_route=\/wp\/v2\/media\/7086"}],"wp:attachment":[{"href":"https:\/\/www.sportchaco.com.ar\/index.php?rest_route=%2Fwp%2Fv2%2Fmedia&parent=7085"}],"wp:term":[{"taxonomy":"category","embeddable":true,"href":"https:\/\/www.sportchaco.com.ar\/index.php?rest_route=%2Fwp%2Fv2%2Fcategories&post=7085"},{"taxonomy":"post_tag","embeddable":true,"href":"https:\/\/www.sportchaco.com.ar\/index.php?rest_route=%2Fwp%2Fv2%2Ftags&post=7085"}],"curies":[{"name":"wp","href":"https:\/\/api.w.org\/{rel}","templated":true}]}}