{"id":7099,"date":"2024-03-19T11:17:16","date_gmt":"2024-03-19T14:17:16","guid":{"rendered":"https:\/\/www.sportchaco.com.ar\/?p=7099"},"modified":"2024-03-19T11:17:16","modified_gmt":"2024-03-19T14:17:16","slug":"malas-noticias-en-for-ever-tras-los-estudios-de-lucio-perez","status":"publish","type":"post","link":"https:\/\/www.sportchaco.com.ar\/?p=7099","title":{"rendered":"Malas noticias en For Ever tras los estudios de Lucio P\u00e9rez"},"content":{"rendered":"<p><strong>19-03-2024<\/strong><\/p>\n<p><img loading=\"lazy\" decoding=\"async\" class=\" wp-image-6994 aligncenter\" src=\"https:\/\/www.sportchaco.com.ar\/wp-content\/uploads\/2024\/03\/gob-turismo-apaisado-marzo-300x29.gif\" alt=\"\" width=\"372\" height=\"36\" srcset=\"https:\/\/www.sportchaco.com.ar\/wp-content\/uploads\/2024\/03\/gob-turismo-apaisado-marzo-300x29.gif 300w, https:\/\/www.sportchaco.com.ar\/wp-content\/uploads\/2024\/03\/gob-turismo-apaisado-marzo-768x74.gif 768w\" sizes=\"auto, (max-width: 372px) 100vw, 372px\" \/><\/p>\n<p>Noticias desafortunadas en For Ever. Se confirm\u00f3 la lesi\u00f3n de Lucio P\u00e9rez. El defensor hab\u00eda salido lesionado durante el partido ante Almagro, el \u00faltimo fin de semana en un partido v\u00e1lido por la Primera Nacional. Al llegar a Resistencia se realiz\u00f3 estudios y se confirm\u00f3 su lesi\u00f3n.<\/p>\n<p>El estudio arroj\u00f3 rotura de ligamentos cruzados anterior de la rodilla izquierda y un desplazamiento de la tibia. El jugador deber\u00e1 ser operado y la recuperaci\u00f3n demandar\u00e1 entre 6 y 8 meses de recuperaci\u00f3n.<\/p>\n<p>Cabe recordar que P\u00e9rez empez\u00f3 a jugar hace un par de fechas por la lesi\u00f3n de Agust\u00edn Bellone, quien era el lateral derecho titular del equipo de Osella. Ahora el DT no tiene un \u00ab4\u00bb tradicional y deber\u00e1 improvisar para el partido ante Defensores de Belgrano.<\/p>\n<p>Las opciones pasar\u00e1n por el defensor Milton Leyendeker, quien ya supo jugar en ese lugar o el volante Marcos Gim\u00e9nez, que con otras carater\u00edsticas tambi\u00e9n se ubic\u00f3 en alguna oportunidad en la parte derecha de la defensa. Otra alternativa ser\u00eda ocupar un central de \u00ab4\u00bb.<\/p>\n<p><img loading=\"lazy\" decoding=\"async\" class=\"size-medium wp-image-7032 aligncenter\" src=\"https:\/\/www.sportchaco.com.ar\/wp-content\/uploads\/2024\/03\/gob-clausula-parado-150x300.gif\" alt=\"\" width=\"150\" height=\"300\" \/><\/p>\n","protected":false},"excerpt":{"rendered":"<p>19-03-2024 Noticias desafortunadas en For Ever. Se confirm\u00f3 la lesi\u00f3n de Lucio P\u00e9rez. El defensor hab\u00eda salido lesionado durante el partido ante Almagro, el \u00faltimo fin de semana en un partido v\u00e1lido por la Primera Nacional. Al llegar a Resistencia se realiz\u00f3 estudios y se confirm\u00f3 su lesi\u00f3n. El estudio arroj\u00f3 rotura de ligamentos cruzados &hellip;<\/p>\n","protected":false},"author":3,"featured_media":7103,"comment_status":"open","ping_status":"open","sticky":false,"template":"","format":"standard","meta":{"footnotes":""},"categories":[5],"tags":[],"class_list":["post-7099","post","type-post","status-publish","format-standard","has-post-thumbnail","hentry","category-futbol"],"_links":{"self":[{"href":"https:\/\/www.sportchaco.com.ar\/index.php?rest_route=\/wp\/v2\/posts\/7099","targetHints":{"allow":["GET"]}}],"collection":[{"href":"https:\/\/www.sportchaco.com.ar\/index.php?rest_route=\/wp\/v2\/posts"}],"about":[{"href":"https:\/\/www.sportchaco.com.ar\/index.php?rest_route=\/wp\/v2\/types\/post"}],"author":[{"embeddable":true,"href":"https:\/\/www.sportchaco.com.ar\/index.php?rest_route=\/wp\/v2\/users\/3"}],"replies":[{"embeddable":true,"href":"https:\/\/www.sportchaco.com.ar\/index.php?rest_route=%2Fwp%2Fv2%2Fcomments&post=7099"}],"version-history":[{"count":2,"href":"https:\/\/www.sportchaco.com.ar\/index.php?rest_route=\/wp\/v2\/posts\/7099\/revisions"}],"predecessor-version":[{"id":7754,"href":"https:\/\/www.sportchaco.com.ar\/index.php?rest_route=\/wp\/v2\/posts\/7099\/revisions\/7754"}],"wp:featuredmedia":[{"embeddable":true,"href":"https:\/\/www.sportchaco.com.ar\/index.php?rest_route=\/wp\/v2\/media\/7103"}],"wp:attachment":[{"href":"https:\/\/www.sportchaco.com.ar\/index.php?rest_route=%2Fwp%2Fv2%2Fmedia&parent=7099"}],"wp:term":[{"taxonomy":"category","embeddable":true,"href":"https:\/\/www.sportchaco.com.ar\/index.php?rest_route=%2Fwp%2Fv2%2Fcategories&post=7099"},{"taxonomy":"post_tag","embeddable":true,"href":"https:\/\/www.sportchaco.com.ar\/index.php?rest_route=%2Fwp%2Fv2%2Ftags&post=7099"}],"curies":[{"name":"wp","href":"https:\/\/api.w.org\/{rel}","templated":true}]}}