{"id":7182,"date":"2024-03-21T14:27:13","date_gmt":"2024-03-21T17:27:13","guid":{"rendered":"https:\/\/www.sportchaco.com.ar\/?p=7182"},"modified":"2024-03-21T14:27:13","modified_gmt":"2024-03-21T17:27:13","slug":"el-idch-rubrico-convenio-con-el-municipio-de-colonia-popular","status":"publish","type":"post","link":"https:\/\/www.sportchaco.com.ar\/?p=7182","title":{"rendered":"El IDCH rubric\u00f3 convenio con el municipio de Colonia Popular"},"content":{"rendered":"<p><strong>21-03-2024<\/strong><\/p>\n<p><img loading=\"lazy\" decoding=\"async\" class=\" wp-image-6856 aligncenter\" src=\"https:\/\/www.sportchaco.com.ar\/wp-content\/uploads\/2024\/03\/gob-marzo-2-apaisado-fumigo-1-300x29.jpg\" alt=\"\" width=\"372\" height=\"36\" srcset=\"https:\/\/www.sportchaco.com.ar\/wp-content\/uploads\/2024\/03\/gob-marzo-2-apaisado-fumigo-1-300x29.jpg 300w, https:\/\/www.sportchaco.com.ar\/wp-content\/uploads\/2024\/03\/gob-marzo-2-apaisado-fumigo-1-768x74.jpg 768w, https:\/\/www.sportchaco.com.ar\/wp-content\/uploads\/2024\/03\/gob-marzo-2-apaisado-fumigo-1.jpg 940w\" sizes=\"auto, (max-width: 372px) 100vw, 372px\" \/><\/p>\n<p>En el marco de las pol\u00edticas deportivas implementadas por el gobierno provincial, el Instituto del Deporte Chaque\u00f1o firm\u00f3 un convenio marco con la municipalidad de Colonia Popular con la finalidad de trabajar en forma articulada gobierno y municipio en temas relacionados al deporte.<\/p>\n<p>La r\u00fabrica la efectuaron el presidente del IDCH profesor Fabio V\u00e1zquez, por el organismo provincial y la intendente de Colonia Popular Mariela Soto quien estuvo acompa\u00f1ada por Jos\u00e9 Cabrera, presidente del Consejo y Ariel Salvatierra coordinador general del municipio de esa localidad.<\/p>\n<p>Dicho convenio contempla entre otras cosas la provisi\u00f3n al municipio de elementos deportivos, la mejora de la infraestructura deportiva en esa localidad y la colaboraci\u00f3n en la organizaci\u00f3n de eventos relacionados con el deporte.<\/p>\n","protected":false},"excerpt":{"rendered":"<p>21-03-2024 En el marco de las pol\u00edticas deportivas implementadas por el gobierno provincial, el Instituto del Deporte Chaque\u00f1o firm\u00f3 un convenio marco con la municipalidad de Colonia Popular con la finalidad de trabajar en forma articulada gobierno y municipio en temas relacionados al deporte. La r\u00fabrica la efectuaron el presidente del IDCH profesor Fabio V\u00e1zquez, &hellip;<\/p>\n","protected":false},"author":3,"featured_media":7183,"comment_status":"open","ping_status":"open","sticky":false,"template":"","format":"standard","meta":{"footnotes":""},"categories":[44],"tags":[],"class_list":["post-7182","post","type-post","status-publish","format-standard","has-post-thumbnail","hentry","category-varios"],"_links":{"self":[{"href":"https:\/\/www.sportchaco.com.ar\/index.php?rest_route=\/wp\/v2\/posts\/7182","targetHints":{"allow":["GET"]}}],"collection":[{"href":"https:\/\/www.sportchaco.com.ar\/index.php?rest_route=\/wp\/v2\/posts"}],"about":[{"href":"https:\/\/www.sportchaco.com.ar\/index.php?rest_route=\/wp\/v2\/types\/post"}],"author":[{"embeddable":true,"href":"https:\/\/www.sportchaco.com.ar\/index.php?rest_route=\/wp\/v2\/users\/3"}],"replies":[{"embeddable":true,"href":"https:\/\/www.sportchaco.com.ar\/index.php?rest_route=%2Fwp%2Fv2%2Fcomments&post=7182"}],"version-history":[{"count":1,"href":"https:\/\/www.sportchaco.com.ar\/index.php?rest_route=\/wp\/v2\/posts\/7182\/revisions"}],"predecessor-version":[{"id":7184,"href":"https:\/\/www.sportchaco.com.ar\/index.php?rest_route=\/wp\/v2\/posts\/7182\/revisions\/7184"}],"wp:featuredmedia":[{"embeddable":true,"href":"https:\/\/www.sportchaco.com.ar\/index.php?rest_route=\/wp\/v2\/media\/7183"}],"wp:attachment":[{"href":"https:\/\/www.sportchaco.com.ar\/index.php?rest_route=%2Fwp%2Fv2%2Fmedia&parent=7182"}],"wp:term":[{"taxonomy":"category","embeddable":true,"href":"https:\/\/www.sportchaco.com.ar\/index.php?rest_route=%2Fwp%2Fv2%2Fcategories&post=7182"},{"taxonomy":"post_tag","embeddable":true,"href":"https:\/\/www.sportchaco.com.ar\/index.php?rest_route=%2Fwp%2Fv2%2Ftags&post=7182"}],"curies":[{"name":"wp","href":"https:\/\/api.w.org\/{rel}","templated":true}]}}