{"id":7194,"date":"2024-03-21T21:39:49","date_gmt":"2024-03-22T00:39:49","guid":{"rendered":"https:\/\/www.sportchaco.com.ar\/?p=7194"},"modified":"2024-03-21T21:40:35","modified_gmt":"2024-03-22T00:40:35","slug":"equi-y-javi-garcia-entre-los-convocados-de-boca","status":"publish","type":"post","link":"https:\/\/www.sportchaco.com.ar\/?p=7194","title":{"rendered":"Equi y Javi Garc\u00eda entre los convocados de Boca"},"content":{"rendered":"<h5>21-03-2024<\/h5>\n<h5 class=\"description\"><strong>Ezequiel Fern\u00e1ndez volver\u00e1 a la lista luego de superar su desgarro en el isquiotibial derecho, al igual que Javier Garc\u00eda. Tambi\u00e9n aparece Lautaro Di Lollo, reciente subcampe\u00f3n de la Libertadores Sub-20.<\/strong><\/h5>\n<div class=\"article-info\">\n<div class=\"article-info-left\">\n<div class=\"article-autor-info\">\n<div class=\"article-autor-name\"><\/div>\n<\/div>\n<\/div>\n<\/div>\n<figure class=\"rat16x9\"><\/figure>\n<p class=\"capital\"><strong>Boca present\u00f3 su lista de convocados\u00a0para el partido de este viernes frente a\u00a0Central Norte de Salta, por los 32avos de final de la\u00a0Copa Argentina, con la grata novedad del\u00a0regreso de Ezequiel Fern\u00e1ndez, el exquisito mediocampista surgido de las Inferiores que sufri\u00f3 un desgarro a principios de mes y volver\u00e1 a sumar minutos en el Madre de Ciudades de Santiago del Estero.<\/strong><\/p>\n<div class=\"watchto-wrap\">\n<div class=\"watchto\">\n<p><a class=\"imgwrap\" title=\"Boca vs. Sarmiento, por el Torneo de Reserva: hora, formaciones y d\u00f3nde ver en vivo\" href=\"https:\/\/www.tycsports.com\/boca-juniors\/boca-vs-sarmiento-torneo-de-reserva-hora-formaciones-donde-ver-en-vivo-id572524.html\"><picture><source srcset=\"https:\/\/media.tycsports.com\/files\/2024\/02\/07\/673547\/reserva-de-boca-_267x150.webp?v=1\" media=\"(min-width: 721px)\" \/><source srcset=\"https:\/\/media.tycsports.com\/files\/2024\/02\/07\/673547\/reserva-de-boca-_267x356.webp\" media=\"(max-width: 721px)\" \/><\/picture><\/a><\/p>\n<div class=\"watchto-text\"><\/div>\n<div class=\"watchto-btn-view\"><\/div>\n<\/div>\n<\/div>\n<p>Equi hab\u00eda tenido que hacerse estudios m\u00e9dicos en la antesala del duelo contra Belgrano, correspondiente a la octava fecha de la Copa de la Liga. Los an\u00e1lisis arrojaron que el volante con pasado en Tigre hab\u00eda padecido una lesi\u00f3n muscular en el isquiotibial izquierdo, que lo margin\u00f3 del resto de las jornadas del campeonato local. Sin embargo, luego de recuperarse definitivamente de aquella dolencia,\u00a0<b>el mediocampista se entren\u00f3 de manera \u00f3ptima y estar\u00e1 presente en el certamen m\u00e1s federal de pa\u00eds.<\/b><\/p>\n<p>Otro que volver\u00e1 a la nomina ser\u00e1<b>\u00a0Javier Garc\u00eda<\/b>, quien hab\u00eda reemplazado a Sergio Romero en el cl\u00e1sico contra Racing, pero sinti\u00f3 una molestia que lo oblig\u00f3 a abandonar el campo de juego. No obstante, todo indica que<b>\u00a0Leandro Brey,<\/b>\u00a0arquero de la Selecci\u00f3n Argentina Sub-20<b>, ser\u00e1 el titular<\/b>\u00a0de acuerdo a los equipos que par\u00f3 Diego Mart\u00ednez en la pr\u00e1ctica del jueves. Adem\u00e1s,<b>\u00a0regresar\u00e1n Juan Ram\u00edrez y Lucas Janson<\/b>, que perdieron terreno en la consideraci\u00f3n del entrenador,\u00a0<b>e ingresar\u00e1 Lautaro Di Lollo<\/b>, recientemente subcampe\u00f3n de la Libertadores<\/p>\n<figure class=\"w-100\"><img decoding=\"async\" title=\"Equi Fern\u00e1ndez\" src=\"https:\/\/media.tycsports.com\/files\/2024\/03\/08\/687861\/equi-fernandez_w416.webp\" srcset=\"https:\/\/media.tycsports.com\/files\/2024\/03\/08\/687861\/equi-fernandez_w416.webp 480w, https:\/\/media.tycsports.com\/files\/2024\/03\/08\/687861\/equi-fernandez_w862.webp 1080w\" alt=\"Equi Fern\u00e1ndez\" data-src=\"https:\/\/media.tycsports.com\/files\/2024\/03\/08\/687861\/equi-fernandez_w416.webp\" data-srcset=\"https:\/\/media.tycsports.com\/files\/2024\/03\/08\/687861\/equi-fernandez_w416.webp 480w, https:\/\/media.tycsports.com\/files\/2024\/03\/08\/687861\/equi-fernandez_w862.webp 1080w\" \/><figcaption>.<\/figcaption><\/figure>\n<p>Tampoco estar\u00e1n presentes aquellos futbolistas que participar\u00e1n de la Fecha FIFA con sus respectivas selecciones, como<b>\u00a0Luis Adv\u00edncula (Per\u00fa), Nicol\u00e1s Valentini (Argentina), Cristian Medina (Argentina Sub-23) y Norberto Briasco (Armenia).<\/b><\/p>\n<p>Llam\u00f3 la atenci\u00f3n la presencia de\u00a0<b>Jorman Campuzano<\/b>, porque hab\u00eda tenido que retirarse de la pr\u00e1ctica en Ezeiza con un cuadro febril. De todos modos, el cuerpo t\u00e9cnico consider\u00f3 que llegar\u00e1 bien al encuentro del s\u00e1bado a las 20:30 horas. Fuente TyC Sports<\/p>\n<p><img loading=\"lazy\" decoding=\"async\" class=\"alignnone size-full wp-image-7117\" src=\"https:\/\/www.sportchaco.com.ar\/wp-content\/uploads\/2024\/03\/300x250-gobierno-1.gif\" alt=\"\" width=\"300\" height=\"250\" \/><\/p>\n<h2>La lista de convocados de Boca vs. Central Norte, por la Copa Argentina<\/h2>\n<p><u>Arqueros:<\/u><\/p>\n<ul>\n<li>Leandro Brey<\/li>\n<li>Javier Garc\u00eda<\/li>\n<\/ul>\n<p><u>Defensores:<\/u><\/p>\n<ul>\n<li>Lucas Blondel<\/li>\n<li>Cristian Lema<\/li>\n<li>Aaron Anselmino<\/li>\n<li>Marcos Rojo<\/li>\n<li>Lautaro Di Lollo<\/li>\n<li>Lautaro Blanco<\/li>\n<li>Marcelo Saracchi<\/li>\n<li>Frank Fabra<\/li>\n<\/ul>\n<p><u>Mediocampistas:<\/u><\/p>\n<ul>\n<li>Juan Ram\u00edrez<\/li>\n<li>Jabes Saralegui<\/li>\n<li>Jorman Campuzano<\/li>\n<li>Ezequiel Fern\u00e1ndez<\/li>\n<li>Mauricio Ben\u00edtez<\/li>\n<li>Kevin Zen\u00f3n<\/li>\n<li>Vicente Taborda<\/li>\n<li>Ezequiel Bullaude<\/li>\n<\/ul>\n<p><u>Delanteros:<\/u><\/p>\n<ul>\n<li>Lucas Janson<\/li>\n<li>Luca Langoni<\/li>\n<li>Miguel Merentiel<\/li>\n<li>Dar\u00edo Benedetto<\/li>\n<li>Edinson Cavani<\/li>\n<li><img loading=\"lazy\" decoding=\"async\" class=\"alignnone size-medium wp-image-7139\" src=\"https:\/\/www.sportchaco.com.ar\/wp-content\/uploads\/2024\/03\/WhatsApp-Image-2024-03-20-at-12.38.52-300x300.jpeg\" alt=\"\" width=\"300\" height=\"300\" srcset=\"https:\/\/www.sportchaco.com.ar\/wp-content\/uploads\/2024\/03\/WhatsApp-Image-2024-03-20-at-12.38.52-300x300.jpeg 300w, https:\/\/www.sportchaco.com.ar\/wp-content\/uploads\/2024\/03\/WhatsApp-Image-2024-03-20-at-12.38.52-150x150.jpeg 150w, https:\/\/www.sportchaco.com.ar\/wp-content\/uploads\/2024\/03\/WhatsApp-Image-2024-03-20-at-12.38.52.jpeg 590w\" sizes=\"auto, (max-width: 300px) 100vw, 300px\" \/><\/li>\n<\/ul>\n<div class=\"watchto-wrap\">\n<div class=\"watchto\"><\/div>\n<\/div>\n","protected":false},"excerpt":{"rendered":"<p>21-03-2024 Ezequiel Fern\u00e1ndez volver\u00e1 a la lista luego de superar su desgarro en el isquiotibial derecho, al igual que Javier Garc\u00eda. Tambi\u00e9n aparece Lautaro Di Lollo, reciente subcampe\u00f3n de la Libertadores Sub-20. Boca present\u00f3 su lista de convocados\u00a0para el partido de este viernes frente a\u00a0Central Norte de Salta, por los 32avos de final de la\u00a0Copa &hellip;<\/p>\n","protected":false},"author":2,"featured_media":7196,"comment_status":"open","ping_status":"open","sticky":false,"template":"","format":"standard","meta":{"footnotes":""},"categories":[47],"tags":[],"class_list":["post-7194","post","type-post","status-publish","format-standard","has-post-thumbnail","hentry","category-nacionales"],"_links":{"self":[{"href":"https:\/\/www.sportchaco.com.ar\/index.php?rest_route=\/wp\/v2\/posts\/7194","targetHints":{"allow":["GET"]}}],"collection":[{"href":"https:\/\/www.sportchaco.com.ar\/index.php?rest_route=\/wp\/v2\/posts"}],"about":[{"href":"https:\/\/www.sportchaco.com.ar\/index.php?rest_route=\/wp\/v2\/types\/post"}],"author":[{"embeddable":true,"href":"https:\/\/www.sportchaco.com.ar\/index.php?rest_route=\/wp\/v2\/users\/2"}],"replies":[{"embeddable":true,"href":"https:\/\/www.sportchaco.com.ar\/index.php?rest_route=%2Fwp%2Fv2%2Fcomments&post=7194"}],"version-history":[{"count":3,"href":"https:\/\/www.sportchaco.com.ar\/index.php?rest_route=\/wp\/v2\/posts\/7194\/revisions"}],"predecessor-version":[{"id":7198,"href":"https:\/\/www.sportchaco.com.ar\/index.php?rest_route=\/wp\/v2\/posts\/7194\/revisions\/7198"}],"wp:featuredmedia":[{"embeddable":true,"href":"https:\/\/www.sportchaco.com.ar\/index.php?rest_route=\/wp\/v2\/media\/7196"}],"wp:attachment":[{"href":"https:\/\/www.sportchaco.com.ar\/index.php?rest_route=%2Fwp%2Fv2%2Fmedia&parent=7194"}],"wp:term":[{"taxonomy":"category","embeddable":true,"href":"https:\/\/www.sportchaco.com.ar\/index.php?rest_route=%2Fwp%2Fv2%2Fcategories&post=7194"},{"taxonomy":"post_tag","embeddable":true,"href":"https:\/\/www.sportchaco.com.ar\/index.php?rest_route=%2Fwp%2Fv2%2Ftags&post=7194"}],"curies":[{"name":"wp","href":"https:\/\/api.w.org\/{rel}","templated":true}]}}