{"id":7216,"date":"2024-03-23T00:01:46","date_gmt":"2024-03-23T03:01:46","guid":{"rendered":"https:\/\/www.sportchaco.com.ar\/?p=7216"},"modified":"2024-03-22T19:39:39","modified_gmt":"2024-03-22T22:39:39","slug":"efemerides-del-23-de-marzo","status":"publish","type":"post","link":"https:\/\/www.sportchaco.com.ar\/?p=7216","title":{"rendered":"Efem\u00e9rides del 23 de marzo"},"content":{"rendered":"<p><strong>Esta es la Efem\u00e9rides del Deporte en el Chaco de un 23 de marzo del periodista Luis Dar\u00edo Molodezky.<\/strong><\/p>\n<p><img loading=\"lazy\" decoding=\"async\" class=\"alignnone size-medium wp-image-7068\" src=\"https:\/\/www.sportchaco.com.ar\/wp-content\/uploads\/2024\/03\/Molodezky-luis-sin-anteojos1.jpg-1-231x300.jpeg\" alt=\"\" width=\"231\" height=\"300\" srcset=\"https:\/\/www.sportchaco.com.ar\/wp-content\/uploads\/2024\/03\/Molodezky-luis-sin-anteojos1.jpg-1-231x300.jpeg 231w, https:\/\/www.sportchaco.com.ar\/wp-content\/uploads\/2024\/03\/Molodezky-luis-sin-anteojos1.jpg-1.jpeg 432w\" sizes=\"auto, (max-width: 231px) 100vw, 231px\" \/><\/p>\n<p><strong>1969 <\/strong>\/ Se inicia en las actividades del Ciclismo el<\/p>\n<p>Club de Regatas Resistencia, participando de la primera competencia<\/p>\n<p>con el equipo conformado por M\u00e1ximo Torres, Faustino<\/p>\n<p>Dellamea, Marcelino Gauto y Carlos A. Gonz\u00e1lez, que lucen la<\/p>\n<p>camiseta roja y blanca. El 27 de julio del mismo a\u00f1o se incorpora el<\/p>\n<p>corredor Ferm\u00edn Hidalgo. La subcomisi\u00f3n de ciclismo estuvo integrada<\/p>\n<p>por Sol\u00f3n Beveraggi, Luis Puppo y Eduardo P\u00e9rez.<\/p>\n<p>&nbsp;<\/p>\n<p><strong>1973 <\/strong>\/ Inicia su per\u00edodo de 11 a\u00f1os al frente de<\/p>\n<p>Chaco For Ever el destacado dirigente Abraham Rabinovich. Aport\u00f3<\/p>\n<p>su entusiasmo juvenil y luego escal\u00f3 hasta la presidencia. Con<\/p>\n<p>un estilo muy particular, se gan\u00f3 el respeto de su gente y los adversarios.<\/p>\n<p>Muy respetado en la AFA. Se retir\u00f3 por propia decisi\u00f3n el 13<\/p>\n<p>de mayo de 1984.<\/p>\n<p>&nbsp;<\/p>\n<p><strong>1980 <\/strong>\/ En un accidente de tr\u00e1nsito fallece en S\u00e1enz<\/p>\n<p>Pe\u00f1a Ren\u00e9 Natalio <em>Pantera <\/em>Pereyra, boxeador en actividad y promesa<\/p>\n<p>de la actividad en la regi\u00f3n. Circulaba por la ruta 16 en bicicleta,<\/p>\n<p>cuando fue embestido por un auto, falleciendo en forma instant\u00e1nea.<\/p>\n<p><strong><em>\u00a0<\/em><\/strong><\/p>\n<p><strong>2007 <\/strong>\/ Se realiza un homenaje al cumplirse 50 a\u00f1os<\/p>\n<p>de trayectoria de una leyenda viviente del ciclismo nacional:<\/p>\n<p>Guillermo Pfeffer. La iniciativa fue de la familia y apoyada por el<\/p>\n<p>Club Ciclista Cosme Saavedra de Charata. Uno de sus logros m\u00e1s<\/p>\n<p>importantes fue el triunfo en el Sudamericano que se realiz\u00f3 en<\/p>\n<p>Quitilipi, en 1958, cuando era a\u00fan muy joven.<\/p>\n<p><img loading=\"lazy\" decoding=\"async\" class=\"wp-image-7217 aligncenter\" src=\"https:\/\/www.sportchaco.com.ar\/wp-content\/uploads\/2024\/03\/chaco-esta-300x29.gif\" alt=\"\" width=\"734\" height=\"71\" srcset=\"https:\/\/www.sportchaco.com.ar\/wp-content\/uploads\/2024\/03\/chaco-esta-300x29.gif 300w, https:\/\/www.sportchaco.com.ar\/wp-content\/uploads\/2024\/03\/chaco-esta-768x74.gif 768w\" sizes=\"auto, (max-width: 734px) 100vw, 734px\" \/><\/p>\n<h4><strong>En la foto de portada, al centro Faustino Dellamea con ram\u00f3n Torres y Ram\u00f3n Flores<\/strong><\/h4>\n","protected":false},"excerpt":{"rendered":"<p>Esta es la Efem\u00e9rides del Deporte en el Chaco de un 23 de marzo del periodista Luis Dar\u00edo Molodezky. 1969 \/ Se inicia en las actividades del Ciclismo el Club de Regatas Resistencia, participando de la primera competencia con el equipo conformado por M\u00e1ximo Torres, Faustino Dellamea, Marcelino Gauto y Carlos A. Gonz\u00e1lez, que lucen &hellip;<\/p>\n","protected":false},"author":2,"featured_media":7218,"comment_status":"open","ping_status":"open","sticky":false,"template":"","format":"standard","meta":{"footnotes":""},"categories":[45,33],"tags":[],"class_list":["post-7216","post","type-post","status-publish","format-standard","has-post-thumbnail","hentry","category-efemerides-dia-por-dia","category-marzo"],"_links":{"self":[{"href":"https:\/\/www.sportchaco.com.ar\/index.php?rest_route=\/wp\/v2\/posts\/7216","targetHints":{"allow":["GET"]}}],"collection":[{"href":"https:\/\/www.sportchaco.com.ar\/index.php?rest_route=\/wp\/v2\/posts"}],"about":[{"href":"https:\/\/www.sportchaco.com.ar\/index.php?rest_route=\/wp\/v2\/types\/post"}],"author":[{"embeddable":true,"href":"https:\/\/www.sportchaco.com.ar\/index.php?rest_route=\/wp\/v2\/users\/2"}],"replies":[{"embeddable":true,"href":"https:\/\/www.sportchaco.com.ar\/index.php?rest_route=%2Fwp%2Fv2%2Fcomments&post=7216"}],"version-history":[{"count":3,"href":"https:\/\/www.sportchaco.com.ar\/index.php?rest_route=\/wp\/v2\/posts\/7216\/revisions"}],"predecessor-version":[{"id":7220,"href":"https:\/\/www.sportchaco.com.ar\/index.php?rest_route=\/wp\/v2\/posts\/7216\/revisions\/7220"}],"wp:featuredmedia":[{"embeddable":true,"href":"https:\/\/www.sportchaco.com.ar\/index.php?rest_route=\/wp\/v2\/media\/7218"}],"wp:attachment":[{"href":"https:\/\/www.sportchaco.com.ar\/index.php?rest_route=%2Fwp%2Fv2%2Fmedia&parent=7216"}],"wp:term":[{"taxonomy":"category","embeddable":true,"href":"https:\/\/www.sportchaco.com.ar\/index.php?rest_route=%2Fwp%2Fv2%2Fcategories&post=7216"},{"taxonomy":"post_tag","embeddable":true,"href":"https:\/\/www.sportchaco.com.ar\/index.php?rest_route=%2Fwp%2Fv2%2Ftags&post=7216"}],"curies":[{"name":"wp","href":"https:\/\/api.w.org\/{rel}","templated":true}]}}