{"id":7278,"date":"2024-03-24T16:40:29","date_gmt":"2024-03-24T19:40:29","guid":{"rendered":"https:\/\/www.sportchaco.com.ar\/?p=7278"},"modified":"2024-03-24T19:42:28","modified_gmt":"2024-03-24T22:42:28","slug":"ezequiel-allende-con-doble-objetivo-reencontrarse-y-en-el-cam","status":"publish","type":"post","link":"https:\/\/www.sportchaco.com.ar\/?p=7278","title":{"rendered":"Ezequiel Allende con doble objetivo: reencontrarse y en el CAM"},"content":{"rendered":"<p><strong>24-03-2024<\/strong><\/p>\n<p><img loading=\"lazy\" decoding=\"async\" class=\" wp-image-7249 aligncenter\" src=\"https:\/\/www.sportchaco.com.ar\/wp-content\/uploads\/2024\/03\/aviso-Impulsamos-turismo-1-300x31.jpg\" alt=\"\" width=\"348\" height=\"36\" srcset=\"https:\/\/www.sportchaco.com.ar\/wp-content\/uploads\/2024\/03\/aviso-Impulsamos-turismo-1-300x31.jpg 300w, https:\/\/www.sportchaco.com.ar\/wp-content\/uploads\/2024\/03\/aviso-Impulsamos-turismo-1-1024x106.jpg 1024w, https:\/\/www.sportchaco.com.ar\/wp-content\/uploads\/2024\/03\/aviso-Impulsamos-turismo-1-768x79.jpg 768w, https:\/\/www.sportchaco.com.ar\/wp-content\/uploads\/2024\/03\/aviso-Impulsamos-turismo-1.jpg 1366w\" sizes=\"auto, (max-width: 348px) 100vw, 348px\" \/><\/p>\n<p>Ezequiel Allende, piloto de Pampa del Infierno y campe\u00f3n argentino de 250 y subcampe\u00f3n de 300 en la pista, correr\u00e1 la temporada 2024 en el Certamen Argentino de Motociclismo (CAM) en la Divisi\u00f3n 450 cc Internacional.<\/p>\n<p><strong>TIEMPOS DE CAMBIO<\/strong><br \/>\nLos cambios a veces son necesarios y a veces son obligatorios. Las opciones pueden ser varias, pero dejar de correr nunca estuvo entre las posibilidades. Hay deportes que se llevan muy adentro y esas posibilidades de reinventarse son las que le dan a uno el reencontrarse.<\/p>\n<p>Ezequiel Allende es uno de esos que en un a\u00f1o calendario las situaciones lo pusieron de un lado a otro y finalmente de ese otro lado termin\u00f3 siendo el objetivo 2024: correr en el Certamen Argentino de Motociclismo en la Categor\u00eda 450 cc Internacional.<\/p>\n<p>Equipo propio, moto propia, esfuerzo personal y familiar y la inmediatez de la primera fecha en Centeno ayer y hoy.<\/p>\n<p>El piloto de Pampa del Infierno tuvo su regreso en 2023 y la variante que se inici\u00f3 en la pista en el SBK Brasil, termin\u00f3 en los \u00f3valos santafesinos. No import\u00f3 mucho que de los aplausos brasile\u00f1os se pasara al buscarlos en tierras locales.<\/p>\n<p><strong>El CAM la opci\u00f3n 2024<\/strong><br \/>\nLo importante fue reencontrarse y a la primera de cambio, el a\u00f1o lo tendr\u00e1 en el CAM a sabiendas que todo es diferente, que todo es aprendizaje y que todo pasa por algo. Para Eze la esencia de correr no var\u00eda y si alguna vez estuvo adelante eso no se pierde, se sigue buscando.<\/p>\n<p><em><strong>Fuente: Jorge Piccolo<\/strong><\/em><\/p>\n<p><img loading=\"lazy\" decoding=\"async\" class=\"size-full wp-image-7111 aligncenter\" src=\"https:\/\/www.sportchaco.com.ar\/wp-content\/uploads\/2024\/03\/300x250-gobierno.gif\" alt=\"\" width=\"300\" height=\"250\" \/><\/p>\n","protected":false},"excerpt":{"rendered":"<p>24-03-2024 Ezequiel Allende, piloto de Pampa del Infierno y campe\u00f3n argentino de 250 y subcampe\u00f3n de 300 en la pista, correr\u00e1 la temporada 2024 en el Certamen Argentino de Motociclismo (CAM) en la Divisi\u00f3n 450 cc Internacional. TIEMPOS DE CAMBIO Los cambios a veces son necesarios y a veces son obligatorios. Las opciones pueden ser &hellip;<\/p>\n","protected":false},"author":3,"featured_media":7288,"comment_status":"open","ping_status":"open","sticky":false,"template":"","format":"standard","meta":{"footnotes":""},"categories":[59],"tags":[],"class_list":["post-7278","post","type-post","status-publish","format-standard","has-post-thumbnail","hentry","category-motociclismo"],"_links":{"self":[{"href":"https:\/\/www.sportchaco.com.ar\/index.php?rest_route=\/wp\/v2\/posts\/7278","targetHints":{"allow":["GET"]}}],"collection":[{"href":"https:\/\/www.sportchaco.com.ar\/index.php?rest_route=\/wp\/v2\/posts"}],"about":[{"href":"https:\/\/www.sportchaco.com.ar\/index.php?rest_route=\/wp\/v2\/types\/post"}],"author":[{"embeddable":true,"href":"https:\/\/www.sportchaco.com.ar\/index.php?rest_route=\/wp\/v2\/users\/3"}],"replies":[{"embeddable":true,"href":"https:\/\/www.sportchaco.com.ar\/index.php?rest_route=%2Fwp%2Fv2%2Fcomments&post=7278"}],"version-history":[{"count":2,"href":"https:\/\/www.sportchaco.com.ar\/index.php?rest_route=\/wp\/v2\/posts\/7278\/revisions"}],"predecessor-version":[{"id":7758,"href":"https:\/\/www.sportchaco.com.ar\/index.php?rest_route=\/wp\/v2\/posts\/7278\/revisions\/7758"}],"wp:featuredmedia":[{"embeddable":true,"href":"https:\/\/www.sportchaco.com.ar\/index.php?rest_route=\/wp\/v2\/media\/7288"}],"wp:attachment":[{"href":"https:\/\/www.sportchaco.com.ar\/index.php?rest_route=%2Fwp%2Fv2%2Fmedia&parent=7278"}],"wp:term":[{"taxonomy":"category","embeddable":true,"href":"https:\/\/www.sportchaco.com.ar\/index.php?rest_route=%2Fwp%2Fv2%2Fcategories&post=7278"},{"taxonomy":"post_tag","embeddable":true,"href":"https:\/\/www.sportchaco.com.ar\/index.php?rest_route=%2Fwp%2Fv2%2Ftags&post=7278"}],"curies":[{"name":"wp","href":"https:\/\/api.w.org\/{rel}","templated":true}]}}