{"id":7312,"date":"2024-03-25T10:30:32","date_gmt":"2024-03-25T13:30:32","guid":{"rendered":"https:\/\/www.sportchaco.com.ar\/?p=7312"},"modified":"2024-03-25T12:48:51","modified_gmt":"2024-03-25T15:48:51","slug":"zonal-cerro-el-2023-con-salas-zacarias-y-belich-campeones","status":"publish","type":"post","link":"https:\/\/www.sportchaco.com.ar\/?p=7312","title":{"rendered":"Zonal: Cerr\u00f3 el 2023 con Salas, zacar\u00edas y Belich campeones"},"content":{"rendered":"<header>\n<div><time>25 de Marzo, 2024<\/time><\/div>\n<div><\/div>\n<div>\n<h1>Daniel Salas (Clase A), Pablo Zacar\u00edas (Clase B) y Walter Belich (TC Chaque\u00f1o) los campeones del zonal 2023<\/h1>\n<div>\n<p>La doble fecha present\u00f3 complicaciones en Villa \u00c1ngela, con un circuito que no estuvo en sus mejores condiciones.<\/p>\n<\/div>\n<div class=\"meta\"><\/div>\n<\/div>\n<\/header>\n<section class=\"body\">\n<section class=\"content\">\n<div class=\"main-text\">\n<div class=\"social\">\n<div class=\"share\"><\/div>\n<\/div>\n<p>&nbsp;<\/p>\n<p>Finalmente el Zonal de Automovilismo 2023 pudo definirse en un fin de semana con complicaciones en el circuito \u00abJos\u00e9 Froil\u00e1n Gonz\u00e1lez\u00bb. Al cabo de las seis fechas puntables se consagraron Daniel Salas (Clase A), Pablo Zacar\u00edas (Clase B) y Walter Belich (TC Chaque\u00f1o). En la ma\u00f1ana del domingo, y luego de un arduo trabajo del personal de Vialidad Provincial, se pudieron correr las tres finales que hab\u00edan sido suspendidas el s\u00e1bado por el mal estado del trazado.<\/p>\n<div class=\" large m_image\">\n<figure><picture><source srcset=\"https:\/\/www.diarionorte.com\/content\/bucket\/6\/357496w750h444c.jpg.webp\" type=\"image\/webp\" media=\"(min-width: 640px)\" \/><source srcset=\"https:\/\/www.diarionorte.com\/content\/bucket\/6\/357496w440h261c.jpg.webp\" type=\"image\/webp\" media=\"(min-width: 300px)\" \/><source srcset=\"https:\/\/www.diarionorte.com\/content\/bucket\/6\/357496w750h444c.jpg\" media=\"(min-width: 300px)\" \/><img loading=\"lazy\" decoding=\"async\" class=\"pic\" src=\"https:\/\/www.diarionorte.com\/content\/bucket\/6\/357496w750h444c.jpg.webp\" alt=\"\" width=\"750\" height=\"444\" \/><\/picture><figcaption>Daniel Salas (Clase 1), Pablo Zacar\u00edas (Clase 2) y Walter Belich (TC Chaque\u00f1o) fueron coronados campeones de la temporada 2023 del Zonal de Automovilismo.<\/figcaption><\/figure>\n<\/div>\n<p>En la Clase \u00abA\u00bb, Daniel Salas ratific\u00f3 su predominio al ganar de punta a punta y cerrar una temporada perfecta, con un Fiat imbatible, escoltado por Cristian Madzarevich y Rub\u00e9n Kloster. El TC Chaque\u00f1o mostr\u00f3 una pobre imagen con solo dos autos que terminaron en pista, con Nelson Frontalini paseando adelante y m\u00e1s atr\u00e1s H\u00e9ctor Capitanich; y la Clase 2 volvi\u00f3 a ser lo mejor, con una pelea pareja que termin\u00f3 con triunfo de Roly L\u00f3pez, seguido por Sebasti\u00e1n Mir\u00f3n y Rolando Conrradi, y cuarto Pablo Zacar\u00edas, sumando los puntos necesarios para el t\u00edtulo.<\/p>\n<p>&nbsp;<\/p>\n<p><img loading=\"lazy\" decoding=\"async\" class=\"alignnone size-medium wp-image-7313\" src=\"https:\/\/www.sportchaco.com.ar\/wp-content\/uploads\/2024\/03\/940x90-1-300x29.gif\" alt=\"\" width=\"300\" height=\"29\" srcset=\"https:\/\/www.sportchaco.com.ar\/wp-content\/uploads\/2024\/03\/940x90-1-300x29.gif 300w, https:\/\/www.sportchaco.com.ar\/wp-content\/uploads\/2024\/03\/940x90-1-768x74.gif 768w\" sizes=\"auto, (max-width: 300px) 100vw, 300px\" \/><img loading=\"lazy\" decoding=\"async\" class=\"alignnone size-medium wp-image-7314\" src=\"https:\/\/www.sportchaco.com.ar\/wp-content\/uploads\/2024\/03\/940x90-1-1-300x29.gif\" alt=\"\" width=\"300\" height=\"29\" srcset=\"https:\/\/www.sportchaco.com.ar\/wp-content\/uploads\/2024\/03\/940x90-1-1-300x29.gif 300w, https:\/\/www.sportchaco.com.ar\/wp-content\/uploads\/2024\/03\/940x90-1-1-768x74.gif 768w\" sizes=\"auto, (max-width: 300px) 100vw, 300px\" \/><\/p>\n<h2>SALAS Y FRONTALINI, EN LA PRIMERA FECHA<\/h2>\n<p>El inicio del campeonato \u00ab60\u00ba Aniversario de Loter\u00eda Chaque\u00f1a\u00bb tuvo solo dos finales, teniendo en cuenta que los pilotos de la Clase 2 se plantaron al cabo de un par de giros y resolvieron no seguir corriendo tras un accidente producido como consecuencia de la tierra que se levantaba en el circuito, y se la podr\u00e1 cumplir cuando se dispute la segunda fecha en S\u00e1enz Pe\u00f1a. En la Clase 1, Daniel Salas volvi\u00f3 a mandar a voluntad, en este caso con el Gordini de Flavio Melgratti y Coqui Kloster escolt\u00e1ndolo en el podio; y el TC Chaque\u00f1o volvi\u00f3 a tener el dominio de Nelson Frontalini, con C\u00e9sar \u00abBananita\u00bb Ben\u00edtez y H\u00e9ctor Capitanich tras \u00e9l, los \u00fanicos que completaron la totalidad de los giros.<\/p>\n<h2>FINALES TEMPORADA 2023<\/h2>\n<p>-Clase 1 (12 vueltas)<\/p>\n<p>1\u00b0) (1) Daniel Salas (Charata) &#8211; 14:35.760<\/p>\n<p>2\u00b0) (71) Cristian Madzarevich (Campo Largo) &#8211; a 5.774<\/p>\n<p>3\u00b0) (136) Rub\u00e9n Kloster (Castelli) &#8211; a 15.710<\/p>\n<p>-Clase 2 (14 vueltas)<\/p>\n<p>1\u00b0) (161) Roly L\u00f3pez (Charata) &#8211; 18:49.006<\/p>\n<p>2\u00b0) (3) Sebasti\u00e1n Mir\u00f3n (S\u00e1enz Pe\u00f1a) &#8211; a 0.366<\/p>\n<p>3\u00b0) (82) Rolando Conrradi (Charata) &#8211; a 0.862<\/p>\n<p>-TC Chaque\u00f1o (12 vueltas)<\/p>\n<p>1\u00b0) (34) Nelson Frontalini (Charata) &#8211; 1:06.699<\/p>\n<p>2\u00b0) (7) H\u00e9ctor Capitanich (La Montenegrina) &#8211; a 1.641<\/p>\n<p>&nbsp;<\/p>\n<h2>PRIMERA FECHA TEMPORADA 2024<\/h2>\n<p>-Clase 1 (12 vueltas)<\/p>\n<p>1\u00b0) (1) Daniel Salas (Charata) &#8211; 14:29.675<\/p>\n<p>2\u00b0) (69) Flavio Melgratti (Campo Largo) &#8211; a 1.277<\/p>\n<p>3\u00b0) (136) Rub\u00e9n Kloster (Castelli) &#8211; a 1.720<\/p>\n<p>-Clase 2: Interrumpida en el segundo giro. Se disputar\u00e1 en ocasi\u00f3n de correrse la segunda fecha del campeonato<\/p>\n<p>-TC Chaque\u00f1o (12 vueltas)<\/p>\n<p>1\u00b0) (34) Nelson Frontalini (Charata) &#8211; 13:33.308<\/p>\n<p>2\u00b0) (8) Julio C. Ben\u00edtez (Corrientes) &#8211; a 5.749<\/p>\n<p>3\u00b0) (7) H\u00e9ctor Capitanich (La Montenegrina) &#8211; a 1:09.239<\/p>\n<p>Fuente Diario Norte: VILLA \u00c1NGELA (Especial de Agencia S\u00c1ENZ PE\u00d1A).<\/p>\n<\/div>\n<\/section>\n<\/section>\n","protected":false},"excerpt":{"rendered":"<p>25 de Marzo, 2024 Daniel Salas (Clase A), Pablo Zacar\u00edas (Clase B) y Walter Belich (TC Chaque\u00f1o) los campeones del zonal 2023 La doble fecha present\u00f3 complicaciones en Villa \u00c1ngela, con un circuito que no estuvo en sus mejores condiciones. &nbsp; Finalmente el Zonal de Automovilismo 2023 pudo definirse en un fin de semana con &hellip;<\/p>\n","protected":false},"author":2,"featured_media":7315,"comment_status":"open","ping_status":"open","sticky":false,"template":"","format":"standard","meta":{"footnotes":""},"categories":[2],"tags":[],"class_list":["post-7312","post","type-post","status-publish","format-standard","has-post-thumbnail","hentry","category-automovilismo"],"_links":{"self":[{"href":"https:\/\/www.sportchaco.com.ar\/index.php?rest_route=\/wp\/v2\/posts\/7312","targetHints":{"allow":["GET"]}}],"collection":[{"href":"https:\/\/www.sportchaco.com.ar\/index.php?rest_route=\/wp\/v2\/posts"}],"about":[{"href":"https:\/\/www.sportchaco.com.ar\/index.php?rest_route=\/wp\/v2\/types\/post"}],"author":[{"embeddable":true,"href":"https:\/\/www.sportchaco.com.ar\/index.php?rest_route=\/wp\/v2\/users\/2"}],"replies":[{"embeddable":true,"href":"https:\/\/www.sportchaco.com.ar\/index.php?rest_route=%2Fwp%2Fv2%2Fcomments&post=7312"}],"version-history":[{"count":3,"href":"https:\/\/www.sportchaco.com.ar\/index.php?rest_route=\/wp\/v2\/posts\/7312\/revisions"}],"predecessor-version":[{"id":7319,"href":"https:\/\/www.sportchaco.com.ar\/index.php?rest_route=\/wp\/v2\/posts\/7312\/revisions\/7319"}],"wp:featuredmedia":[{"embeddable":true,"href":"https:\/\/www.sportchaco.com.ar\/index.php?rest_route=\/wp\/v2\/media\/7315"}],"wp:attachment":[{"href":"https:\/\/www.sportchaco.com.ar\/index.php?rest_route=%2Fwp%2Fv2%2Fmedia&parent=7312"}],"wp:term":[{"taxonomy":"category","embeddable":true,"href":"https:\/\/www.sportchaco.com.ar\/index.php?rest_route=%2Fwp%2Fv2%2Fcategories&post=7312"},{"taxonomy":"post_tag","embeddable":true,"href":"https:\/\/www.sportchaco.com.ar\/index.php?rest_route=%2Fwp%2Fv2%2Ftags&post=7312"}],"curies":[{"name":"wp","href":"https:\/\/api.w.org\/{rel}","templated":true}]}}