{"id":7321,"date":"2024-03-25T22:12:56","date_gmt":"2024-03-26T01:12:56","guid":{"rendered":"https:\/\/www.sportchaco.com.ar\/?p=7321"},"modified":"2024-03-25T22:12:56","modified_gmt":"2024-03-26T01:12:56","slug":"se-viene-la-rotacion-de-scaloni","status":"publish","type":"post","link":"https:\/\/www.sportchaco.com.ar\/?p=7321","title":{"rendered":"Se viene la rotaci\u00f3n de Scaloni"},"content":{"rendered":"<h1><span style=\"font-size: 16px; font-weight: 400;\">25\/03\/2024<\/span><\/h1>\n<h2 class=\"article-deck\">El partido de Argentina- Costa Rica tendr\u00e1 lugar en el Memorial Stadium de Los \u00c1ngeles, desde las 23.50 del martes.<\/h2>\n<p>&nbsp;<\/p>\n<p>La Selecci\u00f3n argentina enfrentar\u00e1 a su par de Costa Rica\u00a0este martes en el marco del\u00a0\u00faltimo partido amistoso de la gira\u00a0de los campeones del mundo por los Estados Unidos, que inici\u00f3 con\u00a0<span style=\"color: #000000;\"><a style=\"color: #000000;\" href=\"https:\/\/noticiasargentinas.com\/deportes\/argentina-goleo-a-el-salvador-en-su-estreno-de-temporada-en-estados-unidos_a65fe175065ba9347c9da4e89\">la victoria ante El Salvador<\/a>.\u00a0<\/span><\/p>\n<p>El encuentro se disputar\u00e1 en el\u00a0Memorial Coliseum de Los \u00c1ngeles, desde las\u00a023.50 de la Argentina, y ser\u00e1 transmitido por la se\u00f1al deportiva\u00a0<i>TyC Sports<\/i>\u00a0y por la\u00a0<i>Televisi\u00f3n P\u00fablica<\/i>. Por su parte,\u00a0el \u00e1rbitro a\u00fan no est\u00e1 confirmado.<\/p>\n<p><strong>HABLO SCALONI<\/strong><\/p>\n<p class=\"description\">El entrenador de la Selecci\u00f3n Argentina habl\u00f3 en conferencia de prensa y confirm\u00f3 su intenci\u00f3n de rotar con respecto al elenco que viene de golear a El Salvador en Philadelphia.<\/p>\n<div class=\"article-info\">\n<div class=\"article-info-left\">\n<div class=\"article-autor-info\">\n<div class=\"article-autor-name\"><\/div>\n<\/div>\n<\/div>\n<\/div>\n<figure class=\"rat16x9\"><img decoding=\"async\" title=\"Lionel Scaloni\" src=\"https:\/\/media.tycsports.com\/files\/2024\/03\/25\/695146\/lionel-scaloni_416x234.webp?v=1\" srcset=\"https:\/\/media.tycsports.com\/files\/2024\/03\/25\/695146\/lionel-scaloni_416x234.webp?v=1 480w ,https:\/\/media.tycsports.com\/files\/2024\/03\/25\/695146\/lionel-scaloni_862x485.webp?v=1 1080w \" alt=\"Lionel Scaloni\" \/><figcaption>Lionel Scaloni, en la conferencia de prensa previa al duelo con Costa Rica. (Omar Vega\/Getty Images)<\/figcaption><\/figure>\n<p class=\"capital\"><span style=\"color: #000000;\">Lionel Scaloni\u00a0habl\u00f3 en la conferencia de prensa previa al enfrentamiento de la\u00a0Selecci\u00f3n Argentina\u00a0con\u00a0Costa Rica\u00a0y confirm\u00f3\u00a0su intenci\u00f3n de rotar con respecto al elenco que viene de golear a El Salvador\u00a0en Philadelphia.<\/span><\/p>\n<div class=\"watchto-wrap\">\n<div class=\"watchto\"><\/div>\n<\/div>\n<p><span style=\"color: #000000;\">El mandam\u00e1s del combinado nacional asegur\u00f3 que el once inicial que saltar\u00e1n al terreno de juego del Memorial Coliseum de Los Angeles tendr\u00e1 entre cinco y seis variantes con respecto al que viene de ganar 3-0 sobre el elenco salvadore\u00f1o\u00a0\u00a0<i>\u00abLa idea es hacer cambios. Vamos a hacer cinco o seis cambios\u00bb<\/i>.<\/span><\/p>\n<p><span style=\"color: #000000;\">A su vez,\u00a0el oriundo de Pujato confes\u00f3 su deseo de que Walter Ben\u00edtez tenga su estreno en el arco de la Selecci\u00f3n Argentina\u00a0luego de ser convocado en m\u00faltiples oportunidades y estar atravesando un gran momento en el arco del PSV Eindhoven.\u00a0<i>\u00abNo tengo todav\u00eda decidido si Walter (Ben\u00edtez) empieza del inicio o despu\u00e9s pero me gustar\u00eda darle la oportunidad. Pero todav\u00eda no les dije el equipo a ellos y la idea es hacer unos cambios\u00bb<\/i>.\u00a0\u00a0<\/span><\/p>\n<p><span style=\"color: #000000;\">Sumado al potencial cambio en la porter\u00eda, en la defensa se dar\u00eda el\u00a0regreso de Nicol\u00e1s Otamendi\u00a0\u00a0en la zaga central y de esta manera alcanzar una<a style=\"color: #000000;\" href=\"https:\/\/www.tycsports.com\/seleccion-argentina\/la-marca-historica-que-buscara-alcanzar-nicolas-otamendi-en-la-gira-con-la-seleccion-argentina-id572112.html\" target=\"_blank\" rel=\"noopener\">\u00a0racha hist\u00f3rica meti\u00e9ndose\u00a0entre los cinco jugadores con m\u00e1s presencias del combinado nacional<\/a>. Por otro lado, en el lateral derecho jugar\u00eda\u00a0Nahuel Molina, en la mitad de la cancha\u00a0reingresar\u00eda Alexis Mac Allister y por \u00faltimo Juli\u00e1n \u00c1lvarez, que intentar\u00e1 romper la mala racha goleadora que acarrea desde la semifinal del Mundial de Qatar 2022. TyC Sports<\/span><\/p>\n<header class=\"article-header\" data-tadevel-template=\"web\/article-header\">\n<h1 class=\"article-title\"><\/h1>\n<div class=\"author article-author\">\n<div class=\"textwrap\">\n<div class=\"bio\"><\/div>\n<\/div>\n<\/div>\n<\/header>\n<div class=\"columns\" data-tadevel-template=\"web\/article-columns\">\n<div class=\"column-main\">\n<h4 class=\"multimedia\" data-type=\"photo\" data-tadevel-template=\"web\/multimedia\">El partido frente a Costa Rica<\/h4>\n<div class=\"article-body\" data-tadevel-template=\"web\/article-body\">\n<div class=\"article-body-content\">\n<p>&nbsp;<\/p>\n<p>La \u201cAlbiceleste\u201d de Lionel Scaloni viene de\u00a0ganarle, c\u00f3modamente, 3-0 a El Salvador el pasado viernes\u00a0en la ciudad norteamericana de Filadelfia. Con\u00a0goles de Cristi\u00e1n \u201cCuti\u201d Romero, Enzo Fern\u00e1ndez y Giovani Lo Celso, el equipo argentino sorte\u00f3,\u00a0sin la presencia del capit\u00e1n Lionel Messi, a los centroamericanos\u00a0que no presentaron mucha resistencia ante los campeones del mundo.<\/p>\n<p>Para este encuentro ante Costa Rica, el director t\u00e9cnico planea hacer cuatro variantes:\u00a0Nahuel Molina, Nicol\u00e1s Otamendi, Alexis Mac Allister y Juli\u00e1n \u00c1lvarez\u00a0que reemplazar\u00e1n a Nehuen P\u00e9rez, Leandro Paredes, \u00c1ngel Di Mar\u00eda y Lautaro Mart\u00ednez.<\/p>\n<p>Con este ingreso de Otamendi, el entrenador oriundo de Pujato pondr\u00e1 a\u00a0Romero y el de Benfica componiendo la zaga central mientras que Nicol\u00e1s Tagliafico pasar\u00e1 a ocupar su puesto natural, el de lateral izquierdo, reemplazando a\u00a0Nicol\u00e1s Gonz\u00e1lez que subir\u00eda al frente de ataque para acompa\u00f1ar a \u00c1lvarez\u00a0en un marcado 4-4-2.<\/p>\n<p>Adem\u00e1s, Scaloni mantiene una duda en el arco ya que\u00a0podr\u00eda darse el debut del arquero del PSV Eindhoven neerland\u00e9s, Walter Ben\u00edtez.\u00a0El ex portero de Quilmes podr\u00eda llegar a\u00a0ocupar el lugar de Emiliano \u201cDibu\u201d Mart\u00ednez que ser\u00eda preservado por el cuerpo t\u00e9cnico argentino.<\/p>\n<p>Por su parte,\u00a0la selecci\u00f3n costarricense viene de vencer 3-1 a\u00a0Honduras el pasado s\u00e1bado en Texas, por el duelo correspondiente a los Playoffs de la\u00a0Liga de Naciones de la CONCACAF, resultado que le permiti\u00f3 clasificarse para la Copa Am\u00e9rica de Estados Unidos.<\/p>\n<p>Para este amistoso ante los campeones del mundo,\u00a0el entrenador argentino de los \u201cTicos\u201d, Gustavo Alfaro, podr\u00eda llegar a repetir el once\u00a0con el que venci\u00f3 a su par hondure\u00f1o en el Toyota Stadium.<\/p>\n<h3>Estas son las probables formaciones y otros detalles del encuentro<\/h3>\n<p>&nbsp;<\/p>\n<p><strong><img loading=\"lazy\" decoding=\"async\" class=\"alignnone size-full wp-image-7111\" src=\"https:\/\/www.sportchaco.com.ar\/wp-content\/uploads\/2024\/03\/300x250-gobierno.gif\" alt=\"\" width=\"300\" height=\"250\" \/><\/strong><\/p>\n<p><strong>Amistoso internacional\u00a0<\/strong><\/p>\n<p><strong>Estadio:\u00a0<\/strong>Memorial Coliseum, Los \u00c1ngeles, Estados Unidos<\/p>\n<p><strong>\u00c1rbitro:\u00a0<\/strong>a confirmar.<\/p>\n<p><strong>Horario:\u00a0<\/strong>23.50\u00a0\u00a0\u00a0\u00a0\u00a0\u00a0<strong>\u00a0TV:\u00a0<\/strong>TyC Sports \/ TV P\u00fablica.<\/p>\n<p><strong>Selecci\u00f3n argentina:\u00a0<\/strong>Emiliano\u00a0Mart\u00ednez\u00a0o Walter\u00a0Ben\u00edtez; Nahuel\u00a0Molina, Cristian\u00a0Romero,\u00a0Nicol\u00e1s\u00a0Otamendi,\u00a0Nicol\u00e1s\u00a0Tagliafico; Rodrigo\u00a0De Paul, Enzo\u00a0Fern\u00e1ndez, Alexis\u00a0Mac Allister, Giovani\u00a0Lo Celso; Nicol\u00e1s\u00a0Gonz\u00e1lez\u00a0y Juli\u00e1n\u00a0\u00c1lvarez.\u00a0DT: Lionel\u00a0Scaloni.<\/p>\n<p><strong>Selecci\u00f3n de Costa Rica: <\/strong>Keylor Navas; Gerald Taylor, Julio Cascante, Pablo Arboine, Francisco Calvo, Joseph Mora; Warren Madrigal, Orlando Galo, Jefferson Brenes, \u00c1lvaro Zamora; Manfred Ugalde. DT: Gustavo Alfaro.<\/p>\n<\/div>\n<\/div>\n<h4>Foto portada: El arquero Walter Ben\u00edtez, chaque\u00f1o, debutar\u00eda hoy en la Selecci\u00f3n Argentina<\/h4>\n<\/div>\n<\/div>\n<p>&nbsp;<\/p>\n","protected":false},"excerpt":{"rendered":"<p>25\/03\/2024 El partido de Argentina- Costa Rica tendr\u00e1 lugar en el Memorial Stadium de Los \u00c1ngeles, desde las 23.50 del martes. &nbsp; La Selecci\u00f3n argentina enfrentar\u00e1 a su par de Costa Rica\u00a0este martes en el marco del\u00a0\u00faltimo partido amistoso de la gira\u00a0de los campeones del mundo por los Estados Unidos, que inici\u00f3 con\u00a0la victoria ante &hellip;<\/p>\n","protected":false},"author":2,"featured_media":7322,"comment_status":"open","ping_status":"open","sticky":false,"template":"","format":"standard","meta":{"footnotes":""},"categories":[5],"tags":[],"class_list":["post-7321","post","type-post","status-publish","format-standard","has-post-thumbnail","hentry","category-futbol"],"_links":{"self":[{"href":"https:\/\/www.sportchaco.com.ar\/index.php?rest_route=\/wp\/v2\/posts\/7321","targetHints":{"allow":["GET"]}}],"collection":[{"href":"https:\/\/www.sportchaco.com.ar\/index.php?rest_route=\/wp\/v2\/posts"}],"about":[{"href":"https:\/\/www.sportchaco.com.ar\/index.php?rest_route=\/wp\/v2\/types\/post"}],"author":[{"embeddable":true,"href":"https:\/\/www.sportchaco.com.ar\/index.php?rest_route=\/wp\/v2\/users\/2"}],"replies":[{"embeddable":true,"href":"https:\/\/www.sportchaco.com.ar\/index.php?rest_route=%2Fwp%2Fv2%2Fcomments&post=7321"}],"version-history":[{"count":1,"href":"https:\/\/www.sportchaco.com.ar\/index.php?rest_route=\/wp\/v2\/posts\/7321\/revisions"}],"predecessor-version":[{"id":7323,"href":"https:\/\/www.sportchaco.com.ar\/index.php?rest_route=\/wp\/v2\/posts\/7321\/revisions\/7323"}],"wp:featuredmedia":[{"embeddable":true,"href":"https:\/\/www.sportchaco.com.ar\/index.php?rest_route=\/wp\/v2\/media\/7322"}],"wp:attachment":[{"href":"https:\/\/www.sportchaco.com.ar\/index.php?rest_route=%2Fwp%2Fv2%2Fmedia&parent=7321"}],"wp:term":[{"taxonomy":"category","embeddable":true,"href":"https:\/\/www.sportchaco.com.ar\/index.php?rest_route=%2Fwp%2Fv2%2Fcategories&post=7321"},{"taxonomy":"post_tag","embeddable":true,"href":"https:\/\/www.sportchaco.com.ar\/index.php?rest_route=%2Fwp%2Fv2%2Ftags&post=7321"}],"curies":[{"name":"wp","href":"https:\/\/api.w.org\/{rel}","templated":true}]}}