{"id":7324,"date":"2024-03-26T00:02:06","date_gmt":"2024-03-26T03:02:06","guid":{"rendered":"https:\/\/www.sportchaco.com.ar\/?p=7324"},"modified":"2024-03-26T08:18:53","modified_gmt":"2024-03-26T11:18:53","slug":"efemerides-del-26-de-marzo","status":"publish","type":"post","link":"https:\/\/www.sportchaco.com.ar\/?p=7324","title":{"rendered":"Efem\u00e9rides del 26 de marzo"},"content":{"rendered":"<p><strong>Efem\u00e9rides del deporte chaque\u00f1o del 26 de marzo por el periodista Luis Dar\u00edo Molodezky. <\/strong><\/p>\n<p><img loading=\"lazy\" decoding=\"async\" class=\"alignnone size-medium wp-image-7290\" src=\"https:\/\/www.sportchaco.com.ar\/wp-content\/uploads\/2024\/03\/Molodezky-Luis-300x199.jpg\" alt=\"\" width=\"300\" height=\"199\" srcset=\"https:\/\/www.sportchaco.com.ar\/wp-content\/uploads\/2024\/03\/Molodezky-Luis-300x199.jpg 300w, https:\/\/www.sportchaco.com.ar\/wp-content\/uploads\/2024\/03\/Molodezky-Luis-768x508.jpg 768w, https:\/\/www.sportchaco.com.ar\/wp-content\/uploads\/2024\/03\/Molodezky-Luis.jpg 772w\" sizes=\"auto, (max-width: 300px) 100vw, 300px\" \/><\/p>\n<p><em>Luis Dar\u00edo Molodezky<\/em><\/p>\n<p>&nbsp;<\/p>\n<p><strong>1940 <\/strong>\/ Nace en S\u00e1enz Pe\u00f1a el periodista Carlos Silva. Se inici\u00f3 en LT 16. Se incorpora al programa Momento Deportivo, suplantando a Omar Sotelo. Arranca en las transmisiones deportivas, destac\u00e1ndose r\u00e1pidamente en automovilismo, boxeo, f\u00fatbol y b\u00e1squetbol. En Resistencia se incorpor\u00f3 a Diario Norte y realiz\u00f3 colaboraciones con El Territorio y otras publicaciones y radios. Fue profesor y director de Escuelas T\u00e9cnicas y falleci\u00f3 el 15 de abril del 2021<\/p>\n<p><strong>2011 \/<\/strong> Carolina Duer (52,160 kilos), defiende con \u00e9xito el t\u00edtulo mundial femenino supermosca en Villa Angela, , al vencer por decisi\u00f3n en 10 rounds a la francesa Aziza Oubaita (51,100)\u00a0 La velada se desarrol\u00f3 en el estadio del club Uni\u00f3n Progresista, donde los jueces fallaron en forma un\u00e1nime a favor de\u00a0<em>La Turca\u00a0<\/em>Duer con el siguiente puntaje: 96-94, 98-92 y 99-91.<\/p>\n<p><strong>1977 \/ <\/strong>Nace en Resistencia Aldo Luis Nazareno Visconti. Se inici\u00f3 en\u00a0<span style=\"color: #000000;\"><a style=\"color: #000000;\" href=\"https:\/\/es.wikipedia.org\/w\/index.php?title=Club_Atl%C3%A9tico_Central_Norte_Argentino&amp;action=edit&amp;redlink=1\">Central Norte de Chaco<\/a><\/span>\u00a0y tras destacadas actuaciones, capta la atenc<span style=\"color: #000000;\">i\u00f3n de\u00a0<a style=\"color: #000000;\" href=\"https:\/\/es.wikipedia.org\/wiki\/Club_Atl%C3%A9tico_Chaco_For_Ever\">Chaco For Ever<\/a>\u00a0donde es fichado en el a\u00f1o\u00a0<\/span><a href=\"https:\/\/es.wikipedia.org\/wiki\/2004\"><span style=\"color: #000000;\">2004<\/span><\/a>.\u00a0 El flaco debut\u00f3 con la camiseta del negro en el Argentino \u201cB\u201d 2001\/02 frente a Don Orione y la fecha siguiente ante Atalaya marcaba sus primer goles (3) ante Atalaya. En la tercera fecha hizo cinco tantos en el 5-1 ante Montecarlo. Jug\u00f3 en For Ever 120 partidos oficiales, 88 en Arg. \u201cA\u201d (es el jugador con m\u00e1s presencias del Albinegro) 28 por Arg. \u201cB\u201d y 4 en copa Argentina con 72 goles, 39 por Argentino \u201cA\u201d m\u00e1ximo goleador, 30 por Argentino \u201cB\u201d segundo m\u00e1ximo goleador y 3 en copa Argentina. En los 7 torneos que disputo con Chaco For Ever fue el mayor goleador, siendo el artillero hist\u00f3rico en torneos federales. Tambi\u00e9n fue figura en Sportivo Patria, Tigre, Aldosivi, Rafaela, San Mart\u00edn de Tucum\u00e1n, Boca Unidos y Los Andes. Cerr\u00f3 su carrera en San Jorge de Campo Largo, donde fue jugador y entrenador. En varios de estos equipos tambi\u00e9n jug\u00f3 Nacional B, destac\u00e1ndose en todos como implacable goleador. Tuvo un paso por el f\u00fatbol paraguayo.<\/p>\n<p><strong>2006 <\/strong>\/ Daniela Gim\u00e9nez logra sendas medallas de oro en 50 metros libre, 100 metros libre y 100 metros mariposa, en el Torneo Internacional de Nataci\u00f3n de Mar del Plata. Logr\u00f3 calificar a nivel nacional como \u201cproyecci\u00f3n\u201d.<\/p>\n<h4>Foto portada: Aldo Nazareno Visconti festejando un gol de For Ever<\/h4>\n","protected":false},"excerpt":{"rendered":"<p>Efem\u00e9rides del deporte chaque\u00f1o del 26 de marzo por el periodista Luis Dar\u00edo Molodezky. Luis Dar\u00edo Molodezky &nbsp; 1940 \/ Nace en S\u00e1enz Pe\u00f1a el periodista Carlos Silva. Se inici\u00f3 en LT 16. Se incorpora al programa Momento Deportivo, suplantando a Omar Sotelo. Arranca en las transmisiones deportivas, destac\u00e1ndose r\u00e1pidamente en automovilismo, boxeo, f\u00fatbol y &hellip;<\/p>\n","protected":false},"author":2,"featured_media":7325,"comment_status":"open","ping_status":"open","sticky":false,"template":"","format":"standard","meta":{"footnotes":""},"categories":[45,33],"tags":[],"class_list":["post-7324","post","type-post","status-publish","format-standard","has-post-thumbnail","hentry","category-efemerides-dia-por-dia","category-marzo"],"_links":{"self":[{"href":"https:\/\/www.sportchaco.com.ar\/index.php?rest_route=\/wp\/v2\/posts\/7324","targetHints":{"allow":["GET"]}}],"collection":[{"href":"https:\/\/www.sportchaco.com.ar\/index.php?rest_route=\/wp\/v2\/posts"}],"about":[{"href":"https:\/\/www.sportchaco.com.ar\/index.php?rest_route=\/wp\/v2\/types\/post"}],"author":[{"embeddable":true,"href":"https:\/\/www.sportchaco.com.ar\/index.php?rest_route=\/wp\/v2\/users\/2"}],"replies":[{"embeddable":true,"href":"https:\/\/www.sportchaco.com.ar\/index.php?rest_route=%2Fwp%2Fv2%2Fcomments&post=7324"}],"version-history":[{"count":2,"href":"https:\/\/www.sportchaco.com.ar\/index.php?rest_route=\/wp\/v2\/posts\/7324\/revisions"}],"predecessor-version":[{"id":7347,"href":"https:\/\/www.sportchaco.com.ar\/index.php?rest_route=\/wp\/v2\/posts\/7324\/revisions\/7347"}],"wp:featuredmedia":[{"embeddable":true,"href":"https:\/\/www.sportchaco.com.ar\/index.php?rest_route=\/wp\/v2\/media\/7325"}],"wp:attachment":[{"href":"https:\/\/www.sportchaco.com.ar\/index.php?rest_route=%2Fwp%2Fv2%2Fmedia&parent=7324"}],"wp:term":[{"taxonomy":"category","embeddable":true,"href":"https:\/\/www.sportchaco.com.ar\/index.php?rest_route=%2Fwp%2Fv2%2Fcategories&post=7324"},{"taxonomy":"post_tag","embeddable":true,"href":"https:\/\/www.sportchaco.com.ar\/index.php?rest_route=%2Fwp%2Fv2%2Ftags&post=7324"}],"curies":[{"name":"wp","href":"https:\/\/api.w.org\/{rel}","templated":true}]}}