{"id":7356,"date":"2024-03-27T00:01:23","date_gmt":"2024-03-27T03:01:23","guid":{"rendered":"https:\/\/www.sportchaco.com.ar\/?p=7356"},"modified":"2024-03-27T09:18:14","modified_gmt":"2024-03-27T12:18:14","slug":"efemerides-del-27-de-marzo","status":"publish","type":"post","link":"https:\/\/www.sportchaco.com.ar\/?p=7356","title":{"rendered":"Efem\u00e9rides del 27 de marzo"},"content":{"rendered":"<p><strong>Esta es la Efem\u00e9rides del Deporte en el Chaco de un 27 de marzo del periodista Luis Dar\u00edo Molodezky.<\/strong><\/p>\n<p><img loading=\"lazy\" decoding=\"async\" class=\"alignnone size-medium wp-image-7290\" src=\"https:\/\/www.sportchaco.com.ar\/wp-content\/uploads\/2024\/03\/Molodezky-Luis-300x199.jpg\" alt=\"\" width=\"300\" height=\"199\" srcset=\"https:\/\/www.sportchaco.com.ar\/wp-content\/uploads\/2024\/03\/Molodezky-Luis-300x199.jpg 300w, https:\/\/www.sportchaco.com.ar\/wp-content\/uploads\/2024\/03\/Molodezky-Luis-768x508.jpg 768w, https:\/\/www.sportchaco.com.ar\/wp-content\/uploads\/2024\/03\/Molodezky-Luis.jpg 772w\" sizes=\"auto, (max-width: 300px) 100vw, 300px\" \/><\/p>\n<p><strong>1955 \/<\/strong> La nadadora Mar\u00eda Elena Pelona Sibert, de<br \/>\n9 a\u00f1os, realiza con notable \u00e9xito su raid desde el puerto de Corrientes<br \/>\nhasta \u201cel atracadero del vaporcito en el puerto de<br \/>\nBarranqueras\u201d. Emple\u00f3 2 horas 30&#8242; de tiempo, acompa\u00f1ada de su<br \/>\npadre, Pablo Sibert, y el profesor Fidel N\u00fa\u00f1ez. Sibert estuvo asistida<br \/>\npor los doctores Jos\u00e9 Laluf y Antonio Alvarez Lotero de Medicina<br \/>\ndel Deporte Provincial.<\/p>\n<p><strong>1979 \/<\/strong> Oscar Valussi, t\u00e9cnico de Villa San Martin y<br \/>\nel seleccionado de la Federaci\u00f3n Chaque\u00f1a, viaja a Capital Federal<br \/>\npara rendir un informe de un viaje de perfeccionamiento realizado<br \/>\nen M\u00e9xico, y conseguir que se le levante la sanci\u00f3n que le impusieron<br \/>\npor no presentar el informe en t\u00e9rmino.<\/p>\n<p><strong><em> <img loading=\"lazy\" decoding=\"async\" class=\"size-medium wp-image-7361 aligncenter\" src=\"https:\/\/www.sportchaco.com.ar\/wp-content\/uploads\/2024\/03\/gob-clausula-gatillo-1080x1350-1-240x300.jpg\" alt=\"\" width=\"240\" height=\"300\" srcset=\"https:\/\/www.sportchaco.com.ar\/wp-content\/uploads\/2024\/03\/gob-clausula-gatillo-1080x1350-1-240x300.jpg 240w, https:\/\/www.sportchaco.com.ar\/wp-content\/uploads\/2024\/03\/gob-clausula-gatillo-1080x1350-1-819x1024.jpg 819w, https:\/\/www.sportchaco.com.ar\/wp-content\/uploads\/2024\/03\/gob-clausula-gatillo-1080x1350-1-768x960.jpg 768w, https:\/\/www.sportchaco.com.ar\/wp-content\/uploads\/2024\/03\/gob-clausula-gatillo-1080x1350-1.jpg 1080w\" sizes=\"auto, (max-width: 240px) 100vw, 240px\" \/><\/em><\/strong><\/p>\n<p><strong>1987 \/<\/strong> Comienza el campeonato de ruta \u201cLeo<br \/>\nParzianello\u201d organizado por el Club Ciclista Ferm\u00edn Hidalgo. El<br \/>\ntorneo llev\u00f3 el ciclismo a localidades como Margarita Bel\u00e9n, La<br \/>\nVerde, La Leonesa, Basail, Colonia Popular, Colonia Elisa, General<br \/>\nSan Mart\u00edn, Presidencia de La Plaza y S\u00e1enz Pe\u00f1a. El intendente<br \/>\nde Resistencia Deolindo Felipe Bittel acostumbraba a esperar a los<br \/>\ncompetidores al final de cada carrera.<\/p>\n<p>&nbsp;<\/p>\n<div style=\"width: 192px;\" class=\"wp-video\"><video class=\"wp-video-shortcode\" id=\"video-7356-1\" width=\"192\" height=\"192\" preload=\"metadata\" controls=\"controls\"><source type=\"video\/mp4\" src=\"https:\/\/www.sportchaco.com.ar\/wp-content\/uploads\/2024\/03\/SCH-EScuelas.mp4?_=1\" \/><a href=\"https:\/\/www.sportchaco.com.ar\/wp-content\/uploads\/2024\/03\/SCH-EScuelas.mp4\">https:\/\/www.sportchaco.com.ar\/wp-content\/uploads\/2024\/03\/SCH-EScuelas.mp4<\/a><\/video><\/div>\n","protected":false},"excerpt":{"rendered":"<p>Esta es la Efem\u00e9rides del Deporte en el Chaco de un 27 de marzo del periodista Luis Dar\u00edo Molodezky. 1955 \/ La nadadora Mar\u00eda Elena Pelona Sibert, de 9 a\u00f1os, realiza con notable \u00e9xito su raid desde el puerto de Corrientes hasta \u201cel atracadero del vaporcito en el puerto de Barranqueras\u201d. Emple\u00f3 2 horas 30&#8242; &hellip;<\/p>\n","protected":false},"author":2,"featured_media":7362,"comment_status":"open","ping_status":"open","sticky":false,"template":"","format":"standard","meta":{"footnotes":""},"categories":[45,33],"tags":[],"class_list":["post-7356","post","type-post","status-publish","format-standard","has-post-thumbnail","hentry","category-efemerides-dia-por-dia","category-marzo"],"_links":{"self":[{"href":"https:\/\/www.sportchaco.com.ar\/index.php?rest_route=\/wp\/v2\/posts\/7356","targetHints":{"allow":["GET"]}}],"collection":[{"href":"https:\/\/www.sportchaco.com.ar\/index.php?rest_route=\/wp\/v2\/posts"}],"about":[{"href":"https:\/\/www.sportchaco.com.ar\/index.php?rest_route=\/wp\/v2\/types\/post"}],"author":[{"embeddable":true,"href":"https:\/\/www.sportchaco.com.ar\/index.php?rest_route=\/wp\/v2\/users\/2"}],"replies":[{"embeddable":true,"href":"https:\/\/www.sportchaco.com.ar\/index.php?rest_route=%2Fwp%2Fv2%2Fcomments&post=7356"}],"version-history":[{"count":3,"href":"https:\/\/www.sportchaco.com.ar\/index.php?rest_route=\/wp\/v2\/posts\/7356\/revisions"}],"predecessor-version":[{"id":7383,"href":"https:\/\/www.sportchaco.com.ar\/index.php?rest_route=\/wp\/v2\/posts\/7356\/revisions\/7383"}],"wp:featuredmedia":[{"embeddable":true,"href":"https:\/\/www.sportchaco.com.ar\/index.php?rest_route=\/wp\/v2\/media\/7362"}],"wp:attachment":[{"href":"https:\/\/www.sportchaco.com.ar\/index.php?rest_route=%2Fwp%2Fv2%2Fmedia&parent=7356"}],"wp:term":[{"taxonomy":"category","embeddable":true,"href":"https:\/\/www.sportchaco.com.ar\/index.php?rest_route=%2Fwp%2Fv2%2Fcategories&post=7356"},{"taxonomy":"post_tag","embeddable":true,"href":"https:\/\/www.sportchaco.com.ar\/index.php?rest_route=%2Fwp%2Fv2%2Ftags&post=7356"}],"curies":[{"name":"wp","href":"https:\/\/api.w.org\/{rel}","templated":true}]}}