{"id":7379,"date":"2024-03-26T23:33:23","date_gmt":"2024-03-27T02:33:23","guid":{"rendered":"https:\/\/www.sportchaco.com.ar\/?p=7379"},"modified":"2024-03-26T23:33:23","modified_gmt":"2024-03-27T02:33:23","slug":"walter-benitez-el-chaqueno-que-debuto-en-la-seleccion-argentina","status":"publish","type":"post","link":"https:\/\/www.sportchaco.com.ar\/?p=7379","title":{"rendered":"Walter Ben\u00edtez, el chaque\u00f1o que debut\u00f3 en la Selecci\u00f3n Argentina"},"content":{"rendered":"<header class=\"article-header\" data-tadevel-template=\"web\/article-header\">\n<h5 class=\"article-title\">26-03-2023<\/h5>\n<h2 class=\"article-deck\">Walter Ben\u00edtez, nacido en General San Mart\u00edn, cumpli\u00f3 su sue\u00f1o de debutar con Argentina a pesar de haber sido tentado por Francia e incluso tener opci\u00f3n por Paraguay. El actual arquero del PSV Eindhoven espera consolidarse como alternativa en el arco albiceleste.<\/h2>\n<hr \/>\n<div class=\"style-scope share-button-set\"><\/div>\n<\/header>\n<div class=\"columns\" data-tadevel-template=\"web\/article-columns\">\n<div class=\"column-main\">\n<figure class=\"multimedia\" data-type=\"photo\" data-tadevel-template=\"web\/multimedia\"><\/figure>\n<div class=\"article-body\" data-tadevel-template=\"web\/article-body\">\n<div class=\"article-body-content\">\n<p><strong>El sue\u00f1o se hace realidad:<\/strong>\u00a0<span style=\"color: #000000;\"><a style=\"color: #000000;\" href=\"https:\/\/www.instagram.com\/walterbenitezoficial\/p\/C3QNYc9oco9\/\" target=\"_blank\" rel=\"noopener nofollow\">Walter Ben\u00edtez<\/a>,<\/span> el arquero nacido el 19 de enero de 1993, tuvo su debut como titular en el arco de la Selecci\u00f3n argentina ante Costa Rica. Su historia es particular: brill\u00f3 en el Niza de Francia, donde incluso lo quiso convocar Didier Deschamps, pero el chaque\u00f1o siempre se mantuvo firme en su sue\u00f1o de defender la albiceleste.<\/p>\n<p><strong>De delantero a h\u00e9roe bajo los tres palos:<\/strong>\u00a0Ben\u00edtez comenz\u00f3 su carrera como delantero, pero a los 9 a\u00f1os se enamor\u00f3 del arco. Se form\u00f3 en Quilmes y debut\u00f3 en 2014. En 2016 lleg\u00f3 al Niza, donde se consolid\u00f3 como figura: ataj\u00f3 188 partidos y mantuvo la valla invicta en 55 ocasiones.<\/p>\n<h2><\/h2>\n<p><strong>Francia lo quiso, Paraguay tambi\u00e9n, pero \u00e9l eligi\u00f3 Argentina:<\/strong>\u00a0Nacionalizado franc\u00e9s en 2021, Deschamps lo sonde\u00f3, pero Ben\u00edtez siempre se ilusion\u00f3 con la albiceleste. Incluso, en 2021, Guillermo Barros Schelotto lo quiso para Paraguay, pero el chaque\u00f1o no dud\u00f3: \u00abSoy argentino y me encantar\u00eda jugar con la Selecci\u00f3n de mi pa\u00eds\u00bb.<\/p>\n<p><strong>La espera y la recompensa:<\/strong>\u00a0Tras a\u00f1os de espera, Ben\u00edtez recibi\u00f3 su primera convocatoria en mayo de 2023. Debutar\u00e1 ante Costa Rica, cumpliendo un sue\u00f1o que se gest\u00f3 en potreros chaque\u00f1os y se consolid\u00f3 en Europa.<\/p>\n<p><strong>Un arquero con experiencia y presente:<\/strong>\u00a0Ben\u00edtez no solo se destaca por sus reflejos y seguridad, sino por su liderazgo y capacidad para salir jugando. En el PSV Eindhoven de Pa\u00edses Bajos contin\u00faa afianzando su nivel.<\/p>\n<p><strong>El futuro de la albiceleste:<\/strong>\u00a0Con Emiliano Mart\u00ednez como titular indiscutido, Ben\u00edtez se presenta como una alternativa de jerarqu\u00eda para el arco argentino. Su debut ante Costa Rica ser\u00e1 una prueba de fuego para demostrar que est\u00e1 listo para defender la valla albiceleste.<\/p>\n<\/div>\n<\/div>\n<div class=\"top style-scope view-comment-preview\">\n<div class=\"title style-scope view-comment-preview\"><\/div>\n<\/div>\n<\/div>\n<\/div>\n","protected":false},"excerpt":{"rendered":"<p>26-03-2023 Walter Ben\u00edtez, nacido en General San Mart\u00edn, cumpli\u00f3 su sue\u00f1o de debutar con Argentina a pesar de haber sido tentado por Francia e incluso tener opci\u00f3n por Paraguay. El actual arquero del PSV Eindhoven espera consolidarse como alternativa en el arco albiceleste. El sue\u00f1o se hace realidad:\u00a0Walter Ben\u00edtez, el arquero nacido el 19 de &hellip;<\/p>\n","protected":false},"author":2,"featured_media":7380,"comment_status":"open","ping_status":"open","sticky":false,"template":"","format":"standard","meta":{"footnotes":""},"categories":[6],"tags":[],"class_list":["post-7379","post","type-post","status-publish","format-standard","has-post-thumbnail","hentry","category-internacionales"],"_links":{"self":[{"href":"https:\/\/www.sportchaco.com.ar\/index.php?rest_route=\/wp\/v2\/posts\/7379","targetHints":{"allow":["GET"]}}],"collection":[{"href":"https:\/\/www.sportchaco.com.ar\/index.php?rest_route=\/wp\/v2\/posts"}],"about":[{"href":"https:\/\/www.sportchaco.com.ar\/index.php?rest_route=\/wp\/v2\/types\/post"}],"author":[{"embeddable":true,"href":"https:\/\/www.sportchaco.com.ar\/index.php?rest_route=\/wp\/v2\/users\/2"}],"replies":[{"embeddable":true,"href":"https:\/\/www.sportchaco.com.ar\/index.php?rest_route=%2Fwp%2Fv2%2Fcomments&post=7379"}],"version-history":[{"count":2,"href":"https:\/\/www.sportchaco.com.ar\/index.php?rest_route=\/wp\/v2\/posts\/7379\/revisions"}],"predecessor-version":[{"id":7760,"href":"https:\/\/www.sportchaco.com.ar\/index.php?rest_route=\/wp\/v2\/posts\/7379\/revisions\/7760"}],"wp:featuredmedia":[{"embeddable":true,"href":"https:\/\/www.sportchaco.com.ar\/index.php?rest_route=\/wp\/v2\/media\/7380"}],"wp:attachment":[{"href":"https:\/\/www.sportchaco.com.ar\/index.php?rest_route=%2Fwp%2Fv2%2Fmedia&parent=7379"}],"wp:term":[{"taxonomy":"category","embeddable":true,"href":"https:\/\/www.sportchaco.com.ar\/index.php?rest_route=%2Fwp%2Fv2%2Fcategories&post=7379"},{"taxonomy":"post_tag","embeddable":true,"href":"https:\/\/www.sportchaco.com.ar\/index.php?rest_route=%2Fwp%2Fv2%2Ftags&post=7379"}],"curies":[{"name":"wp","href":"https:\/\/api.w.org\/{rel}","templated":true}]}}