{"id":7390,"date":"2024-03-27T10:13:50","date_gmt":"2024-03-27T13:13:50","guid":{"rendered":"https:\/\/www.sportchaco.com.ar\/?p=7390"},"modified":"2024-03-27T10:13:50","modified_gmt":"2024-03-27T13:13:50","slug":"para-la-copa-america-los-confirmados-son-messi-y-di-maria","status":"publish","type":"post","link":"https:\/\/www.sportchaco.com.ar\/?p=7390","title":{"rendered":"Para la Copa Am\u00e9rica, los confirmados son Messi y Di Mar\u00eda"},"content":{"rendered":"<header class=\"article-header\" data-tadevel-template=\"web\/article-header\">\n<h1 class=\"article-title\"><span style=\"font-size: 16px; font-weight: 400;\">\u00a0DE MARZO DE 2024<\/span><\/h1>\n<h4 class=\"article-deck\">El entrenador de la Selecci\u00f3n argentina se mostr\u00f3 adem\u00e1s satisfecho por la gira por Estados Unidos que culmin\u00f3 con el triunfo frente a Costa Rica.<\/h4>\n<div class=\"style-scope share-button-set\"><\/div>\n<\/header>\n<div class=\"columns\" data-tadevel-template=\"web\/article-columns\">\n<div class=\"column-main\">\n<figure class=\"multimedia\" data-type=\"photo\" data-tadevel-template=\"web\/multimedia\"><\/figure>\n<div class=\"article-body\" data-tadevel-template=\"web\/article-body\">\n<div class=\"article-body-content\">\n<p>El t\u00e9cnico de la Selecci\u00f3n argentina, Lionel Scaloni, asegur\u00f3 que Lionel Messi y \u00c1ngel Di Mar\u00eda son los \u00fanicos jugadores confirmados para la Copa Am\u00e9rica, mientras que se\u00f1al\u00f3 que \u201cel resto pico y pala\u201d, dando a entender que deber\u00e1n seguir trabajando para ganarse un lugar en el equipo y\u00a0halag\u00f3 al arquero Walter Ben\u00edtez\u00a0que tuvo su debut en la victoria frente a Costa Rica.<\/p>\n<p>\u00abEs una posibilidad (la de Ben\u00edtez como segundo arquero en el citado certamen), en el mundo del f\u00fatbol nada se sabe. Hoy est\u00e1 ac\u00e1, seguro tuvo su chance grande porque es evidente que ha venido con nosotros, pero\u00a0no puedo garantizar a ninguno de los que ha venido ac\u00e1. Solo al que no vino, que ya saben. El resto, pico y pala. Bueno, a \u00b4Fideo\u00b4 tambi\u00e9n, \u00e9l lo tiene garantizado\u201d, dijo<\/p>\n<p>Adem\u00e1s, Scaloni indic\u00f3 acerca del encuentro ante el equipo conjunto por Gustavo Alfaro: \u201cEl equipo siempre tuvo muchos mediocampistas de buen pie.\u00a0En esta gira no vino Exequiel (Palacios), Guido (Rodr\u00edguez) tambi\u00e9n est\u00e1 afuera y Thiago (Almada) est\u00e1 en la Sub 23. Estamos bien cubiertos y, si alguno baja el rendimiento, hay otro para jugar\u201d.<\/p>\n<p>Al hablar de los encuentros que la Selecci\u00f3n jug\u00f3 en los Estados Unidos manifest\u00f3:\u00a0\u201cEstamos satisfechos de la gira, de c\u00f3mo se dieron los partidos.\u00a0Al final se vio que no hay rival f\u00e1cil y que todos ponen las cosas dif\u00edciles. En el segundo partido nos ha servido de mucho, vi un equipo muy maduro porque nos encontramos en dificultad, con el partido abajo, y el equipo en el segundo tiempo ha hecho unos 25 minutos muy bueno. Me voy contento por eso, vamos a encontrar muchos partidos as\u00ed y nos sirve\u201d.<\/p>\n<p>\u201cEstoy contento por Walter (Ben\u00edtez). Ha hecho un buen partido, la verdad que el partido no estaba f\u00e1cil y estamos contentos. Lo mismo que (Alejandro) Garnacho y (Valent\u00edn) Carboni. Son chicos que nos pueden aportar y se ver\u00e1 en un futuro si estar\u00e1n con nosotros. Pero estoy contento, no es f\u00e1cil jugar con esta camiseta ni con estos rivales que te la ponen dif\u00edcil. Estamos bien\u201d.<\/p>\n<p><img loading=\"lazy\" decoding=\"async\" class=\"alignnone size-full wp-image-7117\" src=\"https:\/\/www.sportchaco.com.ar\/wp-content\/uploads\/2024\/03\/300x250-gobierno-1.gif\" alt=\"\" width=\"300\" height=\"250\" \/><\/p>\n<\/div>\n<\/div>\n<\/div>\n<\/div>\n","protected":false},"excerpt":{"rendered":"<p>\u00a0DE MARZO DE 2024 El entrenador de la Selecci\u00f3n argentina se mostr\u00f3 adem\u00e1s satisfecho por la gira por Estados Unidos que culmin\u00f3 con el triunfo frente a Costa Rica. El t\u00e9cnico de la Selecci\u00f3n argentina, Lionel Scaloni, asegur\u00f3 que Lionel Messi y \u00c1ngel Di Mar\u00eda son los \u00fanicos jugadores confirmados para la Copa Am\u00e9rica, mientras &hellip;<\/p>\n","protected":false},"author":2,"featured_media":7392,"comment_status":"open","ping_status":"open","sticky":false,"template":"","format":"standard","meta":{"footnotes":""},"categories":[6],"tags":[],"class_list":["post-7390","post","type-post","status-publish","format-standard","has-post-thumbnail","hentry","category-internacionales"],"_links":{"self":[{"href":"https:\/\/www.sportchaco.com.ar\/index.php?rest_route=\/wp\/v2\/posts\/7390","targetHints":{"allow":["GET"]}}],"collection":[{"href":"https:\/\/www.sportchaco.com.ar\/index.php?rest_route=\/wp\/v2\/posts"}],"about":[{"href":"https:\/\/www.sportchaco.com.ar\/index.php?rest_route=\/wp\/v2\/types\/post"}],"author":[{"embeddable":true,"href":"https:\/\/www.sportchaco.com.ar\/index.php?rest_route=\/wp\/v2\/users\/2"}],"replies":[{"embeddable":true,"href":"https:\/\/www.sportchaco.com.ar\/index.php?rest_route=%2Fwp%2Fv2%2Fcomments&post=7390"}],"version-history":[{"count":1,"href":"https:\/\/www.sportchaco.com.ar\/index.php?rest_route=\/wp\/v2\/posts\/7390\/revisions"}],"predecessor-version":[{"id":7393,"href":"https:\/\/www.sportchaco.com.ar\/index.php?rest_route=\/wp\/v2\/posts\/7390\/revisions\/7393"}],"wp:featuredmedia":[{"embeddable":true,"href":"https:\/\/www.sportchaco.com.ar\/index.php?rest_route=\/wp\/v2\/media\/7392"}],"wp:attachment":[{"href":"https:\/\/www.sportchaco.com.ar\/index.php?rest_route=%2Fwp%2Fv2%2Fmedia&parent=7390"}],"wp:term":[{"taxonomy":"category","embeddable":true,"href":"https:\/\/www.sportchaco.com.ar\/index.php?rest_route=%2Fwp%2Fv2%2Fcategories&post=7390"},{"taxonomy":"post_tag","embeddable":true,"href":"https:\/\/www.sportchaco.com.ar\/index.php?rest_route=%2Fwp%2Fv2%2Ftags&post=7390"}],"curies":[{"name":"wp","href":"https:\/\/api.w.org\/{rel}","templated":true}]}}