{"id":7404,"date":"2024-03-27T20:57:44","date_gmt":"2024-03-27T23:57:44","guid":{"rendered":"https:\/\/www.sportchaco.com.ar\/?p=7404"},"modified":"2024-03-27T20:57:44","modified_gmt":"2024-03-27T23:57:44","slug":"nievas-una-nueva-baja-en-for-ever","status":"publish","type":"post","link":"https:\/\/www.sportchaco.com.ar\/?p=7404","title":{"rendered":"Nievas, una nueva baja en For Ever"},"content":{"rendered":"<p><strong>27-03-2024<\/strong><\/p>\n<p><img loading=\"lazy\" decoding=\"async\" class=\" wp-image-7248 aligncenter\" src=\"https:\/\/www.sportchaco.com.ar\/wp-content\/uploads\/2024\/03\/aVISO-2-2-300x50.jpeg\" alt=\"\" width=\"348\" height=\"58\" srcset=\"https:\/\/www.sportchaco.com.ar\/wp-content\/uploads\/2024\/03\/aVISO-2-2-300x50.jpeg 300w, https:\/\/www.sportchaco.com.ar\/wp-content\/uploads\/2024\/03\/aVISO-2-2-1024x171.jpeg 1024w, https:\/\/www.sportchaco.com.ar\/wp-content\/uploads\/2024\/03\/aVISO-2-2-768x128.jpeg 768w, https:\/\/www.sportchaco.com.ar\/wp-content\/uploads\/2024\/03\/aVISO-2-2.jpeg 1200w\" sizes=\"auto, (max-width: 348px) 100vw, 348px\" \/><\/p>\n<p>Malas noticias en For Ever nuevamente con la lesi\u00f3n de un jugador. En este caso, los estudios arrojaron que Brian Nievas sufri\u00f3 una distensi\u00f3n muscular.<\/p>\n<p>De movida el volante central estar\u00e1 dos semanas afuera de las canchas con lo cual se perder\u00eda los partidos ante San Mart\u00edn de Tucum\u00e1n y San Telmo, ambos de visitantes. Podr\u00eda retornar ante Atl\u00e9tico de Rafaela en la 11\u00aa fecha cuando el \u00abnegro\u00bb vuelva a jugar de local.<\/p>\n<p>Cabe recordar que Nievas sali\u00f3 lesionado el \u00faltimo lunes en el primer tiempo ante Defensores de Belgrano cuando apenas transcurri\u00e1n treinta minutos del primer tiempo. En su lugar ingres\u00f3 Mateo Maccari quien se perfila para ser su reemplazo en la \u00abciudadela\u00bb.<\/p>\n<p>El entrerriano se suma a la lista de lesionados del club chaque\u00f1o que lo tiene a Lucio P\u00e9rez y Lucas Kruspzky. Teniendo en cuenta que para el \u00faltimo partido ante el \u00abdrag\u00f3n\u00bb pudieron recuperarse y estar en el banco de suplentes Agust\u00edn Bellone y Gonzalo Ca\u00f1ete.<\/p>\n<p>For Ever jugar\u00e1 este lunes 1 de abril ante San Mart\u00edn de Tucum\u00e1n por el Interzonal de la Primera Nacional. El juez principal del encuentro ser\u00e1 Bryan Ferreyra, sus asistentes Diego Mart\u00edn y Mat\u00edas Bianchi, mientras que de cuarto \u00e1rbitro estar\u00e1 Nahuel Vi\u00f1as.<\/p>\n<p>Luego, el equipo de Osella visitar\u00e1 a San Telmo el s\u00e1bado 6 de abril, ya por la zona B, a partir de las 15:30 horas en la Isla Maciel.<\/p>\n<p><img loading=\"lazy\" decoding=\"async\" class=\"size-full wp-image-7111 aligncenter\" src=\"https:\/\/www.sportchaco.com.ar\/wp-content\/uploads\/2024\/03\/300x250-gobierno.gif\" alt=\"\" width=\"300\" height=\"250\" \/><\/p>\n","protected":false},"excerpt":{"rendered":"<p>27-03-2024 Malas noticias en For Ever nuevamente con la lesi\u00f3n de un jugador. En este caso, los estudios arrojaron que Brian Nievas sufri\u00f3 una distensi\u00f3n muscular. De movida el volante central estar\u00e1 dos semanas afuera de las canchas con lo cual se perder\u00eda los partidos ante San Mart\u00edn de Tucum\u00e1n y San Telmo, ambos de &hellip;<\/p>\n","protected":false},"author":3,"featured_media":7405,"comment_status":"open","ping_status":"open","sticky":false,"template":"","format":"standard","meta":{"footnotes":""},"categories":[5],"tags":[],"class_list":["post-7404","post","type-post","status-publish","format-standard","has-post-thumbnail","hentry","category-futbol"],"_links":{"self":[{"href":"https:\/\/www.sportchaco.com.ar\/index.php?rest_route=\/wp\/v2\/posts\/7404","targetHints":{"allow":["GET"]}}],"collection":[{"href":"https:\/\/www.sportchaco.com.ar\/index.php?rest_route=\/wp\/v2\/posts"}],"about":[{"href":"https:\/\/www.sportchaco.com.ar\/index.php?rest_route=\/wp\/v2\/types\/post"}],"author":[{"embeddable":true,"href":"https:\/\/www.sportchaco.com.ar\/index.php?rest_route=\/wp\/v2\/users\/3"}],"replies":[{"embeddable":true,"href":"https:\/\/www.sportchaco.com.ar\/index.php?rest_route=%2Fwp%2Fv2%2Fcomments&post=7404"}],"version-history":[{"count":2,"href":"https:\/\/www.sportchaco.com.ar\/index.php?rest_route=\/wp\/v2\/posts\/7404\/revisions"}],"predecessor-version":[{"id":7762,"href":"https:\/\/www.sportchaco.com.ar\/index.php?rest_route=\/wp\/v2\/posts\/7404\/revisions\/7762"}],"wp:featuredmedia":[{"embeddable":true,"href":"https:\/\/www.sportchaco.com.ar\/index.php?rest_route=\/wp\/v2\/media\/7405"}],"wp:attachment":[{"href":"https:\/\/www.sportchaco.com.ar\/index.php?rest_route=%2Fwp%2Fv2%2Fmedia&parent=7404"}],"wp:term":[{"taxonomy":"category","embeddable":true,"href":"https:\/\/www.sportchaco.com.ar\/index.php?rest_route=%2Fwp%2Fv2%2Fcategories&post=7404"},{"taxonomy":"post_tag","embeddable":true,"href":"https:\/\/www.sportchaco.com.ar\/index.php?rest_route=%2Fwp%2Fv2%2Ftags&post=7404"}],"curies":[{"name":"wp","href":"https:\/\/api.w.org\/{rel}","templated":true}]}}