{"id":7414,"date":"2024-03-27T22:33:02","date_gmt":"2024-03-28T01:33:02","guid":{"rendered":"https:\/\/www.sportchaco.com.ar\/?p=7414"},"modified":"2024-03-27T22:34:23","modified_gmt":"2024-03-28T01:34:23","slug":"entretenida-entrevista-con-diego-martinez-y-ruben-dario-insua","status":"publish","type":"post","link":"https:\/\/www.sportchaco.com.ar\/?p=7414","title":{"rendered":"Entretenida entrevista con Diego Mart\u00ednez y Rub\u00e9n Dar\u00edo Insua"},"content":{"rendered":"<h5>27-03-2024<\/h5>\n<p class=\"description\">A pocos d\u00edas del cl\u00e1sico de este s\u00e1bado en La Bombonera por la fecha 12 de la Copa de la Liga,\u00a0 los entrenadores recordaron sus anteriores cruces cuando el DT del Xeneize estaba en Hurac\u00e1n y Tigre.<\/p>\n<div class=\"article-info\">\n<div class=\"article-info-left\">\n<div class=\"article-autor-info\">\n<div class=\"article-autor-name\"><time datetime=\"2024-03-27T18:47:59-03:00\">27-03-2024<\/time><\/div>\n<\/div>\n<\/div>\n<\/div>\n<figure class=\"rat16x9\"><figcaption><strong>FOTO: Diego Mart\u00ednez y Dar\u00edo Rub\u00e9n Ins\u00faa en la conferencia de prensa compartida en la previa de Boca &#8211; San Lorenzo<\/strong><\/figcaption><\/figure>\n<p class=\"capital\">A pocos d\u00edas del gran cl\u00e1sico\u00a0de la\u00a0fecha 12\u00a0de la\u00a0Copa de la Liga\u00a0que disputar\u00e1n\u00a0Boca y San Lorenzo\u00a0en\u00a0<i>La Bombonera<\/i>, los\u00a0entrenadores Diego Mart\u00ednez y Rub\u00e9n Dar\u00edo Insua\u00a0se presentaron en la\u00a0conferencia de prensa\u00a0organizada por la\u00a0Liga Profesional.\u00a0Ninguno\u00a0confirm\u00f3 el equipo titular\u00a0para el\u00a0s\u00e1bado, pero protagonizaron un\u00a0risue\u00f1o cruce\u00a0en el que\u00a0recordaron partidos pasados\u00a0cuando se enfrentaron en\u00a0otro cl\u00e1sico, el de\u00a0barrio\u00a0entre el\u00a0<i>Globo\u00a0<\/i>y el\u00a0<i>Cicl\u00f3n<\/i>.<\/p>\n<div class=\"watchto-wrap\">\n<div class=\"watchto\">\n<p><a class=\"imgwrap\" title=\"Diego Mart\u00ednez, sobre el presente de Boca: &quot;Estamos en crecimiento, pero todav\u00eda nos falta mucho&quot;\" href=\"https:\/\/www.tycsports.com\/boca-juniors\/diego-martinez-boca-clasico-san-lorenzo-id573840.html\"><picture><source srcset=\"https:\/\/media.tycsports.com\/files\/2024\/03\/27\/695919\/diego-martinez_267x150.webp?v=1\" media=\"(min-width: 721px)\" \/><source srcset=\"https:\/\/media.tycsports.com\/files\/2024\/03\/27\/695919\/diego-martinez_267x356.webp\" media=\"(max-width: 721px)\" \/><img decoding=\"async\" src=\"https:\/\/media.tycsports.com\/files\/2024\/03\/27\/695919\/diego-martinez_267x150.webp?v=1\" alt=\"Foto: Diego Mart\u00ednez, sobre el presente de Boca: &quot;Estamos en crecimiento, pero todav\u00eda nos falta mucho&quot;\" data-src=\"https:\/\/media.tycsports.com\/files\/2024\/03\/27\/695919\/diego-martinez_267x150.webp?v=1\" \/><\/picture><\/a><\/p>\n<div class=\"watchto-text\">\n<h2><\/h2>\n<\/div>\n<div class=\"watchto-btn-view\"><\/div>\n<\/div>\n<\/div>\n<p>Cuando fueron consultados por aquellos encuentros en a\u00f1os anteriores, el\u00a0<i>Gallego\u00a0<\/i>amag\u00f3 con no responder la pregunta, pero\u00a0salt\u00f3 a defenderse\u00a0apenas el\u00a0DT\u00a0del\u00a0<i>Xeneize\u00a0<\/i>comenz\u00f3 a dar su versi\u00f3n:\u00a0<i>\u00abMe los acuerdo, pero no quise decirlo.\u00a0Con Hurac\u00e1n se tiraban, hac\u00edan tiempo; se ca\u00eda el arquero, se ca\u00edan los defensores, los delanteros\u00bb<\/i>.<\/p>\n<section class=\"fluidMedia\">\n<div id=\"video-genoa-695997\" class=\"player-nota-wrapper genoa-async lazycontainer\" data-contentid=\"1596738\" data-share=\"https:\/\/www.tycsports.com\/liga-profesional-de-futbol\/el-risueno-cruce-entre-diego-martinez-y-ruben-dario-insua-en-la-previa-del-boca-san-lorenzo-id573907.html\">\n<div class=\"player-nota-overlay\"><\/div>\n<\/div>\n<\/section>\n<p>Entre\u00a0risas\u00a0y la\u00a0complicidad\u00a0de ambos t\u00e9cnicos,\u00a0Mart\u00ednez\u00a0cont\u00f3 su lado de los hechos:\u00a0<i>\u00abYo tambi\u00e9n los recuerdo, pero son historias distintas.\u00a0Ojal\u00e1 que salga un buen espect\u00e1culo buscando cada uno el resultado que quiere\u00bb<\/i>.<\/p>\n<p>Lo cierto es que\u00a0ambos partidos terminaron igualados 1-1\u00a0en el\u00a0Nuevo Gas\u00f3metro. El primer antecedente\u00a0se remonta al 26 de junio de 2022\u00a0por la\u00a0fecha 5 de la Liga\u00a0cuando aquel dirig\u00eda a\u00a0Tigre\u00a0y el\u00a0segundo fue por el interzonal\u00a0de la\u00a0Copa de la Liga pasada\u00a0el\u00a030 de septiembre de 2023.<\/p>\n<p>&nbsp;<\/p>\n<div class=\"watchto-wrap\">\n<div class=\"watchto\">\n<p><a class=\"imgwrap\" title=\"Insua no confirm\u00f3 el equipo ante Boca y descart\u00f3 que San Lorenzo busque un refuerzo\" href=\"https:\/\/www.tycsports.com\/san-lorenzo\/insua-no-confirmo-el-equipo-ante-boca-y-descarto-que-san-lorenzo-busque-un-refuerzo-id573830.html\"><picture><source srcset=\"https:\/\/media.tycsports.com\/files\/2024\/03\/27\/695885\/ruben-insua_267x150.webp?v=1\" media=\"(min-width: 721px)\" \/><source srcset=\"https:\/\/media.tycsports.com\/files\/2024\/03\/27\/695885\/ruben-insua_267x356.webp\" media=\"(max-width: 721px)\" \/><img decoding=\"async\" src=\"https:\/\/media.tycsports.com\/files\/2024\/03\/27\/695885\/ruben-insua_267x150.webp?v=1\" alt=\"Foto: Insua no confirm\u00f3 el equipo ante Boca y descart\u00f3 que San Lorenzo busque un refuerzo\" data-src=\"https:\/\/media.tycsports.com\/files\/2024\/03\/27\/695885\/ruben-insua_267x150.webp?v=1\" \/><\/picture><\/a><\/p>\n<div class=\"watchto-text\">\n<p>&nbsp;<\/p>\n<h2><\/h2>\n<\/div>\n<\/div>\n<\/div>\n<h2><\/h2>\n<p>&nbsp;<\/p>\n<p>El\u00a0<b>goleador\u00a0<\/b>del\u00a0<b><i>Cicl\u00f3n\u00a0<\/i><\/b>se mostr\u00f3\u00a0<b>entusiasmado\u00a0<\/b>de visitar al\u00a0<b>cuadro de la Ribera\u00a0<\/b>el pr\u00f3ximo s\u00e1bado:\u00a0<i>\u00ab<b>Yo en Paraguay de chiquito era muy consciente, cuando ve\u00eda sus partidos de local, lo que es el estadio y lo que genera la gente.\u00a0<\/b>Lo primero va a ser estar a la altura del partido, disfrutarlo. Y despu\u00e9s\u00a0<b>que sea lo mejor para San Lorenzo<\/b>\u00ab<\/i>.<\/p>\n<figure class=\"w-100\"><img decoding=\"async\" title=\"Adam Bareiro\" src=\"https:\/\/media.tycsports.com\/files\/2024\/03\/27\/695953\/adam-bareiro_w416.webp\" srcset=\"https:\/\/media.tycsports.com\/files\/2024\/03\/27\/695953\/adam-bareiro_w416.webp 480w, https:\/\/media.tycsports.com\/files\/2024\/03\/27\/695953\/adam-bareiro_w862.webp 1080w\" alt=\"Adam Bareiro\" data-src=\"https:\/\/media.tycsports.com\/files\/2024\/03\/27\/695953\/adam-bareiro_w416.webp\" data-srcset=\"https:\/\/media.tycsports.com\/files\/2024\/03\/27\/695953\/adam-bareiro_w416.webp 480w, https:\/\/media.tycsports.com\/files\/2024\/03\/27\/695953\/adam-bareiro_w862.webp 1080w\" \/><figcaption>Bareiro en el \u00faltimo cruce entre San Lorenzo y Boca, donde convirti\u00f3 un gol. (Gustavo Garello\/Jam Media\/Getty Images)<\/figcaption><\/figure>\n<p><strong><i>\u00abFue como lo de (Luis) Su\u00e1rez.\u00a0Recibir elogios de gente que tiene esa espalda en el f\u00fatbol, que tuvo una linda trayectoria e hizo que muchos amen al f\u00fatbol, es algo muy lindo.\u00a0Me llena de orgullo\u00a0que gente tan importante se acuerde de m\u00ed, de mi trabajo.\u00a0Esas cosas te motivan siempre para seguir\u00a0mejorando\u00a0y seguir haciendo las cosas que estas haciendo bien\u00bb<\/i>, agreg\u00f3 sobre los halagos del presidente de Boca, quien lo incluy\u00f3 en el podio de los mejores del \u00e1mbito local junto a Roger Mart\u00ednez y Juan Fernando Quintero. Fuente TyC Sports<\/strong><\/p>\n<p><img loading=\"lazy\" decoding=\"async\" class=\"alignnone size-medium wp-image-7410\" src=\"https:\/\/www.sportchaco.com.ar\/wp-content\/uploads\/2024\/03\/sube-gob-24-300x300.jpg\" alt=\"\" width=\"300\" height=\"300\" srcset=\"https:\/\/www.sportchaco.com.ar\/wp-content\/uploads\/2024\/03\/sube-gob-24-300x300.jpg 300w, https:\/\/www.sportchaco.com.ar\/wp-content\/uploads\/2024\/03\/sube-gob-24-1024x1024.jpg 1024w, https:\/\/www.sportchaco.com.ar\/wp-content\/uploads\/2024\/03\/sube-gob-24-150x150.jpg 150w, https:\/\/www.sportchaco.com.ar\/wp-content\/uploads\/2024\/03\/sube-gob-24-768x768.jpg 768w, https:\/\/www.sportchaco.com.ar\/wp-content\/uploads\/2024\/03\/sube-gob-24.jpg 1080w\" sizes=\"auto, (max-width: 300px) 100vw, 300px\" \/><\/p>\n","protected":false},"excerpt":{"rendered":"<p>27-03-2024 A pocos d\u00edas del cl\u00e1sico de este s\u00e1bado en La Bombonera por la fecha 12 de la Copa de la Liga,\u00a0 los entrenadores recordaron sus anteriores cruces cuando el DT del Xeneize estaba en Hurac\u00e1n y Tigre. 27-03-2024 FOTO: Diego Mart\u00ednez y Dar\u00edo Rub\u00e9n Ins\u00faa en la conferencia de prensa compartida en la previa &hellip;<\/p>\n","protected":false},"author":2,"featured_media":7415,"comment_status":"open","ping_status":"open","sticky":false,"template":"","format":"standard","meta":{"footnotes":""},"categories":[47],"tags":[],"class_list":["post-7414","post","type-post","status-publish","format-standard","has-post-thumbnail","hentry","category-nacionales"],"_links":{"self":[{"href":"https:\/\/www.sportchaco.com.ar\/index.php?rest_route=\/wp\/v2\/posts\/7414","targetHints":{"allow":["GET"]}}],"collection":[{"href":"https:\/\/www.sportchaco.com.ar\/index.php?rest_route=\/wp\/v2\/posts"}],"about":[{"href":"https:\/\/www.sportchaco.com.ar\/index.php?rest_route=\/wp\/v2\/types\/post"}],"author":[{"embeddable":true,"href":"https:\/\/www.sportchaco.com.ar\/index.php?rest_route=\/wp\/v2\/users\/2"}],"replies":[{"embeddable":true,"href":"https:\/\/www.sportchaco.com.ar\/index.php?rest_route=%2Fwp%2Fv2%2Fcomments&post=7414"}],"version-history":[{"count":3,"href":"https:\/\/www.sportchaco.com.ar\/index.php?rest_route=\/wp\/v2\/posts\/7414\/revisions"}],"predecessor-version":[{"id":7418,"href":"https:\/\/www.sportchaco.com.ar\/index.php?rest_route=\/wp\/v2\/posts\/7414\/revisions\/7418"}],"wp:featuredmedia":[{"embeddable":true,"href":"https:\/\/www.sportchaco.com.ar\/index.php?rest_route=\/wp\/v2\/media\/7415"}],"wp:attachment":[{"href":"https:\/\/www.sportchaco.com.ar\/index.php?rest_route=%2Fwp%2Fv2%2Fmedia&parent=7414"}],"wp:term":[{"taxonomy":"category","embeddable":true,"href":"https:\/\/www.sportchaco.com.ar\/index.php?rest_route=%2Fwp%2Fv2%2Fcategories&post=7414"},{"taxonomy":"post_tag","embeddable":true,"href":"https:\/\/www.sportchaco.com.ar\/index.php?rest_route=%2Fwp%2Fv2%2Ftags&post=7414"}],"curies":[{"name":"wp","href":"https:\/\/api.w.org\/{rel}","templated":true}]}}