{"id":7419,"date":"2024-03-27T22:39:44","date_gmt":"2024-03-28T01:39:44","guid":{"rendered":"https:\/\/www.sportchaco.com.ar\/?p=7419"},"modified":"2024-03-28T20:26:34","modified_gmt":"2024-03-28T23:26:34","slug":"javier-altamirano-sigue-recuperacion-domiciliaria","status":"publish","type":"post","link":"https:\/\/www.sportchaco.com.ar\/?p=7419","title":{"rendered":"Javier Altamirano sigue recuperaci\u00f3n domiciliaria"},"content":{"rendered":"<h1><\/h1>\n<p class=\"description\">27-03-24<\/p>\n<h4 class=\"description\">Estudiantes inform\u00f3 que el chileno fue dado de alta este mi\u00e9rcoles y continuar\u00e1 con un \u00abreposo relativo\u00bb en su casa.<\/h4>\n<div class=\"article-info\">\n<div class=\"article-info-left\">\n<div class=\"article-autor-info\">\n<div class=\"article-autor-name\"><\/div>\n<\/div>\n<\/div>\n<\/div>\n<figure class=\"rat16x9\"><figcaption><\/figcaption><\/figure>\n<p class=\"capital\"><strong><span style=\"color: #000000;\">Adiez d\u00edas de<a style=\"color: #000000;\" href=\"https:\/\/www.tycsports.com\/boca-juniors\/dramatico-momento-en-la-plata-un-jugador-de-estudiantes-convulsiono-en-medio-del-partido-con-boca-id571526.html\" target=\"_blank\" rel=\"noopener\">\u00a0sufrir convulsiones\u00a0en pleno Estudiantes-Boca<\/a>\u00a0y a cuatro de\u00a0<a style=\"color: #000000;\" href=\"https:\/\/www.tycsports.com\/liga-profesional-de-futbol\/estudiantes-javier-altamirano-buenas-noticias-pasara-sala-comun-id572867.html\" target=\"_blank\" rel=\"noopener\">abandonar la terapia intensiva<\/a>\u00a0en el Fleni,\u00a0Javier Altamirano recibi\u00f3 el alta sanatorial y seguir\u00e1 su recuperaci\u00f3n en su domicilio<i>\u00a0\u00abpara continuar con un reposo relativo\u00bb<\/i>, inform\u00f3 el Pincha en sus redes sociales.<\/span><\/strong><\/p>\n<div class=\"watchto-wrap\">\n<div class=\"watchto\"><\/div>\n<\/div>\n<h2><\/h2>\n<p>Este mi\u00e9rcoles, Estudiantes comparti\u00f3 en redes sociales un excelente parte m\u00e9dico de Javier Altamirano:\u00a0<i>\u00abEn el d\u00eda de hoy el futbolista recibi\u00f3 el alta sanatorial, retir\u00e1ndose a su domicilio particular para continuar con un reposo relativo\u00bb<\/i>, inform\u00f3 el club.<\/p>\n<figure class=\"w-100\"><img decoding=\"async\" title=\"alta altamirano\" src=\"https:\/\/media.tycsports.com\/files\/2024\/03\/27\/695807\/alta-altamirano_w416.webp\" srcset=\"https:\/\/media.tycsports.com\/files\/2024\/03\/27\/695807\/alta-altamirano_w416.webp 480w, https:\/\/media.tycsports.com\/files\/2024\/03\/27\/695807\/alta-altamirano_w862.webp 1080w\" alt=\"alta altamirano\" data-src=\"https:\/\/media.tycsports.com\/files\/2024\/03\/27\/695807\/alta-altamirano_w416.webp\" data-srcset=\"https:\/\/media.tycsports.com\/files\/2024\/03\/27\/695807\/alta-altamirano_w416.webp 480w, https:\/\/media.tycsports.com\/files\/2024\/03\/27\/695807\/alta-altamirano_w862.webp 1080w\" \/><figcaption>El posteo de Estudiantes sobre la salud de Javier Altamirano: recibi\u00f3 el alta sanatorial.<\/figcaption><\/figure>\n<h2>La primera foto de Javier Altamirano tras su convulsi\u00f3n<\/h2>\n<p>A primera hora del s\u00e1bado 23, el mediocampista fue visitado por su compa\u00f1ero pincharrata\u00a0<b>Zaid Romero<\/b>,\u00a0<b>quien comparti\u00f3 una foto en sus historias\u00a0<\/b>de Instagram y tambi\u00e9n un c\u00e1lido mensaje:\u00a0<b><i>\u00abFeliz de verte sonre\u00edr, que es lo que te identifica, amigo. Te quiero mucho\u00bb<\/i><\/b>.<\/p>\n<figure class=\"w-100\"><img decoding=\"async\" title=\"Javier Altamirano primera foto\" src=\"https:\/\/media.tycsports.com\/files\/2024\/03\/23\/694056\/javier-altamirano-primera-foto_w416.webp\" srcset=\"https:\/\/media.tycsports.com\/files\/2024\/03\/23\/694056\/javier-altamirano-primera-foto_w416.webp 480w, https:\/\/media.tycsports.com\/files\/2024\/03\/23\/694056\/javier-altamirano-primera-foto_w862.webp 1080w\" alt=\"Javier Altamirano primera foto\" data-src=\"https:\/\/media.tycsports.com\/files\/2024\/03\/23\/694056\/javier-altamirano-primera-foto_w416.webp\" data-srcset=\"https:\/\/media.tycsports.com\/files\/2024\/03\/23\/694056\/javier-altamirano-primera-foto_w416.webp 480w, https:\/\/media.tycsports.com\/files\/2024\/03\/23\/694056\/javier-altamirano-primera-foto_w862.webp 1080w\" \/><\/figure>\n<div class=\"watchto-wrap\">\n<div class=\"watchto\">\n<p><a class=\"imgwrap\" title=\"El mensaje de apoyo de la selecci\u00f3n de Chile para Javier Altamirano\" href=\"https:\/\/www.tycsports.com\/amistosos-de-selecciones\/el-mensaje-de-la-seleccion-de-chile-para-javier-altamirano-id573591.html\"><picture><source srcset=\"https:\/\/media.tycsports.com\/files\/2024\/03\/26\/695522\/mensaje-chile-a-altamirano_267x150.webp?v=1\" media=\"(min-width: 721px)\" \/><source srcset=\"https:\/\/media.tycsports.com\/files\/2024\/03\/26\/695522\/mensaje-chile-a-altamirano_267x356.webp?v=1\" media=\"(max-width: 721px)\" \/><img decoding=\"async\" src=\"https:\/\/media.tycsports.com\/files\/2024\/03\/26\/695522\/mensaje-chile-a-altamirano_267x150.webp?v=1\" alt=\"Foto: El mensaje de apoyo de la selecci\u00f3n de Chile para Javier Altamirano\" data-src=\"https:\/\/media.tycsports.com\/files\/2024\/03\/26\/695522\/mensaje-chile-a-altamirano_267x150.webp?v=1\" \/><\/picture><\/a><\/p>\n<div class=\"watchto-text\"><\/div>\n<div class=\"watchto-btn-view\"><\/div>\n<\/div>\n<\/div>\n<h2>Por qu\u00e9 convulsion\u00f3 Javier Altamirano<\/h2>\n<p>D\u00edas atr\u00e1s, los especialistas determinaron que la raz\u00f3n de su episodio se dio por una<i>\u00a0\u00abtrombosis del seno longitudinal superior\u00bb<\/i>\u00a0en el cerebro y que eso le gener\u00f3 el cuadro convulsivo que conmocion\u00f3 al f\u00fatbol argentino.<\/p>\n<h2>Qu\u00e9 pas\u00f3 con Javier Altamirano durante Estudiantes vs. Boca<\/h2>\n<p>Corr\u00eda el minuto 27 del primer tiempo cuando el volante trasandino se descompens\u00f3 y comenz\u00f3 a convulsionar en el campo de juego. Sus compa\u00f1eros Santiago Ascac\u00edbar y Enzo P\u00e9rez fueron los primeros en auxiliarlo y en pedir ayuda. Tras unos instantes, entr\u00f3 la ambulancia y pudieron trasladarlo al Instituto M\u00e9dico Platense, ubicado a cinco cuadras de UNO, donde sufri\u00f3 nuevamente un cuadro de convulsiones antes de recuperar el conocimiento en la cl\u00ednica.<\/p>\n<figure class=\"w-100\"><img decoding=\"async\" title=\"altamirano\" src=\"https:\/\/media.tycsports.com\/files\/2024\/03\/17\/691642\/altamirano_w416.webp\" srcset=\"https:\/\/media.tycsports.com\/files\/2024\/03\/17\/691642\/altamirano_w416.webp 480w, https:\/\/media.tycsports.com\/files\/2024\/03\/17\/691642\/altamirano_w862.webp 1080w\" alt=\"altamirano\" data-src=\"https:\/\/media.tycsports.com\/files\/2024\/03\/17\/691642\/altamirano_w416.webp\" data-srcset=\"https:\/\/media.tycsports.com\/files\/2024\/03\/17\/691642\/altamirano_w416.webp 480w, https:\/\/media.tycsports.com\/files\/2024\/03\/17\/691642\/altamirano_w862.webp 1080w\" \/><figcaption>\u00a0El momento en el que Javier Altamirano comenz\u00f3 a ser asistido en pleno campo de juego tras sufrir convulsiones. Fuente TyC Sports<img loading=\"lazy\" decoding=\"async\" class=\"alignnone size-medium wp-image-7410\" src=\"https:\/\/www.sportchaco.com.ar\/wp-content\/uploads\/2024\/03\/sube-gob-24-300x300.jpg\" alt=\"\" width=\"300\" height=\"300\" srcset=\"https:\/\/www.sportchaco.com.ar\/wp-content\/uploads\/2024\/03\/sube-gob-24-300x300.jpg 300w, https:\/\/www.sportchaco.com.ar\/wp-content\/uploads\/2024\/03\/sube-gob-24-1024x1024.jpg 1024w, https:\/\/www.sportchaco.com.ar\/wp-content\/uploads\/2024\/03\/sube-gob-24-150x150.jpg 150w, https:\/\/www.sportchaco.com.ar\/wp-content\/uploads\/2024\/03\/sube-gob-24-768x768.jpg 768w, https:\/\/www.sportchaco.com.ar\/wp-content\/uploads\/2024\/03\/sube-gob-24.jpg 1080w\" sizes=\"auto, (max-width: 300px) 100vw, 300px\" \/><\/p>\n<\/figcaption><\/figure>\n","protected":false},"excerpt":{"rendered":"<p>27-03-24 Estudiantes inform\u00f3 que el chileno fue dado de alta este mi\u00e9rcoles y continuar\u00e1 con un \u00abreposo relativo\u00bb en su casa. Adiez d\u00edas de\u00a0sufrir convulsiones\u00a0en pleno Estudiantes-Boca\u00a0y a cuatro de\u00a0abandonar la terapia intensiva\u00a0en el Fleni,\u00a0Javier Altamirano recibi\u00f3 el alta sanatorial y seguir\u00e1 su recuperaci\u00f3n en su domicilio\u00a0\u00abpara continuar con un reposo relativo\u00bb, inform\u00f3 el Pincha &hellip;<\/p>\n","protected":false},"author":2,"featured_media":7420,"comment_status":"open","ping_status":"open","sticky":false,"template":"","format":"standard","meta":{"footnotes":""},"categories":[47],"tags":[],"class_list":["post-7419","post","type-post","status-publish","format-standard","has-post-thumbnail","hentry","category-nacionales"],"_links":{"self":[{"href":"https:\/\/www.sportchaco.com.ar\/index.php?rest_route=\/wp\/v2\/posts\/7419","targetHints":{"allow":["GET"]}}],"collection":[{"href":"https:\/\/www.sportchaco.com.ar\/index.php?rest_route=\/wp\/v2\/posts"}],"about":[{"href":"https:\/\/www.sportchaco.com.ar\/index.php?rest_route=\/wp\/v2\/types\/post"}],"author":[{"embeddable":true,"href":"https:\/\/www.sportchaco.com.ar\/index.php?rest_route=\/wp\/v2\/users\/2"}],"replies":[{"embeddable":true,"href":"https:\/\/www.sportchaco.com.ar\/index.php?rest_route=%2Fwp%2Fv2%2Fcomments&post=7419"}],"version-history":[{"count":2,"href":"https:\/\/www.sportchaco.com.ar\/index.php?rest_route=\/wp\/v2\/posts\/7419\/revisions"}],"predecessor-version":[{"id":7450,"href":"https:\/\/www.sportchaco.com.ar\/index.php?rest_route=\/wp\/v2\/posts\/7419\/revisions\/7450"}],"wp:featuredmedia":[{"embeddable":true,"href":"https:\/\/www.sportchaco.com.ar\/index.php?rest_route=\/wp\/v2\/media\/7420"}],"wp:attachment":[{"href":"https:\/\/www.sportchaco.com.ar\/index.php?rest_route=%2Fwp%2Fv2%2Fmedia&parent=7419"}],"wp:term":[{"taxonomy":"category","embeddable":true,"href":"https:\/\/www.sportchaco.com.ar\/index.php?rest_route=%2Fwp%2Fv2%2Fcategories&post=7419"},{"taxonomy":"post_tag","embeddable":true,"href":"https:\/\/www.sportchaco.com.ar\/index.php?rest_route=%2Fwp%2Fv2%2Ftags&post=7419"}],"curies":[{"name":"wp","href":"https:\/\/api.w.org\/{rel}","templated":true}]}}