{"id":7451,"date":"2024-03-28T20:30:49","date_gmt":"2024-03-28T23:30:49","guid":{"rendered":"https:\/\/www.sportchaco.com.ar\/?p=7451"},"modified":"2024-03-28T20:30:49","modified_gmt":"2024-03-28T23:30:49","slug":"battaglia-se-sintio-manoseado-cuando-lo-echaron-boca","status":"publish","type":"post","link":"https:\/\/www.sportchaco.com.ar\/?p=7451","title":{"rendered":"Battaglia se sinti\u00f3 manoseado cuando lo echaron Boca"},"content":{"rendered":"<h1><\/h1>\n<p class=\"description\">El Le\u00f3n revel\u00f3 detalles in\u00e9ditos de su adi\u00f3s del club como entrenador y apunt\u00f3 contra el Consejo de F\u00fatbol por la forma en la que se lo comunicaron.<\/p>\n<div class=\"article-info\">\n<div class=\"article-info-left\">\n<div class=\"article-autor-info\">\n<div class=\"article-autor-name\"><time datetime=\"2024-03-28T15:47:01-03:00\">28\/03\/2024 03:47 pm<\/time><\/div>\n<\/div>\n<\/div>\n<\/div>\n<figure class=\"rat16x9\"><img decoding=\"async\" title=\"Sebasti\u00e1n Battaglia\" src=\"https:\/\/media.tycsports.com\/files\/2024\/03\/28\/696342\/sebastian-battaglia_416x234.webp\" srcset=\"https:\/\/media.tycsports.com\/files\/2024\/03\/28\/696342\/sebastian-battaglia_416x234.webp 480w ,https:\/\/media.tycsports.com\/files\/2024\/03\/28\/696342\/sebastian-battaglia_862x485.webp 1080w \" alt=\"Sebasti\u00e1n Battaglia\" \/><figcaption>\u00a0Battaglia retir\u00e1ndose de La Bombonera tras la derrota de Boca con Banfield en 2022.<\/figcaption><\/figure>\n<p class=\"capital\">Cerca de cumplirse dos a\u00f1os desde su adi\u00f3s de Boca como entrenador,\u00a0<b>Sebasti\u00e1n Battaglia,<\/b>\u00a0m\u00e1ximo ganador en la historia del club, recapitul\u00f3 y\u00a0<b>rememor\u00f3 los pormenores de c\u00f3mo se dio aquella situaci\u00f3n en la que miembros del Consejo de F\u00fatbol le comunicaron su despido en una estaci\u00f3n de servicio.<\/b>\u00a0En un L\u00edbero vs. imperdible en TyC Sports, el Le\u00f3n habl\u00f3 de un\u00a0<b>\u00abdestrato\u00bb\u00a0<\/b>para con su persona y explic\u00f3 que esa conferencia de prensa pos derrota con Corinthians en la Copa Libertadores 2022 reclamando refuerzos pudo haber sido la clave para que le dieran v\u00eda libre.<\/p>\n<div class=\"watchto-wrap\">\n<div class=\"watchto\"><a class=\"imgwrap\" title=\"Las lesiones que frenaron a Sebasti\u00e1n Battaglia en Boca y la que lo retir\u00f3 del f\u00fatbol \" href=\"https:\/\/www.tycsports.com\/libero\/las-lesiones-que-frenaron-a-sebastian-battaglia-en-boca-y-la-que-lo-retiro-del-futbol--id574080.html\"><picture><source srcset=\"https:\/\/media.tycsports.com\/files\/2024\/03\/28\/696300\/sebastian-battaglia-en-su-etapa-como-jugador-de-boca-etsuo-haragetty-images_267x150.webp?v=1\" media=\"(min-width: 721px)\" \/><source srcset=\"https:\/\/media.tycsports.com\/files\/2024\/03\/28\/696300\/sebastian-battaglia-en-su-etapa-como-jugador-de-boca-etsuo-haragetty-images_267x356.webp?v=1\" media=\"(max-width: 721px)\" \/><img decoding=\"async\" src=\"https:\/\/media.tycsports.com\/files\/2024\/03\/28\/696300\/sebastian-battaglia-en-su-etapa-como-jugador-de-boca-etsuo-haragetty-images_267x150.webp?v=1\" alt=\"Foto: Las lesiones que frenaron a Sebasti\u00e1n Battaglia en Boca y la que lo retir\u00f3 del f\u00fatbol \" data-src=\"https:\/\/media.tycsports.com\/files\/2024\/03\/28\/696300\/sebastian-battaglia-en-su-etapa-como-jugador-de-boca-etsuo-haragetty-images_267x150.webp?v=1\" \/><\/picture><\/a><\/p>\n<div class=\"watchto-text\"><\/div>\n<div class=\"watchto-btn-view\"><\/div>\n<\/div>\n<\/div>\n<p>&nbsp;<\/p>\n<p><i><b>\u00abSe decidi\u00f3 por el cambio. Esa declaraci\u00f3n que dicen que yo hice en su momento&#8230;\u00bb<\/b>,<\/i>\u00a0comenz\u00f3 relatando el entrenador de 43 a\u00f1os, que por ahora est\u00e1 sin club tras su breve paso por Hurac\u00e1n. En esa misma l\u00ednea, prosigui\u00f3 con la explicaci\u00f3n, sosteniendo la misma postura de ese momento:<i>\u00a0\u00abNo vino ning\u00fan refuerzo, despu\u00e9s lleg\u00f3 Payero que lo hab\u00eda pedido yo.\u00a0<b>Parece que el malo de la pel\u00edcula es uno solo, pero no es as\u00ed. No estaban de acuerdo con mi pensamiento, hab\u00eda un cortocircuito que se fue estirando y se fue agrandando. Y cuando tuviera la oportunidad, decidieron cortar con el proceso sin ver las cosas buenas que se estaban haciendo\u00bb.<\/b><\/i><\/p>\n<p>&nbsp;<\/p>\n<p>\u00bfQu\u00e9 hab\u00eda dicho el Le\u00f3n en esa explosiva conferencia que le abri\u00f3 las puertas de salida? Ante la consulta de un periodista sobre si Boca podr\u00eda haber sido m\u00e1s agresivo en el mercado de pases, su respuesta inmediata todav\u00eda con las pulsaciones altas fue qu<i>e \u201cs\u00ed, seguramente se podr\u00eda haber acelerado; hay cuestiones que uno plantea y a partir de ah\u00ed deber\u00edan resolverse en el tiempo que deben resolverse, y no se resolvieron\u00bb.<\/i><\/p>\n<section class=\"fluidMedia\">\n<div id=\"video-genoa-696309\" class=\"player-nota-wrapper genoa-async lazycontainer\" data-contentid=\"1597126\" data-share=\"https:\/\/www.tycsports.com\/boca-juniors\/sebastian-battaglia-boca-despido-dt-estacion-de-servicio-id574105.html\"><\/div>\n<\/section>\n<div class=\"watchto-wrap\">\n<div class=\"watchto\">\n<div class=\"watchto-text\">\n<p>&nbsp;<\/p>\n<\/div>\n<\/div>\n<\/div>\n<h2>Battaglia y el destrato del Consejo de F\u00fatbol de Boca por echarlo en una estaci\u00f3n de servicio<\/h2>\n<p>En aquel entonces, por mediados de 2022, mucho se hab\u00eda hablado sobre la pol\u00e9mica salida del Le\u00f3n sobre todo porque r\u00e1pidamente trascendi\u00f3 que hab\u00eda sido\u00a0<b>despedido en un escenario ins\u00f3lito: una estaci\u00f3n de servicio.\u00a0<\/b>El propio Battaglia as\u00ed lo confirm\u00f3 y no dud\u00f3 en definirlo como un \u00abdestrato\u00bb.<\/p>\n<p><i>\u00abYo tengo mucha historia en ese club y siempre voy a querer lo mejor para Boca, pero\u00a0<b>no me parece que sea la forma.<\/b>\u00a0El d\u00eda que te quieren contratar es todo color de rosas y despu\u00e9s te vas transformando.\u00a0<b>Hubiese estado bueno que hubiera sido de otra manera, no estuvo bien.\u00a0<\/b>Yo no te digo que hago todo bien, tambi\u00e9n tengo mis equivocaciones, pero\u00a0<b>est<\/b><\/i><i><b>\u00e1 claro que no estuvo bien y qued\u00f3 a la vista de todos<\/b>\u00ab<\/i>, reflexion\u00f3 de manera contundente el multicampe\u00f3n con el conjunto de la Ribera.\u00a0 Fuente TyC Sports<\/p>\n","protected":false},"excerpt":{"rendered":"<p>El Le\u00f3n revel\u00f3 detalles in\u00e9ditos de su adi\u00f3s del club como entrenador y apunt\u00f3 contra el Consejo de F\u00fatbol por la forma en la que se lo comunicaron. 28\/03\/2024 03:47 pm \u00a0Battaglia retir\u00e1ndose de La Bombonera tras la derrota de Boca con Banfield en 2022. Cerca de cumplirse dos a\u00f1os desde su adi\u00f3s de Boca &hellip;<\/p>\n","protected":false},"author":2,"featured_media":7453,"comment_status":"open","ping_status":"open","sticky":false,"template":"","format":"standard","meta":{"footnotes":""},"categories":[47],"tags":[],"class_list":["post-7451","post","type-post","status-publish","format-standard","has-post-thumbnail","hentry","category-nacionales"],"_links":{"self":[{"href":"https:\/\/www.sportchaco.com.ar\/index.php?rest_route=\/wp\/v2\/posts\/7451","targetHints":{"allow":["GET"]}}],"collection":[{"href":"https:\/\/www.sportchaco.com.ar\/index.php?rest_route=\/wp\/v2\/posts"}],"about":[{"href":"https:\/\/www.sportchaco.com.ar\/index.php?rest_route=\/wp\/v2\/types\/post"}],"author":[{"embeddable":true,"href":"https:\/\/www.sportchaco.com.ar\/index.php?rest_route=\/wp\/v2\/users\/2"}],"replies":[{"embeddable":true,"href":"https:\/\/www.sportchaco.com.ar\/index.php?rest_route=%2Fwp%2Fv2%2Fcomments&post=7451"}],"version-history":[{"count":1,"href":"https:\/\/www.sportchaco.com.ar\/index.php?rest_route=\/wp\/v2\/posts\/7451\/revisions"}],"predecessor-version":[{"id":7454,"href":"https:\/\/www.sportchaco.com.ar\/index.php?rest_route=\/wp\/v2\/posts\/7451\/revisions\/7454"}],"wp:featuredmedia":[{"embeddable":true,"href":"https:\/\/www.sportchaco.com.ar\/index.php?rest_route=\/wp\/v2\/media\/7453"}],"wp:attachment":[{"href":"https:\/\/www.sportchaco.com.ar\/index.php?rest_route=%2Fwp%2Fv2%2Fmedia&parent=7451"}],"wp:term":[{"taxonomy":"category","embeddable":true,"href":"https:\/\/www.sportchaco.com.ar\/index.php?rest_route=%2Fwp%2Fv2%2Fcategories&post=7451"},{"taxonomy":"post_tag","embeddable":true,"href":"https:\/\/www.sportchaco.com.ar\/index.php?rest_route=%2Fwp%2Fv2%2Ftags&post=7451"}],"curies":[{"name":"wp","href":"https:\/\/api.w.org\/{rel}","templated":true}]}}