{"id":7469,"date":"2024-03-29T11:28:26","date_gmt":"2024-03-29T14:28:26","guid":{"rendered":"https:\/\/www.sportchaco.com.ar\/?p=7469"},"modified":"2024-03-29T11:28:26","modified_gmt":"2024-03-29T14:28:26","slug":"lesion-ligamentaria-de-federico-redondo","status":"publish","type":"post","link":"https:\/\/www.sportchaco.com.ar\/?p=7469","title":{"rendered":"Lesi\u00f3n ligamentaria de Federico Redondo"},"content":{"rendered":"<header class=\"article-header\" data-tadevel-template=\"web\/article-header\">\n<h6 class=\"article-title\">29-03-2024<\/h6>\n<h4 class=\"article-deck\">El volante central volvi\u00f3 con la lesi\u00f3n de la gira que realiz\u00f3 por Mexico con la Selecci\u00f3n Sub23 que se prepara para los Juegos Ol\u00edmpicos de Paris 2024.<\/h4>\n<div class=\"style-scope share-button-set\"><\/div>\n<\/header>\n<div class=\"columns\" data-tadevel-template=\"web\/article-columns\">\n<div class=\"column-main\">\n<figure class=\"multimedia\" data-type=\"photo\" data-tadevel-template=\"web\/multimedia\">\n<div class=\"content\">\n<div class=\"sizer\" data-sizer=\"aspect-ratio\" data-tadevel-template=\"web\/aspect-ratio\">\n<div class=\"backdrop\" data-tadevel-template=\"web\/picture\"><\/div>\n<picture data-tadevel-template=\"web\/picture\"><source srcset=\"https:\/\/alpha-assets.tadevel-cdn.com\/66062b1c41ccb4cd3936c9ae\/180.webp 271w, https:\/\/alpha-assets.tadevel-cdn.com\/66062b1c41ccb4cd3936c9ae\/360.webp 540w, https:\/\/alpha-assets.tadevel-cdn.com\/66062b1c41ccb4cd3936c9ae\/720.webp 1081w\" type=\"image\/webp\" sizes=\"(min-device-width: 768px) 768px, 200px\" \/><source srcset=\"https:\/\/alpha-assets.tadevel-cdn.com\/66062b1c41ccb4cd3936c9ae\/720.jpeg 1081w\" type=\"image\/jpeg\" sizes=\"(min-device-width: 768px) 768px, 200px\" \/><\/picture>\n<div class=\"overlay\"><\/div>\n<\/div>\n<\/div>\n<\/figure>\n<div class=\"article-body\" data-tadevel-template=\"web\/article-body\">\n<div class=\"article-body-content\">\n<p>Federico Redondo, que se hab\u00eda ganado la titularidad indiscutida en el Inter de Miami, deber\u00e1 estar por dos meses fuera del equipo a ra\u00edz de una lesi\u00f3n ligamentaria que sufri\u00f3 durante la\u00a0gira por\u00a0M\u00e9xico\u00a0que realiz\u00f3 con la\u00a0Selecci\u00f3n Argentina Sub 23.<\/p>\n<p>Seg\u00fan inform\u00f3\u00a0Inter Miami mediante un comunicado, el mediocampista central\u00a0sufri\u00f3 una \u00ablesi\u00f3n en el ligamento colateral de la rodilla izquierda\u00bb, e indicaron que \u00abse espera que sea baja por aproximadamente ocho semanas\u00bb. Redondo regresar\u00eda a la actividad aproximadamente un mes antes del inicio de los Juegos Ol\u00edmpicos de Par\u00eds 2024, pactados para el viernes 26 de julio.<\/p>\n<p>En los dos amistosos ante M\u00e9xico,\u00a0Redondo sum\u00f3 nueve minutos en la victoria por 4-2, mientras que fue suplente en la derrota por 3-0.<\/p>\n<p>El comunicado se dio a trav\u00e9s de las redes sociales del club de la Florida y tuvo un gran impacto. El volante argentino lleg\u00f3 para esta temporada y se gan\u00f3 un lugar como titular de inmediato.<\/p>\n<p><img loading=\"lazy\" decoding=\"async\" class=\"alignnone size-medium wp-image-7410\" src=\"https:\/\/www.sportchaco.com.ar\/wp-content\/uploads\/2024\/03\/sube-gob-24-300x300.jpg\" alt=\"\" width=\"300\" height=\"300\" srcset=\"https:\/\/www.sportchaco.com.ar\/wp-content\/uploads\/2024\/03\/sube-gob-24-300x300.jpg 300w, https:\/\/www.sportchaco.com.ar\/wp-content\/uploads\/2024\/03\/sube-gob-24-1024x1024.jpg 1024w, https:\/\/www.sportchaco.com.ar\/wp-content\/uploads\/2024\/03\/sube-gob-24-150x150.jpg 150w, https:\/\/www.sportchaco.com.ar\/wp-content\/uploads\/2024\/03\/sube-gob-24-768x768.jpg 768w, https:\/\/www.sportchaco.com.ar\/wp-content\/uploads\/2024\/03\/sube-gob-24.jpg 1080w\" sizes=\"auto, (max-width: 300px) 100vw, 300px\" \/><\/p>\n<\/div>\n<\/div>\n<\/div>\n<\/div>\n","protected":false},"excerpt":{"rendered":"<p>29-03-2024 El volante central volvi\u00f3 con la lesi\u00f3n de la gira que realiz\u00f3 por Mexico con la Selecci\u00f3n Sub23 que se prepara para los Juegos Ol\u00edmpicos de Paris 2024. Federico Redondo, que se hab\u00eda ganado la titularidad indiscutida en el Inter de Miami, deber\u00e1 estar por dos meses fuera del equipo a ra\u00edz de una &hellip;<\/p>\n","protected":false},"author":2,"featured_media":7470,"comment_status":"open","ping_status":"open","sticky":false,"template":"","format":"standard","meta":{"footnotes":""},"categories":[6],"tags":[],"class_list":["post-7469","post","type-post","status-publish","format-standard","has-post-thumbnail","hentry","category-internacionales"],"_links":{"self":[{"href":"https:\/\/www.sportchaco.com.ar\/index.php?rest_route=\/wp\/v2\/posts\/7469","targetHints":{"allow":["GET"]}}],"collection":[{"href":"https:\/\/www.sportchaco.com.ar\/index.php?rest_route=\/wp\/v2\/posts"}],"about":[{"href":"https:\/\/www.sportchaco.com.ar\/index.php?rest_route=\/wp\/v2\/types\/post"}],"author":[{"embeddable":true,"href":"https:\/\/www.sportchaco.com.ar\/index.php?rest_route=\/wp\/v2\/users\/2"}],"replies":[{"embeddable":true,"href":"https:\/\/www.sportchaco.com.ar\/index.php?rest_route=%2Fwp%2Fv2%2Fcomments&post=7469"}],"version-history":[{"count":1,"href":"https:\/\/www.sportchaco.com.ar\/index.php?rest_route=\/wp\/v2\/posts\/7469\/revisions"}],"predecessor-version":[{"id":7471,"href":"https:\/\/www.sportchaco.com.ar\/index.php?rest_route=\/wp\/v2\/posts\/7469\/revisions\/7471"}],"wp:featuredmedia":[{"embeddable":true,"href":"https:\/\/www.sportchaco.com.ar\/index.php?rest_route=\/wp\/v2\/media\/7470"}],"wp:attachment":[{"href":"https:\/\/www.sportchaco.com.ar\/index.php?rest_route=%2Fwp%2Fv2%2Fmedia&parent=7469"}],"wp:term":[{"taxonomy":"category","embeddable":true,"href":"https:\/\/www.sportchaco.com.ar\/index.php?rest_route=%2Fwp%2Fv2%2Fcategories&post=7469"},{"taxonomy":"post_tag","embeddable":true,"href":"https:\/\/www.sportchaco.com.ar\/index.php?rest_route=%2Fwp%2Fv2%2Ftags&post=7469"}],"curies":[{"name":"wp","href":"https:\/\/api.w.org\/{rel}","templated":true}]}}