{"id":7483,"date":"2024-03-29T19:20:44","date_gmt":"2024-03-29T22:20:44","guid":{"rendered":"https:\/\/www.sportchaco.com.ar\/?p=7483"},"modified":"2024-03-29T19:20:44","modified_gmt":"2024-03-29T22:20:44","slug":"complicada-logistica-para-el-viaje-de-boca-a-bolivia","status":"publish","type":"post","link":"https:\/\/www.sportchaco.com.ar\/?p=7483","title":{"rendered":"Complicada log\u00edstica para el viaje de Boca a Bolivia"},"content":{"rendered":"<header class=\"article-header-wrapper\">\n<div class=\"article-header \">\n<h5><\/h5>\n<h5>29-03-2024<\/h5>\n<h5 id=\"avion-division-del-plantel-en-dos-hoteles-y-viaje-en-4x4-el-dia-del-partido:-la-odisea-de-boca-juniors-por-la-sudamericana-en-bolivia\" class=\"article-headline left \">Avi\u00f3n, divisi\u00f3n del plantel en dos hoteles y viaje en 4&#215;4 el d\u00eda del partido: la odisea de Boca Juniors por la Sudamericana en Bolivia El contingente xeneize volar\u00e1 este lunes a Sucre, donde se concentrar\u00e1 de cara al partido del mi\u00e9rcoles contra Nacional Potos\u00ed<\/h5>\n<div class=\"byline\">\n<div class=\"byline-image-ctn\"><\/div>\n<\/div>\n<\/div>\n<\/header>\n<article class=\"article\">\n<div class=\"sharebar-container\">\n<div class=\"sharebar-buttons-container\">\n<div class=\"sharebar-buttons button-share\" tabindex=\"0\" role=\"button\" aria-label=\"Compartir\"><\/div>\n<\/div>\n<\/div>\n<div class=\"body-article\">\n<div class=\"visual__image\"><img loading=\"lazy\" decoding=\"async\" class=\"\" src=\"https:\/\/www.infobae.com\/new-resizer\/q5a5lWGWqk23uZtuxLt92TJMAyA=\/420x236\/filters:format(webp):quality(85)\/cloudfront-us-east-1.images.arcpublishing.com\/infobae\/BID2ZVINXVB7JKKZ3M7LXUVWPY.jpg%20420w\" sizes=\"auto, (min-width: 1560px) 856px, (min-width: 1000px) calc(74.63vw - 293px), (min-width: 780px) calc(100vw - 376px), (min-width: 580px) calc(100vw - 32px), 100vw\" srcset=\"https:\/\/www.infobae.com\/new-resizer\/q5a5lWGWqk23uZtuxLt92TJMAyA=\/420x236\/filters:format(webp):quality(85)\/cloudfront-us-east-1.images.arcpublishing.com\/infobae\/BID2ZVINXVB7JKKZ3M7LXUVWPY.jpg 420w,https:\/\/www.infobae.com\/new-resizer\/VboEs1uS6SnFg-nMmFNHrRMnakI=\/768x432\/filters:format(webp):quality(85)\/cloudfront-us-east-1.images.arcpublishing.com\/infobae\/BID2ZVINXVB7JKKZ3M7LXUVWPY.jpg 768w,https:\/\/www.infobae.com\/new-resizer\/8cw8rXx5QI4nVuiQjAy_th0yKxs=\/992x558\/filters:format(webp):quality(85)\/cloudfront-us-east-1.images.arcpublishing.com\/infobae\/BID2ZVINXVB7JKKZ3M7LXUVWPY.jpg 992w,https:\/\/www.infobae.com\/new-resizer\/645zJxCDBUcOxhqI3o_svd7Q35g=\/1200x675\/filters:format(webp):quality(85)\/cloudfront-us-east-1.images.arcpublishing.com\/infobae\/BID2ZVINXVB7JKKZ3M7LXUVWPY.jpg 1200w,https:\/\/www.infobae.com\/new-resizer\/b03T3HFzc4X9t9ncPLsfCb9lAB4=\/1440x810\/filters:format(webp):quality(85)\/cloudfront-us-east-1.images.arcpublishing.com\/infobae\/BID2ZVINXVB7JKKZ3M7LXUVWPY.jpg 1440w\" alt=\"El estadio V\u00edctor Agust\u00edn Ugarte est\u00e1 ubicado en Potos\u00ed a 3.885 metros sobre el nivel del mar\" width=\"1920\" height=\"1080\" data-src=\"https:\/\/www.infobae.com\/new-resizer\/q5a5lWGWqk23uZtuxLt92TJMAyA=\/420x236\/filters:format(webp):quality(85)\/cloudfront-us-east-1.images.arcpublishing.com\/infobae\/BID2ZVINXVB7JKKZ3M7LXUVWPY.jpg 420w\" \/>El estadio V\u00edctor Agust\u00edn Ugarte est\u00e1 ubicado en Potos\u00ed a 3.885 metros sobre el nivel del mar<\/div>\n<p class=\"paragraph\"><b>Boca Juniors<\/b>\u00a0afrontar\u00e1 su primera cita por la Copa Sudamericana 2024 contra un rival que le ser\u00e1 inc\u00f3modo a m\u00e1s de uno:\u00a0<b>Nacional Potos\u00ed<\/b>. Y es que el conjunto boliviano, que se clasific\u00f3 al certamen continental luego de atravesar las fases de playoff, juega de local en el estadio<i>\u00a0V\u00edctor Agust\u00edn Ugarte<\/i>, que est\u00e1 ubicado<b>\u00a0a casi 4.000 metros sobre el nivel del mar<\/b>. Pero la condici\u00f3n clim\u00e1tica no ser\u00e1 el \u00fanico condimento con el que tendr\u00e1 que luchar el\u00a0<i>Xeneize<\/i>, ya que adem\u00e1s tendr\u00e1 que atravesar una odisea antes de saltar al campo de juego.<\/p>\n<p class=\"paragraph\">Como la localidad donde est\u00e1 ubicada la cancha no est\u00e1 del todo preparada para la visita de contingentes internacionales de \u00e9lite, el plan de Boca fue viajar este lunes hacia Sucre, capital administrativa de Bolivia, que est\u00e1 situada a 158 kil\u00f3metros del estadio. Pero al primer vuelo desde Ezeiza hasta Sucre, que durar\u00e1 unas 7 horas, hay que sumarle que la delegaci\u00f3n azul y oro no podr\u00e1 hospedarse en el mismo hotel por una cuesti\u00f3n de capacidad:\u00a0<b>s\u00ed, el plantel, cuerpo t\u00e9cnico, dirigentes y auxiliares tendr\u00e1n que dividirse en dos y coordinar los ingresos y egresos a toda hora.<\/b><\/p>\n<p class=\"paragraph\">Desde Boca le confirmaron a\u00a0<b>Infobae<\/b>\u00a0que el club estaba tratando de tramitar mejoras en los traslados, accesos y descanso para que la estad\u00eda de los jugadores sea m\u00e1s llevadera y no resulten perjudicados en el aspecto f\u00edsico dentro de la cancha. Aunque lo cierto es que la peor parte ser\u00e1\u00a0<b>el rally al que ser\u00e1n sometidos los futbolistas a horas de salir a la cancha.<\/b><\/p>\n<p class=\"paragraph\">A trav\u00e9s de las redes sociales, en las \u00faltimas horas se viraliz\u00f3 un video publicado por ESPN que muestra la ruta que recorri\u00f3 el plantel de Estudiantes de La Plata para disputar un encuentro contra Nacional Potos\u00ed por la segunda fase de la Sudamericana 2017. En el mismo, se observan varias camionetas aptas para el camino que une a la ciudad de Sucre con Potos\u00ed.<\/p>\n<div class=\"rawHTML raw_html \">\n<div class=\"container-video\"><\/div>\n<\/div>\n<p class=\"paragraph\">El partido est\u00e1 pactado para este mi\u00e9rcoles a las 20:00 de Potos\u00ed y 21:00 de Buenos Aires. Ese mismo d\u00eda, el contingente boquense partir\u00e1 en distintos grupos en\u00a0<b>minibuses 4&#215;4 que est\u00e1n adaptados a caminos de monta\u00f1a<\/b>\u00a0para de esa forma no recurrir a la demora que generar\u00eda un micro de larga distancia. Calculan que el ahorro entre un tipo de veh\u00edculo y otro es de tres horas: las combis atravesar\u00e1n sinuosos senderos de ripio en apenas tres horas, cuando los buses lo har\u00edan en seis.<\/p>\n<p class=\"paragraph\">Lo que deber\u00e1 definir Diego Mart\u00ednez es si emplear\u00e1 para el debut copero internacional una formaci\u00f3n titular, un mix o un equipo muleto teniendo en cuenta que tiene que agotar sus fichas en la Copa de la Liga. El pr\u00f3ximo s\u00e1bado visitar\u00e1 a\u00a0<b>Newell\u2019s\u00a0<\/b>en Rosario, en un duelo que puede significar un punto de inflexi\u00f3n para Boca, antes de completar su duelo postergado ante\u00a0<b>Estudiantes en La Plata<\/b>\u00a0y cerrar su participaci\u00f3n en la fase regular contra\u00a0<b>Godoy Cruz<\/b>\u00a0en la Bombonera.<\/p>\n<p class=\"paragraph\">Vale recordar que el siguiente viaje de Boca ser\u00e1 reci\u00e9n de cara al match contra\u00a0<b>Fortaleza de Brasil<\/b>, por la tercera jornada del Grupo D de la Sudamericana, el 25 de abril. A pesar de que la duraci\u00f3n del vuelo hacia el noreste brasile\u00f1o es parecido al tramo de Buenos Aires a Sucre, el itinerario de viaje resulta mucho m\u00e1s liviano, as\u00ed como las comodidades y facilidades de alojamiento y traslado interno. Y lo mismo ocurrir\u00e1 en la primera semana de mayo, cuando viaje a Asunci\u00f3n para medirse con\u00a0<b>Sportivo Trinidense de Paraguay<\/b>\u00a0por la cuarta fecha de la zona.<\/p>\n<div class=\"visual__image\"><img loading=\"lazy\" decoding=\"async\" class=\"\" src=\"https:\/\/www.infobae.com\/new-resizer\/pB3xsDl-TqlIDigg4mW6A4DERFM=\/420x560\/filters:format(webp):quality(85)\/cloudfront-us-east-1.images.arcpublishing.com\/infobae\/KN6JYMKX2NFYLJRLAPBXIRFAQE.jpg%20420w\" sizes=\"auto, (min-width: 1560px) 856px, (min-width: 1000px) calc(74.63vw - 293px), (min-width: 780px) calc(100vw - 376px), (min-width: 580px) calc(100vw - 32px), 100vw\" srcset=\"https:\/\/www.infobae.com\/new-resizer\/pB3xsDl-TqlIDigg4mW6A4DERFM=\/420x560\/filters:format(webp):quality(85)\/cloudfront-us-east-1.images.arcpublishing.com\/infobae\/KN6JYMKX2NFYLJRLAPBXIRFAQE.jpg 420w,https:\/\/www.infobae.com\/new-resizer\/1pybPI2p_ej6ifbpFlFmbWqvO48=\/768x1024\/filters:format(webp):quality(85)\/cloudfront-us-east-1.images.arcpublishing.com\/infobae\/KN6JYMKX2NFYLJRLAPBXIRFAQE.jpg 768w,https:\/\/www.infobae.com\/new-resizer\/iBpaoxsNaGX_hrFY5w-hCqMf4ng=\/992x1323\/filters:format(webp):quality(85)\/cloudfront-us-east-1.images.arcpublishing.com\/infobae\/KN6JYMKX2NFYLJRLAPBXIRFAQE.jpg 992w,https:\/\/www.infobae.com\/new-resizer\/UsdSALO87xN4flsGTZQzNf77smw=\/1200x1600\/filters:format(webp):quality(85)\/cloudfront-us-east-1.images.arcpublishing.com\/infobae\/KN6JYMKX2NFYLJRLAPBXIRFAQE.jpg 1200w\" alt=\"La expedici\u00f3n de Boca Juniors comenzar\u00e1 este lunes\" width=\"1080\" height=\"1350\" data-src=\"https:\/\/www.infobae.com\/new-resizer\/pB3xsDl-TqlIDigg4mW6A4DERFM=\/420x560\/filters:format(webp):quality(85)\/cloudfront-us-east-1.images.arcpublishing.com\/infobae\/KN6JYMKX2NFYLJRLAPBXIRFAQE.jpg 420w\" \/>La expedici\u00f3n de Boca Juniors comenzar\u00e1 este lunes<\/div>\n<p class=\"paragraph\"><u><b>LA AGENDA DE BOCA JUNIORS<\/b><\/u><\/p>\n<p class=\"paragraph\"><b>\u00b7 Mi\u00e9rcoles 3 de abril<\/b><\/p>\n<p class=\"paragraph\"><b>21.00<\/b>\u00a0Nacional Potos\u00ed-Boca (Fecha 1 &#8211; Copa Sudamericana)<\/p>\n<p class=\"paragraph\"><b>\u00b7 S\u00e1bado 6 de abril<\/b><\/p>\n<p class=\"paragraph\"><b>17.00<\/b>\u00a0Newell\u2019s-Boca (Fecha 13 &#8211; Copa de la Liga)<\/p>\n<p class=\"paragraph\"><b>\u00b7 Martes 9 de abril<\/b><\/p>\n<p class=\"paragraph\"><b>21.00<\/b>\u00a0Boca-Sportivo Trinidense (Fecha 2 &#8211; Copa Sudamericana)<\/p>\n<p class=\"paragraph\"><b>\u00b7 Fecha a confirmar:<\/b><\/p>\n<p class=\"paragraph\">Estudiantes-Boca (Postergado Fecha 9 &#8211; Copa de la Liga)<\/p>\n<p class=\"paragraph\">Boca-Godoy Cruz (Fecha 14 &#8211; Copa de la Liga)<\/p>\n<p class=\"paragraph\"><b>\u00b7 Jueves 25 de abril<\/b><\/p>\n<p class=\"paragraph\"><b>21.00<\/b>\u00a0Fortaleza-Boca (Fecha 3 &#8211; Copa Sudamericana)<\/p>\n<p class=\"paragraph\"><b>\u00b7 Mi\u00e9rcoles 8 de mayo<\/b><\/p>\n<p class=\"paragraph\"><b>21.30<\/b>\u00a0Sportivo Trinidense-Boca (Fecha 4 &#8211; Copa Sudamericana)<\/p>\n<p class=\"paragraph\"><b>\u00b7 Mi\u00e9rcoles 15 de mayo<\/b><\/p>\n<p class=\"paragraph\"><b>21.00<\/b>\u00a0Boca-Fortaleza (Fecha 5 &#8211; Copa Sudamericana)<\/p>\n<p class=\"paragraph\"><b>\u00b7 Mi\u00e9rcoles 29 de mayo<\/b><\/p>\n<p class=\"paragraph\"><b>21.00<\/b>\u00a0Nacional Potos\u00ed-Boca (Fecha 6 &#8211; Copa Sudamericana)<\/p>\n<div class=\"article-tags-container\">\n<div class=\"article-tags-headline\">\n<div class=\"related-themes-icon\"><\/div>\n<header class=\"article-header-wrapper\">\n<div class=\"article-header \">\n<div class=\"byline\">\n<div class=\"byline-image-ctn\">\n<div class=\"author-image-header\"><img loading=\"lazy\" decoding=\"async\" class=\"byline-author-image lazyload\" src=\"https:\/\/s3.amazonaws.com\/arc-authors\/infobae\/e6622ee8-5a86-4321-bba2-95b6cb3baa8c.jpg\" alt=\"Federico Cristofanelli\" width=\"60\" height=\"60\" data-src=\"https:\/\/s3.amazonaws.com\/arc-authors\/infobae\/e6622ee8-5a86-4321-bba2-95b6cb3baa8c.jpg\" \/><\/div>\n<\/div>\n<p class=\"authors-name-txt-ctn\">Por <a class=\"author-name\" href=\"https:\/\/www.infobae.com\/autor\/federico-cristofanelli\/\" aria-label=\"Federico Cristofanelli\">Federico Cristofanelli<\/a><\/p>\n<\/div>\n<\/div>\n<\/header>\n<article class=\"article\">\n<div class=\"sharebar-container\">\n<div class=\"sharebar-buttons-container\">\n<div class=\"sharebar-buttons button-share\" tabindex=\"0\" role=\"button\" aria-label=\"Compartir\">Fuente: Infobae<\/div>\n<div tabindex=\"0\" role=\"button\" aria-label=\"Compartir\"><\/div>\n<div tabindex=\"0\" role=\"button\" aria-label=\"Compartir\"><img loading=\"lazy\" decoding=\"async\" class=\"alignnone size-medium wp-image-7361\" src=\"https:\/\/www.sportchaco.com.ar\/wp-content\/uploads\/2024\/03\/gob-clausula-gatillo-1080x1350-1-240x300.jpg\" alt=\"\" width=\"240\" height=\"300\" srcset=\"https:\/\/www.sportchaco.com.ar\/wp-content\/uploads\/2024\/03\/gob-clausula-gatillo-1080x1350-1-240x300.jpg 240w, https:\/\/www.sportchaco.com.ar\/wp-content\/uploads\/2024\/03\/gob-clausula-gatillo-1080x1350-1-819x1024.jpg 819w, https:\/\/www.sportchaco.com.ar\/wp-content\/uploads\/2024\/03\/gob-clausula-gatillo-1080x1350-1-768x960.jpg 768w, https:\/\/www.sportchaco.com.ar\/wp-content\/uploads\/2024\/03\/gob-clausula-gatillo-1080x1350-1.jpg 1080w\" sizes=\"auto, (max-width: 240px) 100vw, 240px\" \/><\/div>\n<div tabindex=\"0\" role=\"button\" aria-label=\"Compartir\"><\/div>\n<\/div>\n<div tabindex=\"0\" role=\"button\" aria-label=\"Compartir\"><strong>Foto portada: Festejo de Cavani y Merentiel<\/strong><\/div>\n<\/div>\n<\/article>\n<\/div>\n<\/div>\n<\/div>\n<\/article>\n","protected":false},"excerpt":{"rendered":"<p>29-03-2024 Avi\u00f3n, divisi\u00f3n del plantel en dos hoteles y viaje en 4&#215;4 el d\u00eda del partido: la odisea de Boca Juniors por la Sudamericana en Bolivia El contingente xeneize volar\u00e1 este lunes a Sucre, donde se concentrar\u00e1 de cara al partido del mi\u00e9rcoles contra Nacional Potos\u00ed El estadio V\u00edctor Agust\u00edn Ugarte est\u00e1 ubicado en Potos\u00ed &hellip;<\/p>\n","protected":false},"author":2,"featured_media":7485,"comment_status":"open","ping_status":"open","sticky":false,"template":"","format":"standard","meta":{"footnotes":""},"categories":[6],"tags":[],"class_list":["post-7483","post","type-post","status-publish","format-standard","has-post-thumbnail","hentry","category-internacionales"],"_links":{"self":[{"href":"https:\/\/www.sportchaco.com.ar\/index.php?rest_route=\/wp\/v2\/posts\/7483","targetHints":{"allow":["GET"]}}],"collection":[{"href":"https:\/\/www.sportchaco.com.ar\/index.php?rest_route=\/wp\/v2\/posts"}],"about":[{"href":"https:\/\/www.sportchaco.com.ar\/index.php?rest_route=\/wp\/v2\/types\/post"}],"author":[{"embeddable":true,"href":"https:\/\/www.sportchaco.com.ar\/index.php?rest_route=\/wp\/v2\/users\/2"}],"replies":[{"embeddable":true,"href":"https:\/\/www.sportchaco.com.ar\/index.php?rest_route=%2Fwp%2Fv2%2Fcomments&post=7483"}],"version-history":[{"count":1,"href":"https:\/\/www.sportchaco.com.ar\/index.php?rest_route=\/wp\/v2\/posts\/7483\/revisions"}],"predecessor-version":[{"id":7487,"href":"https:\/\/www.sportchaco.com.ar\/index.php?rest_route=\/wp\/v2\/posts\/7483\/revisions\/7487"}],"wp:featuredmedia":[{"embeddable":true,"href":"https:\/\/www.sportchaco.com.ar\/index.php?rest_route=\/wp\/v2\/media\/7485"}],"wp:attachment":[{"href":"https:\/\/www.sportchaco.com.ar\/index.php?rest_route=%2Fwp%2Fv2%2Fmedia&parent=7483"}],"wp:term":[{"taxonomy":"category","embeddable":true,"href":"https:\/\/www.sportchaco.com.ar\/index.php?rest_route=%2Fwp%2Fv2%2Fcategories&post=7483"},{"taxonomy":"post_tag","embeddable":true,"href":"https:\/\/www.sportchaco.com.ar\/index.php?rest_route=%2Fwp%2Fv2%2Ftags&post=7483"}],"curies":[{"name":"wp","href":"https:\/\/api.w.org\/{rel}","templated":true}]}}