{"id":7517,"date":"2024-03-31T00:02:37","date_gmt":"2024-03-31T03:02:37","guid":{"rendered":"https:\/\/www.sportchaco.com.ar\/?p=7517"},"modified":"2024-03-31T09:46:02","modified_gmt":"2024-03-31T12:46:02","slug":"efemerides-del-31-de-marzo","status":"publish","type":"post","link":"https:\/\/www.sportchaco.com.ar\/?p=7517","title":{"rendered":"Efem\u00e9rides del 31 de marzo"},"content":{"rendered":"<p>\u03c7Esta<strong> es la Efem\u00e9rides del Deporte en el Chaco de un 31 de marzo del periodista Luis Dar\u00edo Molodezky.<\/strong><\/p>\n<p><img loading=\"lazy\" decoding=\"async\" class=\"alignnone size-medium wp-image-7443\" src=\"https:\/\/www.sportchaco.com.ar\/wp-content\/uploads\/2024\/03\/Luis-Molodezky-3-210x300.jpg\" alt=\"\" width=\"210\" height=\"300\" srcset=\"https:\/\/www.sportchaco.com.ar\/wp-content\/uploads\/2024\/03\/Luis-Molodezky-3-210x300.jpg 210w, https:\/\/www.sportchaco.com.ar\/wp-content\/uploads\/2024\/03\/Luis-Molodezky-3.jpg 275w\" sizes=\"auto, (max-width: 210px) 100vw, 210px\" \/><\/p>\n<p>&nbsp;<\/p>\n<p><strong>1946 <\/strong>\/ Es fundado el Club Cultural Justo Jos\u00e9 de Urquiza de La Leonesa, luego de haberse instalado el Escuadr\u00f3n 14 Las Palmas de Gendarmer\u00eda Nacional. El nombre fue en funci\u00f3n de que la mayor\u00eda de los integrantes eran oriundos de Entre R\u00edos, y lo propio ocurri\u00f3 con los colores verde y blanco. La cancha se instal\u00f3 en el Ingenio Las Palmas, mientras que el b\u00e1squetbol se practicaba dentro del Escuadr\u00f3n. Luego construy\u00f3 canchas de tenis y de paleta<\/p>\n<p><img loading=\"lazy\" decoding=\"async\" class=\"alignnone size-medium wp-image-7518\" src=\"https:\/\/www.sportchaco.com.ar\/wp-content\/uploads\/2024\/03\/Osvaldo-Perez-300x199.jpg\" alt=\"\" width=\"300\" height=\"199\" srcset=\"https:\/\/www.sportchaco.com.ar\/wp-content\/uploads\/2024\/03\/Osvaldo-Perez-300x199.jpg 300w, https:\/\/www.sportchaco.com.ar\/wp-content\/uploads\/2024\/03\/Osvaldo-Perez-1024x678.jpg 1024w, https:\/\/www.sportchaco.com.ar\/wp-content\/uploads\/2024\/03\/Osvaldo-Perez-768x508.jpg 768w, https:\/\/www.sportchaco.com.ar\/wp-content\/uploads\/2024\/03\/Osvaldo-Perez.jpg 1280w\" sizes=\"auto, (max-width: 300px) 100vw, 300px\" \/><\/p>\n<p><strong>1979 <\/strong>\/ La Federaci\u00f3n Chaque\u00f1a de Pesca y Lanzamiento, inaugura su casa propia en la calle Liniers 754. El acto es presidido por su titular Osvaldo P\u00e9rez, y cuenta con la presencia del gobernador militar General de Brigada Antonio Serrano y el director de Turismo Jorge Loestecher.<\/p>\n<p><strong>1984 <\/strong>\/ Ernesto Bombardero Sena (medio mediano liviano) y Carlos Gabriel Salazar (minimosca), se coronan campeones del Selectivo de boxeo amateur organizado por la FAB, y clasifican para representar al pa\u00eds en los juegos Ol\u00edmpicos de LosAngeles. La finales se disputan en el Luna Park. Sena supera en lafinal a otro chaque\u00f1o, Ernesto Berm\u00fadez, mientras que Salazar al juje\u00f1o Bautista.<\/p>\n<p><strong>2021 \/<\/strong> Falleci\u00f3 Horacio Reinaldo Vallejos a los 72 a\u00f1os, locutor, conductor de programas radiales y visitador m\u00e9dico. Hab\u00eda nacido en Resistencia el 23 de febrero de 1949. Egresado de la Escuela Normal Sarmiento, estudi\u00f3 en la Universidad Nacional del Noreste en un curso de Periodismo patrocinado por la Secretar\u00eda de Extensi\u00f3n Universitaria entre 1970-72. Fue conductor del programa \u201cDiscogirando\u201d durante 45 a\u00f1os, el ciclo musical que se inici\u00f3 en LT 5 Radio Chaco y que continu\u00f3 en el tiempo para mantener su vigencia con algunos pocos cambios. Su padre Adolfo Vallejos fue operador de la LT 5 en los a\u00f1os \u00b450. Fue colaborador como locutor comercial en transmisiones deportivas<\/p>\n<p><img loading=\"lazy\" decoding=\"async\" class=\"alignnone size-medium wp-image-7520\" src=\"https:\/\/www.sportchaco.com.ar\/wp-content\/uploads\/2024\/03\/Horacio-Reinado-Vallejos-1-216x300.jpg\" alt=\"\" width=\"216\" height=\"300\" srcset=\"https:\/\/www.sportchaco.com.ar\/wp-content\/uploads\/2024\/03\/Horacio-Reinado-Vallejos-1-216x300.jpg 216w, https:\/\/www.sportchaco.com.ar\/wp-content\/uploads\/2024\/03\/Horacio-Reinado-Vallejos-1.jpg 439w\" sizes=\"auto, (max-width: 216px) 100vw, 216px\" \/><\/p>\n<p>&nbsp;<\/p>\n<p>Foto portada: Osvaldo P\u00e9rez, presidente de la Federaci\u00f3n de Pesca<\/p>\n<p><img loading=\"lazy\" decoding=\"async\" class=\"alignnone size-medium wp-image-7361\" src=\"https:\/\/www.sportchaco.com.ar\/wp-content\/uploads\/2024\/03\/gob-clausula-gatillo-1080x1350-1-240x300.jpg\" alt=\"\" width=\"240\" height=\"300\" srcset=\"https:\/\/www.sportchaco.com.ar\/wp-content\/uploads\/2024\/03\/gob-clausula-gatillo-1080x1350-1-240x300.jpg 240w, https:\/\/www.sportchaco.com.ar\/wp-content\/uploads\/2024\/03\/gob-clausula-gatillo-1080x1350-1-819x1024.jpg 819w, https:\/\/www.sportchaco.com.ar\/wp-content\/uploads\/2024\/03\/gob-clausula-gatillo-1080x1350-1-768x960.jpg 768w, https:\/\/www.sportchaco.com.ar\/wp-content\/uploads\/2024\/03\/gob-clausula-gatillo-1080x1350-1.jpg 1080w\" sizes=\"auto, (max-width: 240px) 100vw, 240px\" \/><\/p>\n","protected":false},"excerpt":{"rendered":"<p>\u03c7Esta es la Efem\u00e9rides del Deporte en el Chaco de un 31 de marzo del periodista Luis Dar\u00edo Molodezky. &nbsp; 1946 \/ Es fundado el Club Cultural Justo Jos\u00e9 de Urquiza de La Leonesa, luego de haberse instalado el Escuadr\u00f3n 14 Las Palmas de Gendarmer\u00eda Nacional. El nombre fue en funci\u00f3n de que la mayor\u00eda &hellip;<\/p>\n","protected":false},"author":2,"featured_media":7519,"comment_status":"open","ping_status":"open","sticky":false,"template":"","format":"standard","meta":{"footnotes":""},"categories":[45,33],"tags":[],"class_list":["post-7517","post","type-post","status-publish","format-standard","has-post-thumbnail","hentry","category-efemerides-dia-por-dia","category-marzo"],"_links":{"self":[{"href":"https:\/\/www.sportchaco.com.ar\/index.php?rest_route=\/wp\/v2\/posts\/7517","targetHints":{"allow":["GET"]}}],"collection":[{"href":"https:\/\/www.sportchaco.com.ar\/index.php?rest_route=\/wp\/v2\/posts"}],"about":[{"href":"https:\/\/www.sportchaco.com.ar\/index.php?rest_route=\/wp\/v2\/types\/post"}],"author":[{"embeddable":true,"href":"https:\/\/www.sportchaco.com.ar\/index.php?rest_route=\/wp\/v2\/users\/2"}],"replies":[{"embeddable":true,"href":"https:\/\/www.sportchaco.com.ar\/index.php?rest_route=%2Fwp%2Fv2%2Fcomments&post=7517"}],"version-history":[{"count":2,"href":"https:\/\/www.sportchaco.com.ar\/index.php?rest_route=\/wp\/v2\/posts\/7517\/revisions"}],"predecessor-version":[{"id":7552,"href":"https:\/\/www.sportchaco.com.ar\/index.php?rest_route=\/wp\/v2\/posts\/7517\/revisions\/7552"}],"wp:featuredmedia":[{"embeddable":true,"href":"https:\/\/www.sportchaco.com.ar\/index.php?rest_route=\/wp\/v2\/media\/7519"}],"wp:attachment":[{"href":"https:\/\/www.sportchaco.com.ar\/index.php?rest_route=%2Fwp%2Fv2%2Fmedia&parent=7517"}],"wp:term":[{"taxonomy":"category","embeddable":true,"href":"https:\/\/www.sportchaco.com.ar\/index.php?rest_route=%2Fwp%2Fv2%2Fcategories&post=7517"},{"taxonomy":"post_tag","embeddable":true,"href":"https:\/\/www.sportchaco.com.ar\/index.php?rest_route=%2Fwp%2Fv2%2Ftags&post=7517"}],"curies":[{"name":"wp","href":"https:\/\/api.w.org\/{rel}","templated":true}]}}