{"id":7527,"date":"2024-03-31T18:49:22","date_gmt":"2024-03-31T21:49:22","guid":{"rendered":"https:\/\/www.sportchaco.com.ar\/?p=7527"},"modified":"2024-03-31T18:49:49","modified_gmt":"2024-03-31T21:49:49","slug":"for-ever-y-su-buen-momento-se-presentan-en-la-ciudadela","status":"publish","type":"post","link":"https:\/\/www.sportchaco.com.ar\/?p=7527","title":{"rendered":"For Ever y su buen momento futbol\u00edstico se presentan en \u00abla ciudadela\u00bb"},"content":{"rendered":"<p><strong>31-03-2024<\/strong><\/p>\n<p><img loading=\"lazy\" decoding=\"async\" class=\" wp-image-7490 aligncenter\" src=\"https:\/\/www.sportchaco.com.ar\/wp-content\/uploads\/2024\/03\/728x901-300x37.gif\" alt=\"\" width=\"324\" height=\"40\" \/><\/p>\n<p>Este lunes, desde las 21:10 horas, For Ever y San Mart\u00edn de Tucum\u00e1n jugar\u00e1n el Interzonal en \u00abla ciudadela\u00bb por el partido v\u00e1lido por la 9\u00aa fecha de la Primera Nacional.<\/p>\n<p>El \u00e1rbitro del encuentro ser\u00e1 Brian Ferreyra. El cordob\u00e9s ya hab\u00eda dirigido al equipo chaque\u00f1o en lo que fue derrota 2-0 en Salta cuando por la 1\u00aa fecha visit\u00f3 a Gimnasia y Tiro.<\/p>\n<p>El equipo de Diego Osella llega tras un gran triunfo ante Defensores de Belgrano en Resistencia y de los \u00faltimos cuatro partidos ha sacado 8 puntos, a base de dos triunfos y dos empates. Lo cual lo ubican a pocos puntos de la zona de clasificaci\u00f3n, pero con muchos equipos en el medio.<\/p>\n<p>Desde lo deportivo, el \u00abalbinegro\u00bb tiene un cambio obligado en su \u00ab11\u00bb titular por la lesi\u00f3n de Brian Nievas. Su lugar ser\u00e1 ocupado por el rosarino Mateo Maccari. En esa mitad de cancha tambi\u00e9n hay una duda ya que Gast\u00f3n Novero tiene una sobrecarga en los aductores y se lo esperar\u00e1 hasta \u00faltimo momento. En caso de no llegar, ser\u00e1 reemplazado por Javier Iritier.<\/p>\n<div class=\"col-xl-10\">\n<div class=\"articleBody\" data-mrf-recirculation=\"nota-link-embebed\">\n<p>Todav\u00eda se mantiene latente el recuerdo de aquella final del dodecagonal 1987\/1988 que otorgaba un ascenso a Primera Divisi\u00f3n y que qued\u00f3 en manos del \u201csanto\u201d, por un global de 3-0.<\/p>\n<\/div>\n<\/div>\n<div class=\"col-xl-10\">\n<div class=\"articleBody\" data-mrf-recirculation=\"nota-link-embebed\">\n<p>Por eso, el partido del lunes en \u00abla ciudadela\u00bb, no ser\u00e1 uno m\u00e1s ni mucho menos. Si bien el historial est\u00e1 a favor de los tucumanos, con 12 triunfos en 19 disputados, lo cierto es que actualmente llegan con realidades distintas.<\/p>\n<\/div>\n<\/div>\n<p>Por su parte, San Mart\u00edn llega al partido con una derrota encima tras caer ante Chacarita lo cual mand\u00f3 al \u00abciruja\u00bb a la cuarta posici\u00f3n de la zona A.<\/p>\n<p><strong>Probables formaciones<\/strong><br \/>\n<strong>SAN MART\u00cdN:\u00a0<\/strong>Dar\u00edo Sand; Gonzalo Bettini, Juan Gin\u00e9s Orellana, Agust\u00edn Dattola, Diego Mastr\u00e1ngelo y Nahuel Banegas; Gustavo Abreg\u00fa y Pablo Hern\u00e1ndez; Juan Ezequiel Cuevas; Lautaro Fedele y Gonzalo Klusener. <strong>DT:<\/strong> Diego Flores.<br \/>\n<strong>FOR EVER:<\/strong> Gast\u00f3n Canuto; Maximiliano Romero, David Valdez, Milton Leyendeker y Mathias Silvera; Gast\u00f3n Novero o Javier Iritier, Rodrigo V\u00e9lez, Mateo Maccari y Gonzalo Lucero; Genaro Rossi y Jonathan Dellarossa. <strong>DT:<\/strong> Diego Osella.<br \/>\n<strong>\u00c1rbitro:<\/strong> Brian Ferreyra.<strong> Asistentes:<\/strong> Diego Mart\u00edn y Mat\u00edas Bianchi. <strong>Cuarto \u00e1rbitro:<\/strong> Nahuel Vi\u00f1as. <strong>Estadio:<\/strong> \u00abLa ciudadela\u00bb, de San Mart\u00edn. <strong>Hora:<\/strong> 21:10. <strong>Televisaci\u00f3n:<\/strong> TyC Sports.<\/p>\n<p>&nbsp;<\/p>\n<p><img loading=\"lazy\" decoding=\"async\" class=\"size-full wp-image-7395 aligncenter\" src=\"https:\/\/www.sportchaco.com.ar\/wp-content\/uploads\/2024\/03\/turismo200x2001-1.gif\" alt=\"\" width=\"200\" height=\"200\" \/><\/p>\n","protected":false},"excerpt":{"rendered":"<p>31-03-2024 Este lunes, desde las 21:10 horas, For Ever y San Mart\u00edn de Tucum\u00e1n jugar\u00e1n el Interzonal en \u00abla ciudadela\u00bb por el partido v\u00e1lido por la 9\u00aa fecha de la Primera Nacional. El \u00e1rbitro del encuentro ser\u00e1 Brian Ferreyra. El cordob\u00e9s ya hab\u00eda dirigido al equipo chaque\u00f1o en lo que fue derrota 2-0 en Salta &hellip;<\/p>\n","protected":false},"author":3,"featured_media":7528,"comment_status":"open","ping_status":"open","sticky":false,"template":"","format":"standard","meta":{"footnotes":""},"categories":[5],"tags":[],"class_list":["post-7527","post","type-post","status-publish","format-standard","has-post-thumbnail","hentry","category-futbol"],"_links":{"self":[{"href":"https:\/\/www.sportchaco.com.ar\/index.php?rest_route=\/wp\/v2\/posts\/7527","targetHints":{"allow":["GET"]}}],"collection":[{"href":"https:\/\/www.sportchaco.com.ar\/index.php?rest_route=\/wp\/v2\/posts"}],"about":[{"href":"https:\/\/www.sportchaco.com.ar\/index.php?rest_route=\/wp\/v2\/types\/post"}],"author":[{"embeddable":true,"href":"https:\/\/www.sportchaco.com.ar\/index.php?rest_route=\/wp\/v2\/users\/3"}],"replies":[{"embeddable":true,"href":"https:\/\/www.sportchaco.com.ar\/index.php?rest_route=%2Fwp%2Fv2%2Fcomments&post=7527"}],"version-history":[{"count":4,"href":"https:\/\/www.sportchaco.com.ar\/index.php?rest_route=\/wp\/v2\/posts\/7527\/revisions"}],"predecessor-version":[{"id":7673,"href":"https:\/\/www.sportchaco.com.ar\/index.php?rest_route=\/wp\/v2\/posts\/7527\/revisions\/7673"}],"wp:featuredmedia":[{"embeddable":true,"href":"https:\/\/www.sportchaco.com.ar\/index.php?rest_route=\/wp\/v2\/media\/7528"}],"wp:attachment":[{"href":"https:\/\/www.sportchaco.com.ar\/index.php?rest_route=%2Fwp%2Fv2%2Fmedia&parent=7527"}],"wp:term":[{"taxonomy":"category","embeddable":true,"href":"https:\/\/www.sportchaco.com.ar\/index.php?rest_route=%2Fwp%2Fv2%2Fcategories&post=7527"},{"taxonomy":"post_tag","embeddable":true,"href":"https:\/\/www.sportchaco.com.ar\/index.php?rest_route=%2Fwp%2Fv2%2Ftags&post=7527"}],"curies":[{"name":"wp","href":"https:\/\/api.w.org\/{rel}","templated":true}]}}