{"id":7637,"date":"2024-04-02T14:45:10","date_gmt":"2024-04-02T17:45:10","guid":{"rendered":"https:\/\/www.sportchaco.com.ar\/?p=7637"},"modified":"2024-04-02T14:45:10","modified_gmt":"2024-04-02T17:45:10","slug":"maria-laura-ferreyra-numero-uno-de-padel-a-nivel-nacional","status":"publish","type":"post","link":"https:\/\/www.sportchaco.com.ar\/?p=7637","title":{"rendered":"Mar\u00eda Laura Ferreyra, n\u00famero uno de p\u00e1del a nivel nacional"},"content":{"rendered":"<p><strong>2-04-2024<\/strong><\/p>\n<p><img loading=\"lazy\" decoding=\"async\" class=\" wp-image-7555 aligncenter\" src=\"https:\/\/www.sportchaco.com.ar\/wp-content\/uploads\/2024\/03\/gob-obras-marzo-apaisado-2-300x29.gif\" alt=\"\" width=\"352\" height=\"34\" srcset=\"https:\/\/www.sportchaco.com.ar\/wp-content\/uploads\/2024\/03\/gob-obras-marzo-apaisado-2-300x29.gif 300w, https:\/\/www.sportchaco.com.ar\/wp-content\/uploads\/2024\/03\/gob-obras-marzo-apaisado-2-768x74.gif 768w\" sizes=\"auto, (max-width: 352px) 100vw, 352px\" \/><\/p>\n<p>Mar\u00eda Laura ven\u00eda de jugar el \u00faltimo a\u00f1o de selectivo, clasific\u00f3 para integrar la selecci\u00f3n Argentina en el mundial de menores logrando orgullosa vestir la celeste y blanca.<\/p>\n<p>A su vez, tambi\u00e9n por primera vez en la selecci\u00f3n de mayores en el panamericano de Venezuela y a fin de a\u00f1o jug\u00f3 el m\u00e1ster de AJPP donde pudo lograr el t\u00edtulo.<\/p>\n<p>\u00abS\u00faper feliz de haber logrado este objetivo. Hace dos a\u00f1os empec\u00e9 a jugar AJPP con mucha ilusi\u00f3n de poder lograr alg\u00fan d\u00eda este objetivo, lo ve\u00eda lejos, pero con esfuerzo y dedicaci\u00f3n lo pude lograr, tuve que dejar muchas cosas de lado, pero vali\u00f3 la pena\u00bb, asegur\u00f3 Ferreyra.<\/p>\n<p>Y cerr\u00f3: \u00abEstoy muy contenta por haberlo logrado, pero ahora voy a seguir trabajando para lograr nuevas metas, estoy dispuesta a trabajar mucho para poder conseguirlo\u00bb.<\/p>\n<p><strong>Fuente: Villa \u00c1ngela Agencia<\/strong><\/p>\n<div class=\" large m_image\">\n<figure><picture><source srcset=\"https:\/\/www.diarionorte.com\/content\/bucket\/2\/358362w750h542c.jpg.webp\" type=\"image\/webp\" media=\"(min-width: 640px)\" \/><source srcset=\"https:\/\/www.diarionorte.com\/content\/bucket\/2\/358362w440h318c.jpg.webp\" type=\"image\/webp\" media=\"(min-width: 300px)\" \/><source srcset=\"https:\/\/www.diarionorte.com\/content\/bucket\/2\/358362w750h542c.jpg\" media=\"(min-width: 300px)\" \/><\/picture><\/figure>\n<\/div>\n<p><img loading=\"lazy\" decoding=\"async\" class=\"size-full wp-image-7604 aligncenter\" src=\"https:\/\/www.sportchaco.com.ar\/wp-content\/uploads\/2024\/04\/gob-salud-cuadrado-marzo.gif\" alt=\"\" width=\"250\" height=\"250\" \/><\/p>\n","protected":false},"excerpt":{"rendered":"<p>2-04-2024 Mar\u00eda Laura ven\u00eda de jugar el \u00faltimo a\u00f1o de selectivo, clasific\u00f3 para integrar la selecci\u00f3n Argentina en el mundial de menores logrando orgullosa vestir la celeste y blanca. A su vez, tambi\u00e9n por primera vez en la selecci\u00f3n de mayores en el panamericano de Venezuela y a fin de a\u00f1o jug\u00f3 el m\u00e1ster de &hellip;<\/p>\n","protected":false},"author":3,"featured_media":7638,"comment_status":"open","ping_status":"open","sticky":false,"template":"","format":"standard","meta":{"footnotes":""},"categories":[8],"tags":[],"class_list":["post-7637","post","type-post","status-publish","format-standard","has-post-thumbnail","hentry","category-sport-nea"],"_links":{"self":[{"href":"https:\/\/www.sportchaco.com.ar\/index.php?rest_route=\/wp\/v2\/posts\/7637","targetHints":{"allow":["GET"]}}],"collection":[{"href":"https:\/\/www.sportchaco.com.ar\/index.php?rest_route=\/wp\/v2\/posts"}],"about":[{"href":"https:\/\/www.sportchaco.com.ar\/index.php?rest_route=\/wp\/v2\/types\/post"}],"author":[{"embeddable":true,"href":"https:\/\/www.sportchaco.com.ar\/index.php?rest_route=\/wp\/v2\/users\/3"}],"replies":[{"embeddable":true,"href":"https:\/\/www.sportchaco.com.ar\/index.php?rest_route=%2Fwp%2Fv2%2Fcomments&post=7637"}],"version-history":[{"count":2,"href":"https:\/\/www.sportchaco.com.ar\/index.php?rest_route=\/wp\/v2\/posts\/7637\/revisions"}],"predecessor-version":[{"id":8277,"href":"https:\/\/www.sportchaco.com.ar\/index.php?rest_route=\/wp\/v2\/posts\/7637\/revisions\/8277"}],"wp:featuredmedia":[{"embeddable":true,"href":"https:\/\/www.sportchaco.com.ar\/index.php?rest_route=\/wp\/v2\/media\/7638"}],"wp:attachment":[{"href":"https:\/\/www.sportchaco.com.ar\/index.php?rest_route=%2Fwp%2Fv2%2Fmedia&parent=7637"}],"wp:term":[{"taxonomy":"category","embeddable":true,"href":"https:\/\/www.sportchaco.com.ar\/index.php?rest_route=%2Fwp%2Fv2%2Fcategories&post=7637"},{"taxonomy":"post_tag","embeddable":true,"href":"https:\/\/www.sportchaco.com.ar\/index.php?rest_route=%2Fwp%2Fv2%2Ftags&post=7637"}],"curies":[{"name":"wp","href":"https:\/\/api.w.org\/{rel}","templated":true}]}}