{"id":7640,"date":"2024-04-02T17:26:41","date_gmt":"2024-04-02T20:26:41","guid":{"rendered":"https:\/\/www.sportchaco.com.ar\/?p=7640"},"modified":"2024-04-02T17:26:41","modified_gmt":"2024-04-02T20:26:41","slug":"simon-o-solari-la-duda-para-hoy-de-demichelis","status":"publish","type":"post","link":"https:\/\/www.sportchaco.com.ar\/?p=7640","title":{"rendered":"Sim\u00f3n o Solari, la duda para hoy de Demichelis"},"content":{"rendered":"<h1><\/h1>\n<p class=\"description\">02\/04\/2024<\/p>\n<p class=\"description\">Tras el traspi\u00e9 con Hurac\u00e1n, Mart\u00edn Demichelis piensa en realizar algunos cambios en el once para el debut copero en Venezuela.<\/p>\n<p>&nbsp;<\/p>\n<figure class=\"rat16x9\"><\/figure>\n<p class=\"capital\">Con la intenci\u00f3n de dejar atr\u00e1s el golpe en Parque Patricios, cambiar la cara y empezar un camino de crecimiento,\u00a0River pone primera en la Copa Libertadores\u00a0en la visita a\u00a0Deportivo T\u00e1chira\u00a0de este martes, a partir de las 21.30. El Millonario quiere abrir el Grupo H con el pie derecho y por eso\u00a0Mart\u00edn Demichelis analiza meter mano en la formaci\u00f3n que viene de perder con Hurac\u00e1n.<\/p>\n<div class=\"watchto-wrap\">\n<div class=\"watchto\"><a class=\"imgwrap\" title=\"Deportivo T\u00e1chira vs. River, en vivo por la Copa Libertadores: qu\u00e9 canal lo pasa por TV y c\u00f3mo ver online\" href=\"https:\/\/www.tycsports.com\/river-plate\/deportivo-tachira-vs-river-en-vivo-copa-libertadore-que-canal-lo-pasa-por-tv-donde-ver-online-id574678.html\"><picture><source srcset=\"https:\/\/media.tycsports.com\/files\/2024\/03\/31\/697509\/tachira-vs-river-vivos_267x150.webp\" media=\"(min-width: 721px)\" \/><source srcset=\"https:\/\/media.tycsports.com\/files\/2024\/03\/31\/697509\/tachira-vs-river-vivos_267x356.webp\" media=\"(max-width: 721px)\" \/><\/picture><\/a><\/p>\n<div class=\"watchto-btn-view\"><\/div>\n<\/div>\n<\/div>\n<p>&nbsp;<\/p>\n<p>Por lo pronto, el cambio que es una certeza despu\u00e9s de la opaca presentaci\u00f3n en la derrota 1-0 contra el Globo tiene que ver con\u00a0la vuelta a la titularidad de Paulo D\u00edaz en lugar del juvenil Daniel Zabala.\u00a0El chileno hab\u00eda llegado al l\u00edmite desde lo f\u00edsico tras su participaci\u00f3n en la fecha FIFA, fue resguardo y ahora s\u00ed estar\u00e1 de regreso en su condici\u00f3n de pieza clave para el equipo.<\/p>\n<p>En lo que respecta al resto del once de River para el estreno en la Liberadores, se espera que el DT meta mano tambi\u00e9n en el mediocampo:<strong><span style=\"color: #ff00ff;\">\u00a0<span style=\"color: #000000;\">Claudio Echeverri suma n\u00fameros para reemplazar a Esequiel Barco,\u00a0<a style=\"color: #000000;\" href=\"https:\/\/www.tycsports.com\/river-plate\/esequiel-barco-river-gol-racha-id574548.html\" target=\"_blank\" rel=\"noopener\">que viene en deca\u00edda en su rendimiento y peleado con el gol en este 2024.<\/a>\u00a0<u>\u00bfLa \u00fanica duda?<\/u>\u00a0Santiago Sim\u00f3n o Pablo Solari.<\/span><\/span><\/strong><\/p>\n<p>&nbsp;<\/p>\n<figure class=\"w-100\"><img decoding=\"async\" title=\"Claudio Echeverri\" src=\"https:\/\/media.tycsports.com\/files\/2024\/03\/18\/691803\/claudio-echeverri_w416.webp\" srcset=\"https:\/\/media.tycsports.com\/files\/2024\/03\/18\/691803\/claudio-echeverri_w416.webp 480w, https:\/\/media.tycsports.com\/files\/2024\/03\/18\/691803\/claudio-echeverri_w862.webp 1080w\" alt=\"Claudio Echeverri\" data-src=\"https:\/\/media.tycsports.com\/files\/2024\/03\/18\/691803\/claudio-echeverri_w416.webp\" data-srcset=\"https:\/\/media.tycsports.com\/files\/2024\/03\/18\/691803\/claudio-echeverri_w416.webp 480w, https:\/\/media.tycsports.com\/files\/2024\/03\/18\/691803\/claudio-echeverri_w862.webp 1080w\" \/><figcaption>Echeverri saca el zurdazo que terminar\u00eda siendo el primer gol de River ante Gimnasia. (Marcelo Endelli\/Getty Images)<\/figcaption><\/figure>\n<div class=\"watchto-wrap\">\n<div class=\"watchto\"><\/div>\n<\/div>\n<p>&nbsp;<\/p>\n<h2>La probable formaci\u00f3n de River vs. Deportivo T\u00e1chira, por la Copa Libertadores<\/h2>\n<p>Franco Armani; Andr\u00e9s Herrera, Leandro Gonz\u00e1lez Pirez, Paulo D\u00edaz, Enzo D\u00edaz; Rodrigo Villagra, Rodrigo Aliendro; Santiago Sim\u00f3n o Pablo Solari, Claudio Echeverri, Nacho Fern\u00e1ndez; Miguel Borja.<\/p>\n<h2>Las bajas de River vs. Deportivo T\u00e1chira, por la Copa Libertadores<\/h2>\n<ul>\n<li><b>Ramiro Funes Mori:<\/b>\u00a0sinovitis.<\/li>\n<li><b>Franco Mastantuono:\u00a0<\/b>distensi\u00f3n en el recto anterior de la pierna derecha.<\/li>\n<li><b>Gonzalo Mart\u00ednez:<\/b>\u00a0rotura del ligamento cruzado anterior de su rodilla izquierda.<\/li>\n<li><b>Agust\u00edn Ruberto:<\/b> no fue convocado ya que jugar\u00e1 en la Reserva el Supercl\u00e1sico. fuente TyC Sports<\/li>\n<\/ul>\n","protected":false},"excerpt":{"rendered":"<p>02\/04\/2024 Tras el traspi\u00e9 con Hurac\u00e1n, Mart\u00edn Demichelis piensa en realizar algunos cambios en el once para el debut copero en Venezuela. &nbsp; Con la intenci\u00f3n de dejar atr\u00e1s el golpe en Parque Patricios, cambiar la cara y empezar un camino de crecimiento,\u00a0River pone primera en la Copa Libertadores\u00a0en la visita a\u00a0Deportivo T\u00e1chira\u00a0de este martes, &hellip;<\/p>\n","protected":false},"author":2,"featured_media":7641,"comment_status":"open","ping_status":"open","sticky":false,"template":"","format":"standard","meta":{"footnotes":""},"categories":[6],"tags":[],"class_list":["post-7640","post","type-post","status-publish","format-standard","has-post-thumbnail","hentry","category-internacionales"],"_links":{"self":[{"href":"https:\/\/www.sportchaco.com.ar\/index.php?rest_route=\/wp\/v2\/posts\/7640","targetHints":{"allow":["GET"]}}],"collection":[{"href":"https:\/\/www.sportchaco.com.ar\/index.php?rest_route=\/wp\/v2\/posts"}],"about":[{"href":"https:\/\/www.sportchaco.com.ar\/index.php?rest_route=\/wp\/v2\/types\/post"}],"author":[{"embeddable":true,"href":"https:\/\/www.sportchaco.com.ar\/index.php?rest_route=\/wp\/v2\/users\/2"}],"replies":[{"embeddable":true,"href":"https:\/\/www.sportchaco.com.ar\/index.php?rest_route=%2Fwp%2Fv2%2Fcomments&post=7640"}],"version-history":[{"count":1,"href":"https:\/\/www.sportchaco.com.ar\/index.php?rest_route=\/wp\/v2\/posts\/7640\/revisions"}],"predecessor-version":[{"id":7642,"href":"https:\/\/www.sportchaco.com.ar\/index.php?rest_route=\/wp\/v2\/posts\/7640\/revisions\/7642"}],"wp:featuredmedia":[{"embeddable":true,"href":"https:\/\/www.sportchaco.com.ar\/index.php?rest_route=\/wp\/v2\/media\/7641"}],"wp:attachment":[{"href":"https:\/\/www.sportchaco.com.ar\/index.php?rest_route=%2Fwp%2Fv2%2Fmedia&parent=7640"}],"wp:term":[{"taxonomy":"category","embeddable":true,"href":"https:\/\/www.sportchaco.com.ar\/index.php?rest_route=%2Fwp%2Fv2%2Fcategories&post=7640"},{"taxonomy":"post_tag","embeddable":true,"href":"https:\/\/www.sportchaco.com.ar\/index.php?rest_route=%2Fwp%2Fv2%2Ftags&post=7640"}],"curies":[{"name":"wp","href":"https:\/\/api.w.org\/{rel}","templated":true}]}}