{"id":7694,"date":"2024-04-03T18:56:04","date_gmt":"2024-04-03T21:56:04","guid":{"rendered":"https:\/\/www.sportchaco.com.ar\/?p=7694"},"modified":"2024-04-03T18:56:04","modified_gmt":"2024-04-03T21:56:04","slug":"se-anuncio-el-comienzo-de-la-segunda-etapa-del-curso-de-arbitros","status":"publish","type":"post","link":"https:\/\/www.sportchaco.com.ar\/?p=7694","title":{"rendered":"Se anunci\u00f3 el comienzo de la segunda etapa del curso de \u00e1rbitros"},"content":{"rendered":"<p><strong>3-04-2024<\/strong><\/p>\n<p><img loading=\"lazy\" decoding=\"async\" class=\" wp-image-7314 aligncenter\" src=\"https:\/\/www.sportchaco.com.ar\/wp-content\/uploads\/2024\/03\/940x90-1-1-300x29.gif\" alt=\"\" width=\"310\" height=\"30\" srcset=\"https:\/\/www.sportchaco.com.ar\/wp-content\/uploads\/2024\/03\/940x90-1-1-300x29.gif 300w, https:\/\/www.sportchaco.com.ar\/wp-content\/uploads\/2024\/03\/940x90-1-1-768x74.gif 768w\" sizes=\"auto, (max-width: 310px) 100vw, 310px\" \/><\/p>\n<p>El pr\u00f3ximo 15 comenzar\u00e1 el segundo curso de \u00e1rbitros que tendr\u00e1 una duraci\u00f3n de dos a\u00f1os, quienes realizaron la capacitaci\u00f3n el a\u00f1o pasado, tendr\u00e1n aprobado el primer a\u00f1o, es decir la primera etapa de este.<\/p>\n<p>\u00abLa idea es seguir perfeccionando la terna arbitral; as\u00ed como exigimos a los chicos, a los padres, delegados y entrenadores de cada escuela o club tambi\u00e9n exigimos a los \u00e1rbitros para que se capaciten y actualicen\u00bb, remarc\u00f3 el secretario de Desarrollo Humano y Deportes, Germ\u00e1n Rearte.<\/p>\n<p>Asimismo, el presidente de la Liga Saenzpe\u00f1ense de F\u00fatbol, Carlos Pereira, agradeci\u00f3 al municipio la predisposici\u00f3n para trabajar en conjunto y manifest\u00f3 que seguir\u00e1n apoyando \u00abporque esto es muy importante para la continuidad y para mejorar los espect\u00e1culos deportivos en la cancha, especialmente el desempe\u00f1o del \u00e1rbitro\u00bb.<br \/>\nEl instructor Pedro L\u00f3pez detall\u00f3 que van a trabajar con los aspirantes del a\u00f1o pasado en un segundo nivel, quienes saldr\u00e1n con el t\u00edtulo de \u00e1rbitro provincial \u00abel curso dura dos a\u00f1os, aquellos que se inscriban por primera vez van a tener que realizar la capacitaci\u00f3n el pr\u00f3ximo a\u00f1o para obtener su certificado\u00bb.<\/p>\n<p>Los interesados podr\u00e1n inscribirse al tel\u00e9fono de los instructores An\u00edbal Taboada (3644) 671444 o Pedro L\u00f3pez (3644) 533828. Respecto al registro para deportistas y entidades deportivas, los funcionarios detallaron que ser\u00e1 para profesionales y amateur.<\/p>\n<p>\u00abVamos a armar un registro completo de todas las personas e instituciones que realizan actividades deportivas dentro de la ciudad con el objetivo de lograr un trabajo conjunto; no s\u00f3lo con instituciones formalizadas sino tambi\u00e9n, con las escuelas barriales\u00bb, explic\u00f3 Iv\u00e1n Arredondo, subsecretario de Deporte Comunitario y Social.<\/p>\n<p><img loading=\"lazy\" decoding=\"async\" class=\"size-medium wp-image-6970 aligncenter\" src=\"https:\/\/www.sportchaco.com.ar\/wp-content\/uploads\/2024\/03\/gobturismo-parado-marzo-150x300.gif\" alt=\"\" width=\"150\" height=\"300\" \/><\/p>\n","protected":false},"excerpt":{"rendered":"<p>3-04-2024 El pr\u00f3ximo 15 comenzar\u00e1 el segundo curso de \u00e1rbitros que tendr\u00e1 una duraci\u00f3n de dos a\u00f1os, quienes realizaron la capacitaci\u00f3n el a\u00f1o pasado, tendr\u00e1n aprobado el primer a\u00f1o, es decir la primera etapa de este. \u00abLa idea es seguir perfeccionando la terna arbitral; as\u00ed como exigimos a los chicos, a los padres, delegados y &hellip;<\/p>\n","protected":false},"author":3,"featured_media":7695,"comment_status":"open","ping_status":"open","sticky":false,"template":"","format":"standard","meta":{"footnotes":""},"categories":[5],"tags":[],"class_list":["post-7694","post","type-post","status-publish","format-standard","has-post-thumbnail","hentry","category-futbol"],"_links":{"self":[{"href":"https:\/\/www.sportchaco.com.ar\/index.php?rest_route=\/wp\/v2\/posts\/7694","targetHints":{"allow":["GET"]}}],"collection":[{"href":"https:\/\/www.sportchaco.com.ar\/index.php?rest_route=\/wp\/v2\/posts"}],"about":[{"href":"https:\/\/www.sportchaco.com.ar\/index.php?rest_route=\/wp\/v2\/types\/post"}],"author":[{"embeddable":true,"href":"https:\/\/www.sportchaco.com.ar\/index.php?rest_route=\/wp\/v2\/users\/3"}],"replies":[{"embeddable":true,"href":"https:\/\/www.sportchaco.com.ar\/index.php?rest_route=%2Fwp%2Fv2%2Fcomments&post=7694"}],"version-history":[{"count":1,"href":"https:\/\/www.sportchaco.com.ar\/index.php?rest_route=\/wp\/v2\/posts\/7694\/revisions"}],"predecessor-version":[{"id":7696,"href":"https:\/\/www.sportchaco.com.ar\/index.php?rest_route=\/wp\/v2\/posts\/7694\/revisions\/7696"}],"wp:featuredmedia":[{"embeddable":true,"href":"https:\/\/www.sportchaco.com.ar\/index.php?rest_route=\/wp\/v2\/media\/7695"}],"wp:attachment":[{"href":"https:\/\/www.sportchaco.com.ar\/index.php?rest_route=%2Fwp%2Fv2%2Fmedia&parent=7694"}],"wp:term":[{"taxonomy":"category","embeddable":true,"href":"https:\/\/www.sportchaco.com.ar\/index.php?rest_route=%2Fwp%2Fv2%2Fcategories&post=7694"},{"taxonomy":"post_tag","embeddable":true,"href":"https:\/\/www.sportchaco.com.ar\/index.php?rest_route=%2Fwp%2Fv2%2Ftags&post=7694"}],"curies":[{"name":"wp","href":"https:\/\/api.w.org\/{rel}","templated":true}]}}