{"id":7697,"date":"2024-04-03T22:24:19","date_gmt":"2024-04-04T01:24:19","guid":{"rendered":"https:\/\/www.sportchaco.com.ar\/?p=7697"},"modified":"2024-04-03T23:53:24","modified_gmt":"2024-04-04T02:53:24","slug":"dellarosa-se-suma-a-los-lesionados-de-for-ever","status":"publish","type":"post","link":"https:\/\/www.sportchaco.com.ar\/?p=7697","title":{"rendered":"Dellarossa se suma a los lesionados de For Ever"},"content":{"rendered":"<p><strong>3-04-2024<\/strong><\/p>\n<p><img loading=\"lazy\" decoding=\"async\" class=\" wp-image-6730 aligncenter\" src=\"https:\/\/www.sportchaco.com.ar\/wp-content\/uploads\/2024\/03\/aviso-colegios-acostado-1-300x50.jpg\" alt=\"\" width=\"348\" height=\"58\" srcset=\"https:\/\/www.sportchaco.com.ar\/wp-content\/uploads\/2024\/03\/aviso-colegios-acostado-1-300x50.jpg 300w, https:\/\/www.sportchaco.com.ar\/wp-content\/uploads\/2024\/03\/aviso-colegios-acostado-1-1024x171.jpg 1024w, https:\/\/www.sportchaco.com.ar\/wp-content\/uploads\/2024\/03\/aviso-colegios-acostado-1-768x128.jpg 768w, https:\/\/www.sportchaco.com.ar\/wp-content\/uploads\/2024\/03\/aviso-colegios-acostado-1.jpg 1200w\" sizes=\"auto, (max-width: 348px) 100vw, 348px\" \/><\/p>\n<p>Tras la derrota en Tucum\u00e1n a manos de San Mart\u00edn, se vuelven a encender las alarmas en For Ever por la lesi\u00f3n de tres jugadores.<\/p>\n<p>Finalmente el equipo de Osella perdi\u00f3 m\u00e1s que tres puntos en la fecha Interzonal de la Primera Nacional, ya que se confirm\u00f3 la lesi\u00f3n de Jonathan Dellarossa, quien sali\u00f3 sustituido en el complemento el pasado lunes en \u00abla ciudadela\u00bb.<\/p>\n<p>El delantero del \u00abnegro\u00bb sufri\u00f3 un desgarro en la inserci\u00f3n del aductor con lo cual tendr\u00e1 para 21 d\u00edas de recuperaci\u00f3n. El cordob\u00e9s ven\u00eda siendo titular en todos los partidos de la temporada y llevaba anotados tres goles.<\/p>\n<p>Adem\u00e1s, Kevin Larrea tiene una inflamaci\u00f3n en el tend\u00f3n y Tom\u00e1s L\u00f3pez un golpe en el tobillo. El karma de For Ever con las lesiones viene durante todo el torneo.<\/p>\n<p>A\u00fan el \u00abalbinegro\u00bb no puede contar con Lucas Kruspzky por su rotura de meniscos en su rodilla izquierda, tuvo la baja de Lucio P\u00e9rez por rotura de ligamentos en la rodilla y \u00faltimamente la lesi\u00f3n de Brian Nievas, quien tiene una distensi\u00f3n muscular.<\/p>\n<p>El equipo chaque\u00f1o visitar\u00e1 este s\u00e1bado a las 15:30 a San Telmo, uno de los l\u00edderes de la zona B, en la Isla Maciel y el entrendador deber\u00e1 realizar dos modificaciones obligadas. Osella tiene que encontrar un reemplazante en el ataque para Dellarossa (podr\u00edan ser Quiroga, Mart\u00ednez u Osorio) y tambi\u00e9n para Rodrigo V\u00e9lez quien se hizo echar ante el \u00abciruja\u00bb. All\u00ed puede meterse en el \u00ab11\u00bb Santiago Valenzuela o improvisar, como ya lo hizo en alguna ocasi\u00f3n, con Valdez o Romero.<\/p>\n<p>Para dicho encuentro, el juez principal ser\u00e1 Daniel Zamora, sus asistentes Juan Pablo Millenar y Cristian Amarilla, y de cuarto \u00e1rbitro estar\u00e1 Lucas Di Bastiano.<\/p>\n<p><img loading=\"lazy\" decoding=\"async\" class=\"size-medium wp-image-6745 aligncenter\" src=\"https:\/\/www.sportchaco.com.ar\/wp-content\/uploads\/2024\/02\/aVISO-4-1-240x300.jpeg\" alt=\"\" width=\"240\" height=\"300\" srcset=\"https:\/\/www.sportchaco.com.ar\/wp-content\/uploads\/2024\/02\/aVISO-4-1-240x300.jpeg 240w, https:\/\/www.sportchaco.com.ar\/wp-content\/uploads\/2024\/02\/aVISO-4-1-819x1024.jpeg 819w, https:\/\/www.sportchaco.com.ar\/wp-content\/uploads\/2024\/02\/aVISO-4-1-768x960.jpeg 768w, https:\/\/www.sportchaco.com.ar\/wp-content\/uploads\/2024\/02\/aVISO-4-1.jpeg 1080w\" sizes=\"auto, (max-width: 240px) 100vw, 240px\" \/><\/p>\n","protected":false},"excerpt":{"rendered":"<p>3-04-2024 Tras la derrota en Tucum\u00e1n a manos de San Mart\u00edn, se vuelven a encender las alarmas en For Ever por la lesi\u00f3n de tres jugadores. Finalmente el equipo de Osella perdi\u00f3 m\u00e1s que tres puntos en la fecha Interzonal de la Primera Nacional, ya que se confirm\u00f3 la lesi\u00f3n de Jonathan Dellarossa, quien sali\u00f3 &hellip;<\/p>\n","protected":false},"author":3,"featured_media":7698,"comment_status":"open","ping_status":"open","sticky":false,"template":"","format":"standard","meta":{"footnotes":""},"categories":[5],"tags":[],"class_list":["post-7697","post","type-post","status-publish","format-standard","has-post-thumbnail","hentry","category-futbol"],"_links":{"self":[{"href":"https:\/\/www.sportchaco.com.ar\/index.php?rest_route=\/wp\/v2\/posts\/7697","targetHints":{"allow":["GET"]}}],"collection":[{"href":"https:\/\/www.sportchaco.com.ar\/index.php?rest_route=\/wp\/v2\/posts"}],"about":[{"href":"https:\/\/www.sportchaco.com.ar\/index.php?rest_route=\/wp\/v2\/types\/post"}],"author":[{"embeddable":true,"href":"https:\/\/www.sportchaco.com.ar\/index.php?rest_route=\/wp\/v2\/users\/3"}],"replies":[{"embeddable":true,"href":"https:\/\/www.sportchaco.com.ar\/index.php?rest_route=%2Fwp%2Fv2%2Fcomments&post=7697"}],"version-history":[{"count":5,"href":"https:\/\/www.sportchaco.com.ar\/index.php?rest_route=\/wp\/v2\/posts\/7697\/revisions"}],"predecessor-version":[{"id":7726,"href":"https:\/\/www.sportchaco.com.ar\/index.php?rest_route=\/wp\/v2\/posts\/7697\/revisions\/7726"}],"wp:featuredmedia":[{"embeddable":true,"href":"https:\/\/www.sportchaco.com.ar\/index.php?rest_route=\/wp\/v2\/media\/7698"}],"wp:attachment":[{"href":"https:\/\/www.sportchaco.com.ar\/index.php?rest_route=%2Fwp%2Fv2%2Fmedia&parent=7697"}],"wp:term":[{"taxonomy":"category","embeddable":true,"href":"https:\/\/www.sportchaco.com.ar\/index.php?rest_route=%2Fwp%2Fv2%2Fcategories&post=7697"},{"taxonomy":"post_tag","embeddable":true,"href":"https:\/\/www.sportchaco.com.ar\/index.php?rest_route=%2Fwp%2Fv2%2Ftags&post=7697"}],"curies":[{"name":"wp","href":"https:\/\/api.w.org\/{rel}","templated":true}]}}