{"id":7805,"date":"2024-04-05T23:04:13","date_gmt":"2024-04-06T02:04:13","guid":{"rendered":"https:\/\/www.sportchaco.com.ar\/?p=7805"},"modified":"2024-04-05T23:43:15","modified_gmt":"2024-04-06T02:43:15","slug":"7805","status":"publish","type":"post","link":"https:\/\/www.sportchaco.com.ar\/?p=7805","title":{"rendered":"Efem\u00e9rides del 6 de abril"},"content":{"rendered":"<p><strong>Esta es la Efem\u00e9rides del Deporte en el Chaco de un 6 de abril del periodista Luis Dar\u00edo Molodezky.<\/strong><\/p>\n<p>&nbsp;<\/p>\n<p><img loading=\"lazy\" decoding=\"async\" class=\"alignnone size-medium wp-image-7707\" src=\"https:\/\/www.sportchaco.com.ar\/wp-content\/uploads\/2024\/04\/Luis-Molodezky-210x300.jpg\" alt=\"\" width=\"210\" height=\"300\" srcset=\"https:\/\/www.sportchaco.com.ar\/wp-content\/uploads\/2024\/04\/Luis-Molodezky-210x300.jpg 210w, https:\/\/www.sportchaco.com.ar\/wp-content\/uploads\/2024\/04\/Luis-Molodezky.jpg 275w\" sizes=\"auto, (max-width: 210px) 100vw, 210px\" \/><\/p>\n<p><strong>\u00a0<\/strong><\/p>\n<p><strong>1926 <\/strong>\/ Nace en Resistencia Alcides Prado Lima;<\/p>\n<p>lleg\u00f3 a los 14 a\u00f1os a Villa, y a los 16 jugaba en primera. Un a\u00f1o<\/p>\n<p>despu\u00e9s lleg\u00f3 a la Selecci\u00f3n, donde jug\u00f3 18 a\u00f1os consecutivos, siendo<\/p>\n<p>goleador en Capital Federal 1947. En f\u00fatbol descoll\u00f3 en San<\/p>\n<p>Fernando. Fue director de la orquesta \u201cSan Mart\u00edn\u201d, siendo un eximio<\/p>\n<p>bandoneon\u00edsta.<\/p>\n<p>&nbsp;<\/p>\n<p><strong>1969 <\/strong>\/ El ajedrecista chaque\u00f1o Julio Argentino<\/p>\n<p>Luna termina segundo en el Segundo Abierto Internacional de Mar<\/p>\n<p>del Plata, pese a haber igualado en 7 puntos con el chileno Ren\u00e9<\/p>\n<p>Letelier. Ese torneo fue ganado entre otros por Miguel Najdorf,<\/p>\n<p>Jorge Rubinetti, Luis Bronstein, Marcelo Tempone, Oscar Panno,<\/p>\n<p>Pablo Zarnicki.<\/p>\n<p>&nbsp;<\/p>\n<p><strong>2006 <\/strong>\/ Se realiza en Resistencia el 54\u00ba Campeonato<\/p>\n<p>Argentino de Bochas, y se lo bautiza con el nombre de Juan Carlos<\/p>\n<p>Ju\u00e1rez, quien represent\u00f3 durante 25 a\u00f1os al Chaco en los torneos<\/p>\n<p>nacionales, y practic\u00f3 el deporte durante 50 a\u00f1os. Naci\u00f3 en Margarita<\/p>\n<p>Bel\u00e9n, jug\u00f3 dos torneos Zona Norte y se impuso en ambos.<\/p>\n<p>&nbsp;<\/p>\n<p><strong>2008 <\/strong>\/ Juan Manuel Silva gana en la denominada<\/p>\n<p>\u201ccarrera clasificatoria\u201d de TC (promedio 171,064) y tambi\u00e9n en<\/p>\n<p>la final (170,701), disputada en San Luis. Fue todo podio para<\/p>\n<p>Ford, porque Eduardo Ramos termin\u00f3 segundo y Emanuel<\/p>\n<p>Moriatis tercero.<\/p>\n<h4>Foto de Alcides Prado Lima<\/h4>\n<p>&nbsp;<\/p>\n<p><img loading=\"lazy\" decoding=\"async\" class=\"alignnone size-medium wp-image-7812\" src=\"https:\/\/www.sportchaco.com.ar\/wp-content\/uploads\/2024\/04\/gobierno-del-Chaco-300x297.jpg\" alt=\"\" width=\"300\" height=\"297\" srcset=\"https:\/\/www.sportchaco.com.ar\/wp-content\/uploads\/2024\/04\/gobierno-del-Chaco-300x297.jpg 300w, https:\/\/www.sportchaco.com.ar\/wp-content\/uploads\/2024\/04\/gobierno-del-Chaco-150x150.jpg 150w, https:\/\/www.sportchaco.com.ar\/wp-content\/uploads\/2024\/04\/gobierno-del-Chaco.jpg 442w\" sizes=\"auto, (max-width: 300px) 100vw, 300px\" \/> <img loading=\"lazy\" decoding=\"async\" class=\"alignnone size-medium wp-image-7813\" src=\"https:\/\/www.sportchaco.com.ar\/wp-content\/uploads\/2024\/04\/gob-obras-marzo-apaisado-300x29.gif\" alt=\"\" width=\"300\" height=\"29\" srcset=\"https:\/\/www.sportchaco.com.ar\/wp-content\/uploads\/2024\/04\/gob-obras-marzo-apaisado-300x29.gif 300w, https:\/\/www.sportchaco.com.ar\/wp-content\/uploads\/2024\/04\/gob-obras-marzo-apaisado-768x74.gif 768w\" sizes=\"auto, (max-width: 300px) 100vw, 300px\" \/><\/p>\n<p>&nbsp;<\/p>\n","protected":false},"excerpt":{"rendered":"<p>Esta es la Efem\u00e9rides del Deporte en el Chaco de un 6 de abril del periodista Luis Dar\u00edo Molodezky. &nbsp; \u00a0 1926 \/ Nace en Resistencia Alcides Prado Lima; lleg\u00f3 a los 14 a\u00f1os a Villa, y a los 16 jugaba en primera. Un a\u00f1o despu\u00e9s lleg\u00f3 a la Selecci\u00f3n, donde jug\u00f3 18 a\u00f1os consecutivos, &hellip;<\/p>\n","protected":false},"author":2,"featured_media":7811,"comment_status":"open","ping_status":"open","sticky":false,"template":"","format":"standard","meta":{"footnotes":""},"categories":[34,45],"tags":[],"class_list":["post-7805","post","type-post","status-publish","format-standard","has-post-thumbnail","hentry","category-abril","category-efemerides-dia-por-dia"],"_links":{"self":[{"href":"https:\/\/www.sportchaco.com.ar\/index.php?rest_route=\/wp\/v2\/posts\/7805","targetHints":{"allow":["GET"]}}],"collection":[{"href":"https:\/\/www.sportchaco.com.ar\/index.php?rest_route=\/wp\/v2\/posts"}],"about":[{"href":"https:\/\/www.sportchaco.com.ar\/index.php?rest_route=\/wp\/v2\/types\/post"}],"author":[{"embeddable":true,"href":"https:\/\/www.sportchaco.com.ar\/index.php?rest_route=\/wp\/v2\/users\/2"}],"replies":[{"embeddable":true,"href":"https:\/\/www.sportchaco.com.ar\/index.php?rest_route=%2Fwp%2Fv2%2Fcomments&post=7805"}],"version-history":[{"count":4,"href":"https:\/\/www.sportchaco.com.ar\/index.php?rest_route=\/wp\/v2\/posts\/7805\/revisions"}],"predecessor-version":[{"id":7815,"href":"https:\/\/www.sportchaco.com.ar\/index.php?rest_route=\/wp\/v2\/posts\/7805\/revisions\/7815"}],"wp:featuredmedia":[{"embeddable":true,"href":"https:\/\/www.sportchaco.com.ar\/index.php?rest_route=\/wp\/v2\/media\/7811"}],"wp:attachment":[{"href":"https:\/\/www.sportchaco.com.ar\/index.php?rest_route=%2Fwp%2Fv2%2Fmedia&parent=7805"}],"wp:term":[{"taxonomy":"category","embeddable":true,"href":"https:\/\/www.sportchaco.com.ar\/index.php?rest_route=%2Fwp%2Fv2%2Fcategories&post=7805"},{"taxonomy":"post_tag","embeddable":true,"href":"https:\/\/www.sportchaco.com.ar\/index.php?rest_route=%2Fwp%2Fv2%2Ftags&post=7805"}],"curies":[{"name":"wp","href":"https:\/\/api.w.org\/{rel}","templated":true}]}}