{"id":7838,"date":"2024-04-06T19:09:09","date_gmt":"2024-04-06T22:09:09","guid":{"rendered":"https:\/\/www.sportchaco.com.ar\/?p=7838"},"modified":"2024-04-07T16:14:03","modified_gmt":"2024-04-07T19:14:03","slug":"for-ever-cayo-ante-san-telmo-y-se-quedo-sin-dt","status":"publish","type":"post","link":"https:\/\/www.sportchaco.com.ar\/?p=7838","title":{"rendered":"For Ever cay\u00f3 ante San Telmo y se qued\u00f3 sin DT"},"content":{"rendered":"<p><strong>6-04-2024<\/strong><\/p>\n<p><img loading=\"lazy\" decoding=\"async\" class=\" wp-image-7824 aligncenter\" src=\"https:\/\/www.sportchaco.com.ar\/wp-content\/uploads\/2024\/04\/0-720x90-1-300x38.jpg\" alt=\"\" width=\"339\" height=\"43\" srcset=\"https:\/\/www.sportchaco.com.ar\/wp-content\/uploads\/2024\/04\/0-720x90-1-300x38.jpg 300w, https:\/\/www.sportchaco.com.ar\/wp-content\/uploads\/2024\/04\/0-720x90-1.jpg 720w\" sizes=\"auto, (max-width: 339px) 100vw, 339px\" \/><\/p>\n<p>En el partido correspondiente a la 10\u00aa fecha de la Primera Nacional, en la zona B, For Ever cay\u00f3 ante San Telmo como visitante por 2 a 0. Los goles los anotaron, Franco Tisera, de penal, a los 11, y Adri\u00e1n Fern\u00e1ndez a los 15, ambos del segundo tiempo. En la pr\u00f3xima fecha, el equipo chaque\u00f1o recibir\u00e1 a Atletico Rafaela como local y tendr\u00e1 que buscar nuevo DT luego de la salida de Diego Osella.<\/p>\n<p><strong>EL PARTIDO<\/strong><br \/>\nLa iniciativa desde el comienzo la tuvo San Telmo, con mucha tenencia de pelota y abriendo la cancha para buscar espacios principalmente el el sector izquierdo de la defensa de For Ever. A la visita le cost\u00f3 mucho tener el bal\u00f3n y hacer pie en la mitad de la cancha.<\/p>\n<p>El \u00abcandombero\u00bb tuvo mayor intensidad en la primera parte, pero la falta de eficacia y punteria no le permiti\u00f3 ser una amenaza para la defensa del \u00abalbinegro\u00bb. La m\u00e1s clara para el local lleg\u00f3 tras un error defensivo de For Ever pero Gast\u00f3n Canuto tap\u00f3 un mano a mano clave.<\/p>\n<p>Sobre el cierre del primer tiempo hubo dos ocasiones para la visita, un remate de Gonzalo Lucero a las manos de Bustos y un buen avance de Mateo Maccari que finalmente no termin\u00f3 en nada.<\/p>\n<p>En el complemento se vi\u00f3 m\u00e1s de lo mismo, un San Telmo generando m\u00e1s situaciones y un For Ever manteniendo el bloque defensivo, pero descuidando mucho el ataque a pesar del ingreso de Mat\u00edas Quiroga. Cerca de los 10&#8242; luego de una confusa jugada donde cay\u00f3 Adri\u00e1n Fern\u00e1ndez en el \u00e1rea, el arbitro compr\u00f3 y sancion\u00f3 penal para el conjunto local que fue bien aprovechado por Franco Tisera que lo cambi\u00f3 por gol.<\/p>\n<p>Minutos m\u00e1s tardes con un For Ever golpeado y sin reacci\u00f3n lleg\u00f3 el segundo de la mano de Adri\u00e1n Fern\u00e1ndez, quien cre\u00f3 una gran jugada y defini\u00f3 cruzado para sellar el 2 a 0.<\/p>\n<p>A partir de ese momento el partido termin\u00f3, el \u00abnegro\u00bb no pudo a pesar de las variantes, no encontr\u00f3 el juego ni demostr\u00f3 actitud para ir a buscar un descuento, demostrando lo que le cuesta revertir un resultado adverso en lo que se lleva jugado de esta Primera Nacional.<\/p>\n<p>De esta manera For Ever acumula dos derrotas consecutivas como visitante y la dirigencian decidi\u00f3 prescindir de los servicios de Diego Osella para lo que resta del torneo. En la pr\u00f3xima jornada, el \u00abalbinegro\u00bb recibir\u00e1 a Atletico Rafaela, un rival directo que tendr\u00e1 el debut en el banco de Ricardo Pancaldo, exentrenador del equipo chaque\u00f1o.<\/p>\n<p><em><strong>Facundo Maciel Del R\u00edo<\/strong><\/em><\/p>\n<p><strong>S\u00edntensis:<\/strong><br \/>\n<strong>SAN TELMO (2):<\/strong> Brian Bustos; Mart\u00edn Vallejos, Agust\u00edn Lamosa, H\u00e9ctor Gonz\u00e1lez y Rodrigo Ayala; Gabriel Ram\u00edrez y Emiliano Franco; I\u00f1aki Larthirigoyen, Adri\u00e1n Fern\u00e1ndez y Jos\u00e9 Barreto; Franco Tisera. <strong>DT:<\/strong> Alfredo Grelak.<br \/>\n<strong>FOR EVER (0):<\/strong> Gast\u00f3n Canuto; Agust\u00edn Bellone, David Valdez, Milton Leyendeker y Mathias Silvera; Maximiliano Romero y Mateo Maccari; Javier Iritier, Gonzalo Lucero y Gast\u00f3n Novero; y Genaro Rossi. <strong>DT:<\/strong> Diego Osella.<br \/>\n<strong>Goles:<\/strong> 10ST Franco Tisera (ST), de penal. 15ST Adri\u00e1n Fern\u00e1ndez (ST).<br \/>\n<strong>Cambios:<\/strong> ST Mat\u00edas Quiroga por Gast\u00f3n Novero (FE). 18ST Alan Sombra por Agust\u00edn Bellone (FE). 18ST Marcos Gim\u00e9nez por Gonzalo Lucero (FE). 19ST Juli\u00e1n Cosi por I\u00f1aki Larthirigoyen (ST). 30ST Nicol\u00e1s Heiz por Franco Tisera (ST). 30ST Rodrigo Gonz\u00e1lez por Jos\u00e9 Barreto (ST). 31ST Joel Mart\u00ednez por Genaro Rossi (FE). 39ST Gianfranco Lillo por Emiliano Franco (ST). 39ST Germ\u00e1n Mayenfisch por Adri\u00e1n Fern\u00e1ndez (ST).<br \/>\n<strong>\u00c1rbitro:<\/strong> Daniel Zamora. <strong>Asistentes:<\/strong> Juan Pablo Millenar y Cristian Amarilla. <strong>Cuarto \u00e1rbitro:<\/strong> Lucas Di Bastiano. <strong>Estadio:<\/strong> \u00abDoctor Osvaldo Baletto\u00bb, de San Telmo.<\/p>\n<p><img loading=\"lazy\" decoding=\"async\" class=\"size-full wp-image-7827 aligncenter\" src=\"https:\/\/www.sportchaco.com.ar\/wp-content\/uploads\/2024\/04\/0-300x250-1.gif\" alt=\"\" width=\"300\" height=\"250\" \/><\/p>\n","protected":false},"excerpt":{"rendered":"<p>6-04-2024 En el partido correspondiente a la 10\u00aa fecha de la Primera Nacional, en la zona B, For Ever cay\u00f3 ante San Telmo como visitante por 2 a 0. Los goles los anotaron, Franco Tisera, de penal, a los 11, y Adri\u00e1n Fern\u00e1ndez a los 15, ambos del segundo tiempo. En la pr\u00f3xima fecha, el &hellip;<\/p>\n","protected":false},"author":5,"featured_media":7845,"comment_status":"open","ping_status":"open","sticky":false,"template":"","format":"standard","meta":{"footnotes":""},"categories":[5],"tags":[],"class_list":["post-7838","post","type-post","status-publish","format-standard","has-post-thumbnail","hentry","category-futbol"],"_links":{"self":[{"href":"https:\/\/www.sportchaco.com.ar\/index.php?rest_route=\/wp\/v2\/posts\/7838","targetHints":{"allow":["GET"]}}],"collection":[{"href":"https:\/\/www.sportchaco.com.ar\/index.php?rest_route=\/wp\/v2\/posts"}],"about":[{"href":"https:\/\/www.sportchaco.com.ar\/index.php?rest_route=\/wp\/v2\/types\/post"}],"author":[{"embeddable":true,"href":"https:\/\/www.sportchaco.com.ar\/index.php?rest_route=\/wp\/v2\/users\/5"}],"replies":[{"embeddable":true,"href":"https:\/\/www.sportchaco.com.ar\/index.php?rest_route=%2Fwp%2Fv2%2Fcomments&post=7838"}],"version-history":[{"count":5,"href":"https:\/\/www.sportchaco.com.ar\/index.php?rest_route=\/wp\/v2\/posts\/7838\/revisions"}],"predecessor-version":[{"id":7850,"href":"https:\/\/www.sportchaco.com.ar\/index.php?rest_route=\/wp\/v2\/posts\/7838\/revisions\/7850"}],"wp:featuredmedia":[{"embeddable":true,"href":"https:\/\/www.sportchaco.com.ar\/index.php?rest_route=\/wp\/v2\/media\/7845"}],"wp:attachment":[{"href":"https:\/\/www.sportchaco.com.ar\/index.php?rest_route=%2Fwp%2Fv2%2Fmedia&parent=7838"}],"wp:term":[{"taxonomy":"category","embeddable":true,"href":"https:\/\/www.sportchaco.com.ar\/index.php?rest_route=%2Fwp%2Fv2%2Fcategories&post=7838"},{"taxonomy":"post_tag","embeddable":true,"href":"https:\/\/www.sportchaco.com.ar\/index.php?rest_route=%2Fwp%2Fv2%2Ftags&post=7838"}],"curies":[{"name":"wp","href":"https:\/\/api.w.org\/{rel}","templated":true}]}}