{"id":7839,"date":"2024-04-06T19:21:34","date_gmt":"2024-04-06T22:21:34","guid":{"rendered":"https:\/\/www.sportchaco.com.ar\/?p=7839"},"modified":"2024-04-06T20:45:01","modified_gmt":"2024-04-06T23:45:01","slug":"osella-es-dificil-cuando-el-arbitro-te-sanciona-un-penal-en-contra-pero-es-peor-no-tener-donde-entrenar-y-no-pagarle-a-los-jugadores","status":"publish","type":"post","link":"https:\/\/www.sportchaco.com.ar\/?p=7839","title":{"rendered":"Oficial: Osella ya no es el t\u00e9cnico de For Ever"},"content":{"rendered":"<p><strong>06-04-2024<\/strong><\/p>\n<p>Chaco For Ever emiti\u00f3 un comunicado oficial donde oficializa la salida deDiego Osella como entrenador del primer equipo:<\/p>\n<p><em>\u00abEl Club Atl\u00e9tico Chaco For Ever, informa que Diego Osella ha dejado de ser el director t\u00e9cnico del plantel profesional de f\u00fatbol. Del mismo modo, agradecemos a Diego Osella y todo se equipo de trabajo por el profesionalismo entregado a nuestra instituci\u00f3n. Le deseamos lo mejor en su futuro\u00bb.<\/em><\/p>\n<p><img loading=\"lazy\" decoding=\"async\" class=\" wp-image-7826 aligncenter\" src=\"https:\/\/www.sportchaco.com.ar\/wp-content\/uploads\/2024\/04\/0-320x50-1-300x47.gif\" alt=\"\" width=\"332\" height=\"52\" \/><\/p>\n<p>Osella: \u00abEs dif\u00edcil cuando el \u00e1rbitro te sanciona un penal en contra, pero es peor no tener donde entrenar y no pagarle a los jugadores\u00bb. El DT de For Ever atac\u00f3 contra la dirigencia por las situaciones extradeportivas y por el arbitraje de Zamora y no seguir\u00e1 al frente del equipo.<\/p>\n<p>Tras la nueva derrota de For Ever por la Primera Nacional, ahora a manos de San Telmo, el entrenador Diego Osella fue cr\u00edtico con el \u00e1rbitro Daniel Zamora por el penal en contra de su equipo. \u00abEl equipo rival estaba jugando mejor que nosotros, no era necesario que nos cobren ese penal. San Telmo fue superior a nosotros en todo el primer tiempo y parte del segundo, pero el penal es inexistente y puso nervioso a todos mis jugadores\u00bb, se\u00f1al\u00f3.<\/p>\n<p>Y agreg\u00f3 despu\u00e9s: \u00abHab\u00edan hecho m\u00e9ritos para ganarnos de otra manera. Nosotros seguimos en deuda y no generamos en ataque\u00bb.<\/p>\n<p>Luego el DT apunt\u00f3 contra la dirigencia de For Ever y los problemas extafutbol\u00edsticos de las \u00faltimas semanas. \u00abCuando parece que nos enderezamos suceden cosas en el club. Los jugadores no cobran, no tengo un lugar donde entrenar, el m\u00e9dico nos llega el d\u00eda del partido a la mana\u00f1a y se pierde todo (haciendo referencia a la p\u00e9rdida de una bolsa con zapatillas de los jugadores en el viaje a Tucum\u00e1n), es muy dif\u00edcil as\u00ed porque la cara visible soy yo y no es as\u00ed\u00bb, coment\u00f3.<\/p>\n<p>En dicha rueda de prensa Diego Osella puso en duda su continuidad como entrenador en el \u00abalbinegro\u00bb. \u00abVeremos que pasar\u00e1 ahora porque tengo que estar todo el d\u00eda con el inflador arriba. Cuando llueve no tengo la cancha ni lugar para entrenar, tengo que atender a los jugadores porque no cobran y cuando viajamos lo hacemos sin ropa y ahora sin m\u00e9dico porque tiene que trabajar en otro lugar. Siempre pierdo yo, pierdo la seriedad para trabajar y realmente no es as\u00ed\u00bb, remarc\u00f3.<\/p>\n<p>\u00abEl que est\u00e1 en deuda soy yo, no la gente. Quiz\u00e1s les estoy exigiendo demasiado y no estoy dando lo que tengo que dar\u00bb, dijo en el final.<\/p>\n<p>Lo cierto es que los n\u00fameros de Osella no son positivos en For Ever ni en su primera etapa donde disput\u00f3 18 partidos perdiendo 10, ganando 4 y empatando los restantes 4. Ahora, en la temporada 2024 dirigi\u00f3 10 encuentros gan\u00f3 2, empat\u00f3 3 y perdi\u00f3 5.<\/p>\n<p><img loading=\"lazy\" decoding=\"async\" class=\"size-medium wp-image-7812 aligncenter\" src=\"https:\/\/www.sportchaco.com.ar\/wp-content\/uploads\/2024\/04\/gobierno-del-Chaco-300x297.jpg\" alt=\"\" width=\"300\" height=\"297\" srcset=\"https:\/\/www.sportchaco.com.ar\/wp-content\/uploads\/2024\/04\/gobierno-del-Chaco-300x297.jpg 300w, https:\/\/www.sportchaco.com.ar\/wp-content\/uploads\/2024\/04\/gobierno-del-Chaco-150x150.jpg 150w, https:\/\/www.sportchaco.com.ar\/wp-content\/uploads\/2024\/04\/gobierno-del-Chaco.jpg 442w\" sizes=\"auto, (max-width: 300px) 100vw, 300px\" \/><\/p>\n","protected":false},"excerpt":{"rendered":"<p>06-04-2024 Chaco For Ever emiti\u00f3 un comunicado oficial donde oficializa la salida deDiego Osella como entrenador del primer equipo: \u00abEl Club Atl\u00e9tico Chaco For Ever, informa que Diego Osella ha dejado de ser el director t\u00e9cnico del plantel profesional de f\u00fatbol. Del mismo modo, agradecemos a Diego Osella y todo se equipo de trabajo por &hellip;<\/p>\n","protected":false},"author":3,"featured_media":7840,"comment_status":"open","ping_status":"open","sticky":false,"template":"","format":"standard","meta":{"footnotes":""},"categories":[5],"tags":[],"class_list":["post-7839","post","type-post","status-publish","format-standard","has-post-thumbnail","hentry","category-futbol"],"_links":{"self":[{"href":"https:\/\/www.sportchaco.com.ar\/index.php?rest_route=\/wp\/v2\/posts\/7839","targetHints":{"allow":["GET"]}}],"collection":[{"href":"https:\/\/www.sportchaco.com.ar\/index.php?rest_route=\/wp\/v2\/posts"}],"about":[{"href":"https:\/\/www.sportchaco.com.ar\/index.php?rest_route=\/wp\/v2\/types\/post"}],"author":[{"embeddable":true,"href":"https:\/\/www.sportchaco.com.ar\/index.php?rest_route=\/wp\/v2\/users\/3"}],"replies":[{"embeddable":true,"href":"https:\/\/www.sportchaco.com.ar\/index.php?rest_route=%2Fwp%2Fv2%2Fcomments&post=7839"}],"version-history":[{"count":5,"href":"https:\/\/www.sportchaco.com.ar\/index.php?rest_route=\/wp\/v2\/posts\/7839\/revisions"}],"predecessor-version":[{"id":7862,"href":"https:\/\/www.sportchaco.com.ar\/index.php?rest_route=\/wp\/v2\/posts\/7839\/revisions\/7862"}],"wp:featuredmedia":[{"embeddable":true,"href":"https:\/\/www.sportchaco.com.ar\/index.php?rest_route=\/wp\/v2\/media\/7840"}],"wp:attachment":[{"href":"https:\/\/www.sportchaco.com.ar\/index.php?rest_route=%2Fwp%2Fv2%2Fmedia&parent=7839"}],"wp:term":[{"taxonomy":"category","embeddable":true,"href":"https:\/\/www.sportchaco.com.ar\/index.php?rest_route=%2Fwp%2Fv2%2Fcategories&post=7839"},{"taxonomy":"post_tag","embeddable":true,"href":"https:\/\/www.sportchaco.com.ar\/index.php?rest_route=%2Fwp%2Fv2%2Ftags&post=7839"}],"curies":[{"name":"wp","href":"https:\/\/api.w.org\/{rel}","templated":true}]}}