{"id":7852,"date":"2024-04-06T20:08:46","date_gmt":"2024-04-06T23:08:46","guid":{"rendered":"https:\/\/www.sportchaco.com.ar\/?p=7852"},"modified":"2024-04-06T20:11:57","modified_gmt":"2024-04-06T23:11:57","slug":"boca-gano-en-rosario-y-gusto","status":"publish","type":"post","link":"https:\/\/www.sportchaco.com.ar\/?p=7852","title":{"rendered":"Boca gan\u00f3 en Rosario y gust\u00f3"},"content":{"rendered":"<div class=\"nota__heading\">\n<h5 class=\"nota__heading__title\">06-04-2024<\/h5>\n<p class=\"nota__heading__subtitle\">El Xeneize derrot\u00f3 3-1 a Newell&#8217;s con goles de Cristian Medina, Luca Langoni y Kevin Zen\u00f3n y qued\u00f3 tercero en la zona B de la Copa de la Liga.<\/p>\n<div class=\"nota__heading__author\">\n<p>&nbsp;<\/p>\n<p>06 de abril de 2024<\/p>\n<\/div>\n<\/div>\n<div class=\"nota__main-media\">\n<div class=\"nota__image\"><\/div>\n<div class=\"nota__main-media__legend\"><\/div>\n<\/div>\n<div class=\"nota__body\">\n<div class=\"container\">\n<div class=\"row\">\n<div class=\"eg-grid eg-grid--content\">\n<div class=\"eg-cell__1-1\">\n<div class=\"col-xs-24 col-sm-4 eg-social eg-social--vert\">\n<div class=\"addthis_sharing_toolbox nota_body_social\"><\/div>\n<\/div>\n<\/div>\n<div class=\"eg-cell__2-1\">\n<p><span style=\"color: #000000;\"><a style=\"color: #000000;\" href=\"https:\/\/www.elgrafico.com.ar\/etiqueta\/boca\" target=\"_blank\" rel=\"noopener\">BOCA<\/a>\u00a0venci\u00f3 3-1 a\u00a0<a style=\"color: #000000;\" href=\"https:\/\/www.elgrafico.com.ar\/etiqueta\/newells\" target=\"_blank\" rel=\"noopener\">NEWELL&#8217;S<\/a>\u00a0y se qued\u00f3 con un duelo clave, v\u00e1lido por la fecha 13 de la\u00a0Copa de la Liga\u00a0en Rosario.<\/span><\/p>\n<p><span style=\"color: #000000;\">El equipo dirigido por Diego Mart\u00ednez redonde\u00f3 otra buena funci\u00f3n y salt\u00f3 al tercer puesto de la zona B gracias a los goles de Cristian Medina, Kevin Zen\u00f3n y Luca Langoni.<\/span><\/p>\n<p><span style=\"color: #000000;\">El\u00a0Xeneize,\u00a0que\u00a0cont\u00f3 con el regreso a la titularidad de Pol Fern\u00e1ndez,\u00a0<a style=\"color: #000000;\" href=\"https:\/\/www.elgrafico.com.ar\/articulo\/primera-division\/75806\/la-empezo-y-la-termino-el-gol-de-cristian-medina-para-el-1-0-de-boca\" target=\"_blank\" rel=\"noopener\">lo abri\u00f3 a la media hora de juego<\/a>\u00a0y justific\u00f3 la victoria ante la Lepra, un rival directo en la lucha por meterse a los cuartos de final.<\/span><\/p>\n<p><span style=\"color: #000000;\">El mediocampista\u00a0ingres\u00f3 en lugar de Lucas Blondel, quien se rompi\u00f3 los ligamentos cruzados de la rodilla derecha frente al Cicl\u00f3n y recibi\u00f3 el reconocimiento de sus compa\u00f1eros, que<a style=\"color: #000000;\" href=\"https:\/\/www.elgrafico.com.ar\/articulo\/primera-division\/75807\/el-gran-gesto-de-los-jugadores-de-boca-con-lucas-blondel\" target=\"_blank\" rel=\"noopener\">\u00a0mostraron su camiseta en la formaci\u00f3n inicial en Rosario<\/a>.<\/span><\/p>\n<p>&nbsp;<\/p>\n<div class=\"twitter-tweet twitter-tweet-rendered\"><\/div>\n<p>&nbsp;<\/p>\n<p><span style=\"color: #000000;\">La preocupaci\u00f3n la dio el propio\u00a0Cristian Medina, que pidi\u00f3 el cambio en el segundo tiempo con gestos de dolor en su rodilla.<\/span><\/p>\n<p><span style=\"color: #000000;\">La buena noticia de la jornada la aport\u00f3\u00a0<a style=\"color: #000000;\" href=\"https:\/\/www.elgrafico.com.ar\/articulo\/primera-division\/75810\/370-dias-despues-luca-langoni-y-un-gol-para-volver-a-ser\" target=\"_blank\" rel=\"noopener\">Luca Langoni, que sentenci\u00f3 el encuentro y volvi\u00f3 a convertir luego de 370 d\u00edas<\/a>.<\/span><\/p>\n<p><span style=\"color: #000000;\">Juli\u00e1n Fern\u00e1ndez sembr\u00f3 un interrogante en los minutos finales del partido tras establecer el descuento con un buen disparo cruzado que venci\u00f3 la resistencia de Leandro Brey.<\/span><\/p>\n<p><span style=\"color: #000000;\">Inmediatamente Boca lo liquid\u00f3 con un contragolpe letal que cambi\u00f3 por gol Kevin Zen\u00f3n, uno de los abanderados futbol\u00edsticos del elenco que conduce Diego Mart\u00ednez.<\/span><\/p>\n<p><span style=\"color: #000000;\">El Xeneize buscar\u00e1 el martes su primera victoria en la Conmebol Sudamericana\u00a0cuando reciba el martes a Sportivo Trinidense y luego disputar\u00e1, sin fecha a confirmar, la reanudaci\u00f3n del duelo pendiente frente a Estudiantes.<\/span><\/p>\n<p><span style=\"color: #000000;\">Newell&#8217;s qued\u00f3 cuarto pero podr\u00e1n superarlo hasta tres equipos, por lo que deber\u00e1 ganarle en la \u00faltima fecha a Defensa y Justicia en Florencio Varela y esperar otros resultados.<\/span><\/p>\n<\/div>\n<p><img loading=\"lazy\" decoding=\"async\" class=\"alignnone size-medium wp-image-7410\" src=\"https:\/\/www.sportchaco.com.ar\/wp-content\/uploads\/2024\/03\/sube-gob-24-300x300.jpg\" alt=\"\" width=\"300\" height=\"300\" srcset=\"https:\/\/www.sportchaco.com.ar\/wp-content\/uploads\/2024\/03\/sube-gob-24-300x300.jpg 300w, https:\/\/www.sportchaco.com.ar\/wp-content\/uploads\/2024\/03\/sube-gob-24-1024x1024.jpg 1024w, https:\/\/www.sportchaco.com.ar\/wp-content\/uploads\/2024\/03\/sube-gob-24-150x150.jpg 150w, https:\/\/www.sportchaco.com.ar\/wp-content\/uploads\/2024\/03\/sube-gob-24-768x768.jpg 768w, https:\/\/www.sportchaco.com.ar\/wp-content\/uploads\/2024\/03\/sube-gob-24.jpg 1080w\" sizes=\"auto, (max-width: 300px) 100vw, 300px\" \/><\/p>\n<div class=\"article-body\" data-tadevel-template=\"web\/article-body\">\n<div class=\"article-body-content\">\n<h3><strong>Esta es la s\u00edntesis de Newell&#8217;s Old Boys vs Boca por la Copa de la Liga 2024:<\/strong><\/h3>\n<p><strong>Copa de la Liga 2024 &#8211; Grupo B &#8211; Decimotercera fecha\u00a0\u00a0<\/strong><\/p>\n<p><strong>Newell\u2019s Old Boys vs Boca Juniors.\u00a0 \u00a0\u00a0<\/strong><\/p>\n<p><strong>Estadio:<\/strong>\u00a0Marcelo Bielsa, Rosario<\/p>\n<p><strong>\u00c1rbitro:\u00a0<\/strong>Facundo Tello.<\/p>\n<p><strong>VAR:<\/strong>\u00a0H\u00e9ctor Paletta.<\/p>\n<p><strong>Newell\u2019s Old Boys:<\/strong>\u00a0Ramiro\u00a0Macagno; Armando\u00a0M\u00e9ndez, Gustavo\u00a0Vel\u00e1zquez, Ian Glavinovich, \u00c1ngelo\u00a0Martino; Ever\u00a0Banega, Juli\u00e1n\u00a0Fern\u00e1ndez; Esteban Fern\u00e1ndez, Jer\u00f3nimo\u00a0Cacciabue, Francisco\u00a0Gonz\u00e1lez, Misael Jaime; Juan Ignacio\u00a0Ram\u00edrez.\u00a0DT:\u00a0Mauricio\u00a0Larriera.<\/p>\n<p><strong>Boca Juniors:<\/strong>\u00a0Leandro\u00a0Brey; Luis\u00a0Adv\u00edncula, Cristian\u00a0Lema, Marcos\u00a0Rojo, Lautaro\u00a0Blanco; Guillermo Pol\u00a0Fern\u00e1ndez, Cristian\u00a0Medina, Equi\u00a0Fern\u00e1ndez, Kevin\u00a0Zen\u00f3n; Miguel\u00a0Merentiel\u00a0y Luca\u00a0Langoni.\u00a0DT:\u00a0Diego\u00a0Mart\u00ednez.<\/p>\n<p><strong>Gol en el primer tiempo:\u00a0<\/strong>28m. Cristi\u00e1n Medina (B).<\/p>\n<p><strong>Gol en el segundo tiempo:\u00a0<\/strong>10m. Lucas Langoni (B); 43m. Juli\u00e1n Fern\u00e1ndez (N); 45m. Frank Fabra (B)<\/p>\n<p><strong>Cambios en el segundo tiempo:\u00a0<\/strong>Al inicio. Jer\u00f3nimo Cacciabue por Esteban Fern\u00e1ndez (N) y Giovani Chiaverano por Misael Jaime (N); 18m. Brian Aguirre por Francisco Gonz\u00e1lez (N); 23m. Marcelo Saracchi por Lautaro Blanco (B); 28m. Nicol\u00e1s Valentini por Marcos Rojo (B), Jabes Saralegui por Guillermo Pol Fern\u00e1ndez (B) y Norberto Briasco por Luca Langoni (B); 32m. Brian Calderara por \u00c1ngelo Martino (N); 38m. Frank Fabra por Cristi\u00e1n Medina (B)<\/p>\n<\/div>\n<\/div>\n<div class=\"top style-scope view-comment-preview\">\n<div class=\"title style-scope view-comment-preview\">Comentarios (0)<\/div>\n<\/div>\n<\/div>\n<\/div>\n<\/div>\n<\/div>\n","protected":false},"excerpt":{"rendered":"<p>06-04-2024 El Xeneize derrot\u00f3 3-1 a Newell&#8217;s con goles de Cristian Medina, Luca Langoni y Kevin Zen\u00f3n y qued\u00f3 tercero en la zona B de la Copa de la Liga. &nbsp; 06 de abril de 2024 BOCA\u00a0venci\u00f3 3-1 a\u00a0NEWELL&#8217;S\u00a0y se qued\u00f3 con un duelo clave, v\u00e1lido por la fecha 13 de la\u00a0Copa de la Liga\u00a0en &hellip;<\/p>\n","protected":false},"author":2,"featured_media":7853,"comment_status":"open","ping_status":"open","sticky":false,"template":"","format":"standard","meta":{"footnotes":""},"categories":[47],"tags":[],"class_list":["post-7852","post","type-post","status-publish","format-standard","has-post-thumbnail","hentry","category-nacionales"],"_links":{"self":[{"href":"https:\/\/www.sportchaco.com.ar\/index.php?rest_route=\/wp\/v2\/posts\/7852","targetHints":{"allow":["GET"]}}],"collection":[{"href":"https:\/\/www.sportchaco.com.ar\/index.php?rest_route=\/wp\/v2\/posts"}],"about":[{"href":"https:\/\/www.sportchaco.com.ar\/index.php?rest_route=\/wp\/v2\/types\/post"}],"author":[{"embeddable":true,"href":"https:\/\/www.sportchaco.com.ar\/index.php?rest_route=\/wp\/v2\/users\/2"}],"replies":[{"embeddable":true,"href":"https:\/\/www.sportchaco.com.ar\/index.php?rest_route=%2Fwp%2Fv2%2Fcomments&post=7852"}],"version-history":[{"count":3,"href":"https:\/\/www.sportchaco.com.ar\/index.php?rest_route=\/wp\/v2\/posts\/7852\/revisions"}],"predecessor-version":[{"id":7856,"href":"https:\/\/www.sportchaco.com.ar\/index.php?rest_route=\/wp\/v2\/posts\/7852\/revisions\/7856"}],"wp:featuredmedia":[{"embeddable":true,"href":"https:\/\/www.sportchaco.com.ar\/index.php?rest_route=\/wp\/v2\/media\/7853"}],"wp:attachment":[{"href":"https:\/\/www.sportchaco.com.ar\/index.php?rest_route=%2Fwp%2Fv2%2Fmedia&parent=7852"}],"wp:term":[{"taxonomy":"category","embeddable":true,"href":"https:\/\/www.sportchaco.com.ar\/index.php?rest_route=%2Fwp%2Fv2%2Fcategories&post=7852"},{"taxonomy":"post_tag","embeddable":true,"href":"https:\/\/www.sportchaco.com.ar\/index.php?rest_route=%2Fwp%2Fv2%2Ftags&post=7852"}],"curies":[{"name":"wp","href":"https:\/\/api.w.org\/{rel}","templated":true}]}}