{"id":7886,"date":"2024-04-08T00:01:14","date_gmt":"2024-04-08T03:01:14","guid":{"rendered":"https:\/\/www.sportchaco.com.ar\/?p=7886"},"modified":"2024-04-08T06:49:23","modified_gmt":"2024-04-08T09:49:23","slug":"efemerides-del-8-de-abril","status":"publish","type":"post","link":"https:\/\/www.sportchaco.com.ar\/?p=7886","title":{"rendered":"Efem\u00e9rides del 8 de abril"},"content":{"rendered":"<p><strong>Esta es la Efem\u00e9rides del Deporte en el Chaco de un 8 de abril del periodista Luis Dar\u00edo Molodezky.<\/strong><\/p>\n<p>&nbsp;<\/p>\n<p><img loading=\"lazy\" decoding=\"async\" class=\"alignnone size-medium wp-image-7707\" src=\"https:\/\/www.sportchaco.com.ar\/wp-content\/uploads\/2024\/04\/Luis-Molodezky-210x300.jpg\" alt=\"\" width=\"210\" height=\"300\" srcset=\"https:\/\/www.sportchaco.com.ar\/wp-content\/uploads\/2024\/04\/Luis-Molodezky-210x300.jpg 210w, https:\/\/www.sportchaco.com.ar\/wp-content\/uploads\/2024\/04\/Luis-Molodezky.jpg 275w\" sizes=\"auto, (max-width: 210px) 100vw, 210px\" \/><\/p>\n<p><strong>1923 <\/strong>\/ Nace en Tucum\u00e1n Enrique Kistenmacher<\/p>\n<p>bi-campe\u00f3n sudamericano en decatl\u00f3n; particip\u00f3 en los Juegos<\/p>\n<p>Ol\u00edmpicos de Londres de 1948 clasific\u00e1ndose 4\u00b0 en Decatl\u00f3n y 10\u00b0<\/p>\n<p>en Salto en Largo. En 1949 fue Campe\u00f3n Nacional de Salto en Largo<\/p>\n<p>y R\u00e9cord Nacional Absoluto en 400 m llanos (48,3\u201d), salto en<\/p>\n<p>largo (7,36m) y decatl\u00f3n (6.954 puntos). Fue docente y ex presidente<\/p>\n<p>de la Confederaci\u00f3n Argentina de Atletismo, falleci\u00f3 a principios<\/p>\n<p>de 1990.<\/p>\n<p>&nbsp;<\/p>\n<p><strong>1927 <\/strong>\/ Nace en Las Bre\u00f1as, Alberto Su\u00e1rez, quien<\/p>\n<p>era conocido como el \u201cmago de los tiros libres\u201d, por su temible<\/p>\n<p>pegada. Con el equipo de Cooperativa que se consagr\u00f3 campe\u00f3n<\/p>\n<p>de la Liga del Noroeste Chaque\u00f1o en el a\u00f1o 1953. En el 2007, al<\/p>\n<p>cumplir los 80 a\u00f1os fue homenajeado en el Club Social.<\/p>\n<p>&nbsp;<\/p>\n<p><strong>1958 <\/strong>\/ Edgardo Mito Outeri\u00f1o es convocado a la<\/p>\n<p>preselecci\u00f3n argentina de b\u00e1squetbol, luego de descollar con la<\/p>\n<p>Selecci\u00f3n de Chaco en el Argentino de Santa Fe.<\/p>\n<p>&nbsp;<\/p>\n<p><strong>1960 \/<\/strong> Nace en Resistencia N\u00f6el Vidarte, iniciando la pr\u00e1ctica del TKD a los 14 a\u00f1os con Javier Dacak. Se gradu\u00f3<\/p>\n<p>primer Dan el 2 de diciembre de 1970. Actualmente es 9\u00b0 Dan, habieno sido campe\u00f3n argentino en 1978 y 1980.<\/p>\n<p>Como dirigente deportivo de su deporte ocup\u00f3 cargos en diversas entidades y ocupando la presidencia en varios<\/p>\n<p>periodos del Centro Deportivo Don Bosco..<\/p>\n<p><strong>\u00a0\u00a0\u00a0\u00a0\u00a0\u00a0\u00a0\u00a0 <\/strong><\/p>\n<p><strong>1979 <\/strong>\/ Uni\u00f3n Progresista de Villa \u00c1ngela se consagra<\/p>\n<p>campe\u00f3n provincial de clubes, al vencer en el cotejo final a Villa<\/p>\n<p>San Mart\u00edn por 71 a 61, tras un parcial de 37 a 29. Dirigieron el<\/p>\n<p>partido Hugo G\u00f3mez y H\u00e9ctor \u00c1valos. El partido se jug\u00f3 en Presidencia<\/p>\n<p>de la Plaza y se recaudaron 1.800.000 pesos. El goleador fue<\/p>\n<p>Orlando Salinas con 24 puntos, y jugaron Carlos Lobera, Roberto<\/p>\n<p>Bonfanti, Jos\u00e9 Fern\u00e1ndez, Gabriel Milovich y Leopoldo Mart\u00edn.<\/p>\n<p>DT: Eduardo Tat\u00e1 Flores. Comercio de Plaza fue tercero, al derrotar<\/p>\n<p>a Sokol de S\u00e1enz Pe\u00f1a, por 87 a 76 (39-37).<\/p>\n<p><strong><em><img loading=\"lazy\" decoding=\"async\" class=\"alignnone size-medium wp-image-7887\" src=\"https:\/\/www.sportchaco.com.ar\/wp-content\/uploads\/2024\/04\/Progre-frente-a-Partizan-2-7-79-300x185.jpg\" alt=\"\" width=\"300\" height=\"185\" srcset=\"https:\/\/www.sportchaco.com.ar\/wp-content\/uploads\/2024\/04\/Progre-frente-a-Partizan-2-7-79-300x185.jpg 300w, https:\/\/www.sportchaco.com.ar\/wp-content\/uploads\/2024\/04\/Progre-frente-a-Partizan-2-7-79.jpg 600w\" sizes=\"auto, (max-width: 300px) 100vw, 300px\" \/><br \/>\n<\/em><\/strong><\/p>\n<p><strong>1985 <\/strong>\/ La Liga Chaque\u00f1a publica en su bolet\u00edn N\u00ba<\/p>\n<p>166 la resoluci\u00f3n del Consejo Federal de la AFA, reconociendo la<\/p>\n<p>credencial de la Federaci\u00f3n Argentina de Periodistas Deportivos<\/p>\n<p>como v\u00e1lida para el acceso de los periodistas a los estadios de las<\/p>\n<p>Ligas afiliadas.<\/p>\n<p>&nbsp;<\/p>\n<p><strong>2006 <\/strong>\/ Se realiza la cuarta edici\u00f3n del Iroman (hombre<\/p>\n<p>de hierro) en la ciudad de Chajar\u00ed (Entre R\u00edos), donde Chaco<\/p>\n<p>marc\u00f3 presencia con la representaci\u00f3n de Luis Oviedo, quien clasific\u00f3<\/p>\n<p>primero en categor\u00eda master de 45 a 49 a\u00f1os para consagrarse<\/p>\n<p>campe\u00f3n argentino, mientras que en la general se ubica<\/p>\n<p>decimosexto. Los participantes hacen 3.800 metros en nataci\u00f3n<\/p>\n<p>(demand\u00f3 1 hora 42 minutos), 180 kil\u00f3metros de ciclismo (5h 51\u2018)<\/p>\n<p>y 42 kil\u00f3metros de pedestrismo (4h 30\u2019\u2019).<\/p>\n<p>&nbsp;<\/p>\n<p><strong>2010 \/<\/strong> Fallece en C\u00f3rdoba el entrenador Antonio Manno, formador del hist\u00f3rico equipo de Uni\u00f3n Progresista de<\/p>\n<p>Villa Angela que engrandeci\u00f3 al b\u00e1squetbol chaque\u00f1o.<\/p>\n<p>&nbsp;<\/p>\n<p><img loading=\"lazy\" decoding=\"async\" class=\"alignnone size-full wp-image-7881\" src=\"https:\/\/www.sportchaco.com.ar\/wp-content\/uploads\/2024\/04\/Copia-de-Nachec1-300x250-1.gif\" alt=\"\" width=\"300\" height=\"250\" \/><\/p>\n","protected":false},"excerpt":{"rendered":"<p>Esta es la Efem\u00e9rides del Deporte en el Chaco de un 8 de abril del periodista Luis Dar\u00edo Molodezky. &nbsp; 1923 \/ Nace en Tucum\u00e1n Enrique Kistenmacher bi-campe\u00f3n sudamericano en decatl\u00f3n; particip\u00f3 en los Juegos Ol\u00edmpicos de Londres de 1948 clasific\u00e1ndose 4\u00b0 en Decatl\u00f3n y 10\u00b0 en Salto en Largo. En 1949 fue Campe\u00f3n Nacional &hellip;<\/p>\n","protected":false},"author":2,"featured_media":7888,"comment_status":"open","ping_status":"open","sticky":false,"template":"","format":"standard","meta":{"footnotes":""},"categories":[34,45],"tags":[],"class_list":["post-7886","post","type-post","status-publish","format-standard","has-post-thumbnail","hentry","category-abril","category-efemerides-dia-por-dia"],"_links":{"self":[{"href":"https:\/\/www.sportchaco.com.ar\/index.php?rest_route=\/wp\/v2\/posts\/7886","targetHints":{"allow":["GET"]}}],"collection":[{"href":"https:\/\/www.sportchaco.com.ar\/index.php?rest_route=\/wp\/v2\/posts"}],"about":[{"href":"https:\/\/www.sportchaco.com.ar\/index.php?rest_route=\/wp\/v2\/types\/post"}],"author":[{"embeddable":true,"href":"https:\/\/www.sportchaco.com.ar\/index.php?rest_route=\/wp\/v2\/users\/2"}],"replies":[{"embeddable":true,"href":"https:\/\/www.sportchaco.com.ar\/index.php?rest_route=%2Fwp%2Fv2%2Fcomments&post=7886"}],"version-history":[{"count":2,"href":"https:\/\/www.sportchaco.com.ar\/index.php?rest_route=\/wp\/v2\/posts\/7886\/revisions"}],"predecessor-version":[{"id":7890,"href":"https:\/\/www.sportchaco.com.ar\/index.php?rest_route=\/wp\/v2\/posts\/7886\/revisions\/7890"}],"wp:featuredmedia":[{"embeddable":true,"href":"https:\/\/www.sportchaco.com.ar\/index.php?rest_route=\/wp\/v2\/media\/7888"}],"wp:attachment":[{"href":"https:\/\/www.sportchaco.com.ar\/index.php?rest_route=%2Fwp%2Fv2%2Fmedia&parent=7886"}],"wp:term":[{"taxonomy":"category","embeddable":true,"href":"https:\/\/www.sportchaco.com.ar\/index.php?rest_route=%2Fwp%2Fv2%2Fcategories&post=7886"},{"taxonomy":"post_tag","embeddable":true,"href":"https:\/\/www.sportchaco.com.ar\/index.php?rest_route=%2Fwp%2Fv2%2Ftags&post=7886"}],"curies":[{"name":"wp","href":"https:\/\/api.w.org\/{rel}","templated":true}]}}