{"id":7907,"date":"2024-04-08T09:42:19","date_gmt":"2024-04-08T12:42:19","guid":{"rendered":"https:\/\/www.sportchaco.com.ar\/?p=7907"},"modified":"2024-04-08T09:42:19","modified_gmt":"2024-04-08T12:42:19","slug":"el-22-arranca-la-carrera-de-periodismo-deportvo","status":"publish","type":"post","link":"https:\/\/www.sportchaco.com.ar\/?p=7907","title":{"rendered":"El 22 arranca la carrera de periodismo deportvo"},"content":{"rendered":"<div class=\"container fullwidth-entry-title-wrapper\">\n<div class=\"container-wrapper fullwidth-entry-title\">\n<header class=\"entry-header-outer\">\n<div class=\"entry-header\">\n<h1 class=\"post-title entry-title\"><\/h1>\n<h2 class=\"entry-sub-title\"><strong style=\"font-size: 16px;\">13-03-2024<\/strong><\/h2>\n<h4 class=\"entry-sub-title\">El pr\u00f3ximo lunes se pondr\u00e1 en marcha la Tecnicatura Superior de Periodismo Deportivo, una carrera de 3 a\u00f1os, que otorga t\u00edtulo de validez nacional del Ministerio de Educaci\u00f3n. La misma comenzar\u00e1 a partir de la segunda quincena del mes de abril y tiene una duraci\u00f3n de tres a\u00f1os.<\/h4>\n<div class=\"single-post-meta post-meta clearfix\"><\/div>\n<\/div>\n<\/header>\n<\/div>\n<\/div>\n<div id=\"content\" class=\"site-content container\">\n<div id=\"main-content-row\" class=\"tie-row main-content-row\">\n<div class=\"main-content tie-col-md-8 tie-col-xs-12\" role=\"main\">\n<article id=\"the-post\" class=\"container-wrapper post-content tie-standard\">\n<div class=\"featured-area\">\n<div class=\"featured-area-inner\"><\/div>\n<\/div>\n<div id=\"share-buttons-top\" class=\"share-buttons share-buttons-top\">\n<div class=\"share-links  icons-text share-pill\"><\/div>\n<\/div>\n<div class=\"entry-content entry clearfix\">\n<p><img loading=\"lazy\" decoding=\"async\" class=\" wp-image-6819 aligncenter\" src=\"https:\/\/www.sportchaco.com.ar\/wp-content\/uploads\/2024\/03\/gob-marzo-fumigo-apaisado-logo-si-300x50.jpg\" sizes=\"auto, (max-width: 360px) 100vw, 360px\" srcset=\"https:\/\/www.sportchaco.com.ar\/wp-content\/uploads\/2024\/03\/gob-marzo-fumigo-apaisado-logo-si-300x50.jpg 300w, https:\/\/www.sportchaco.com.ar\/wp-content\/uploads\/2024\/03\/gob-marzo-fumigo-apaisado-logo-si-1024x171.jpg 1024w, https:\/\/www.sportchaco.com.ar\/wp-content\/uploads\/2024\/03\/gob-marzo-fumigo-apaisado-logo-si-768x128.jpg 768w, https:\/\/www.sportchaco.com.ar\/wp-content\/uploads\/2024\/03\/gob-marzo-fumigo-apaisado-logo-si.jpg 1200w\" alt=\"\" width=\"360\" height=\"60\" \/><\/p>\n<div class=\"x11i5rnm xat24cr x1mh8g0r x1vvkbs xtlvy1s x126k92a\">\n<div dir=\"auto\">Los j\u00f3venes de la provincia y de la regi\u00f3n y los que se encuentran ejerciendo el periodismo deportivo en diversos medios, tendr\u00e1n la posibilidad de cursar la Tecnicatura Superior en Periodismo Deportivo a partir de la segunda quincena del mes de abril. El convenio marco de cooperaci\u00f3n interinstitucional contempla el dictado de la misma tras la firma registrada ayer por la Fundaci\u00f3n Foro Social del NEA, propietaria de la Unidad Educativa de Gesti\u00f3n Privada N\u00b0 157, y el C\u00edrculo de Periodistas Deportivos del Chaco.<\/div>\n<div dir=\"auto\"><\/div>\n<\/div>\n<div class=\"x11i5rnm xat24cr x1mh8g0r x1vvkbs xtlvy1s x126k92a\">\n<div dir=\"auto\">\n<section class=\"body\">\n<section class=\"content\">\n<div class=\"main-text\">\n<div class=\" large m_image\">\n<figure><picture><source srcset=\"https:\/\/www.diarionorte.com\/content\/bucket\/9\/356069w750h521c.jpg.webp\" type=\"image\/webp\" media=\"(min-width: 640px)\" \/><source srcset=\"https:\/\/www.diarionorte.com\/content\/bucket\/9\/356069w440h305c.jpg.webp\" type=\"image\/webp\" media=\"(min-width: 300px)\" \/><source srcset=\"https:\/\/www.diarionorte.com\/content\/bucket\/9\/356069w750h521c.jpg\" media=\"(min-width: 300px)\" \/><img loading=\"lazy\" decoding=\"async\" class=\"pic\" src=\"https:\/\/www.diarionorte.com\/content\/bucket\/9\/356069w750h521c.jpg.webp\" alt=\"\" width=\"750\" height=\"521\" \/><\/picture><\/figure>\n<p><img loading=\"lazy\" decoding=\"async\" class=\"alignnone size-medium wp-image-7898\" src=\"https:\/\/www.sportchaco.com.ar\/wp-content\/uploads\/2024\/04\/Nachec1-300x600-2-150x300.gif\" alt=\"\" width=\"150\" height=\"300\" \/><\/p>\n<\/div>\n<div class=\" large m_image\"><\/div>\n<p>&nbsp;<\/p>\n<p>&nbsp;<\/p>\n<\/div>\n<\/section>\n<\/section>\n<\/div>\n<\/div>\n<\/div>\n<\/article>\n<\/div>\n<\/div>\n<\/div>\n","protected":false},"excerpt":{"rendered":"<p>13-03-2024 El pr\u00f3ximo lunes se pondr\u00e1 en marcha la Tecnicatura Superior de Periodismo Deportivo, una carrera de 3 a\u00f1os, que otorga t\u00edtulo de validez nacional del Ministerio de Educaci\u00f3n. La misma comenzar\u00e1 a partir de la segunda quincena del mes de abril y tiene una duraci\u00f3n de tres a\u00f1os. Los j\u00f3venes de la provincia y &hellip;<\/p>\n","protected":false},"author":2,"featured_media":7908,"comment_status":"open","ping_status":"open","sticky":false,"template":"","format":"standard","meta":{"footnotes":""},"categories":[8],"tags":[],"class_list":["post-7907","post","type-post","status-publish","format-standard","has-post-thumbnail","hentry","category-sport-nea"],"_links":{"self":[{"href":"https:\/\/www.sportchaco.com.ar\/index.php?rest_route=\/wp\/v2\/posts\/7907","targetHints":{"allow":["GET"]}}],"collection":[{"href":"https:\/\/www.sportchaco.com.ar\/index.php?rest_route=\/wp\/v2\/posts"}],"about":[{"href":"https:\/\/www.sportchaco.com.ar\/index.php?rest_route=\/wp\/v2\/types\/post"}],"author":[{"embeddable":true,"href":"https:\/\/www.sportchaco.com.ar\/index.php?rest_route=\/wp\/v2\/users\/2"}],"replies":[{"embeddable":true,"href":"https:\/\/www.sportchaco.com.ar\/index.php?rest_route=%2Fwp%2Fv2%2Fcomments&post=7907"}],"version-history":[{"count":1,"href":"https:\/\/www.sportchaco.com.ar\/index.php?rest_route=\/wp\/v2\/posts\/7907\/revisions"}],"predecessor-version":[{"id":7909,"href":"https:\/\/www.sportchaco.com.ar\/index.php?rest_route=\/wp\/v2\/posts\/7907\/revisions\/7909"}],"wp:featuredmedia":[{"embeddable":true,"href":"https:\/\/www.sportchaco.com.ar\/index.php?rest_route=\/wp\/v2\/media\/7908"}],"wp:attachment":[{"href":"https:\/\/www.sportchaco.com.ar\/index.php?rest_route=%2Fwp%2Fv2%2Fmedia&parent=7907"}],"wp:term":[{"taxonomy":"category","embeddable":true,"href":"https:\/\/www.sportchaco.com.ar\/index.php?rest_route=%2Fwp%2Fv2%2Fcategories&post=7907"},{"taxonomy":"post_tag","embeddable":true,"href":"https:\/\/www.sportchaco.com.ar\/index.php?rest_route=%2Fwp%2Fv2%2Ftags&post=7907"}],"curies":[{"name":"wp","href":"https:\/\/api.w.org\/{rel}","templated":true}]}}