{"id":7932,"date":"2024-04-08T20:20:57","date_gmt":"2024-04-08T23:20:57","guid":{"rendered":"https:\/\/www.sportchaco.com.ar\/?p=7932"},"modified":"2024-04-08T20:21:45","modified_gmt":"2024-04-08T23:21:45","slug":"en-boca-vuelven-cavani-y-romero","status":"publish","type":"post","link":"https:\/\/www.sportchaco.com.ar\/?p=7932","title":{"rendered":"En Boca vuelven Cavani y Romero"},"content":{"rendered":"<h6><strong>08-04-2024<\/strong><\/h6>\n<h5 class=\"description\">El Xeneize se entren\u00f3 este lunes por la tarde en Ezeiza y el t\u00e9cnico termin\u00f3 de decidir el equipo que recibir\u00e1 este martes al conjunto paraguayo por la Copa Sudamericana.<\/h5>\n<div class=\"article-info\">\n<div class=\"article-info-left\">\n<div class=\"article-autor-info\">\n<div class=\"article-autor-name\"><img decoding=\"async\" title=\"Diego Mart\u00ednez\" src=\"https:\/\/media.tycsports.com\/files\/2024\/04\/08\/700968\/diego-martinez_416x234.webp?v=3\" srcset=\"https:\/\/media.tycsports.com\/files\/2024\/04\/08\/700968\/diego-martinez_416x234.webp?v=3 480w ,https:\/\/media.tycsports.com\/files\/2024\/04\/08\/700968\/diego-martinez_862x485.webp?v=3 1080w \" alt=\"Diego Mart\u00ednez\" \/><\/div>\n<\/div>\n<\/div>\n<\/div>\n<figure class=\"rat16x9\"><figcaption>El Xeneize enfrentar\u00e1 a Sportivo Trinidense este martes en la Bombonera, por la segunda fecha de la Copa Sudamericana.<\/figcaption><\/figure>\n<p class=\"capital\"><span style=\"color: #000000;\">Luego del\u00a0<a style=\"color: #000000;\" href=\"https:\/\/www.tycsports.com\/boca-juniors\/newells-vs-boca-copa-de-la-liga-formaciones-donde-ver-en-vivo-id575936.html\" target=\"_blank\" rel=\"noopener\">triunfo por 3-1 ante Newell&#8217;s en Rosario<\/a>\u00a0que lo encamin\u00f3 a los cuartos de final de la Copa de la Liga,\u00a0en Boca empezaron a preparase para el duelo ante Sportivo Trinidense\u00a0de este martes, desde las 21.00, por la segunda fecha del grupo D de la\u00a0Copa Sudamericana. El t\u00e9cnico Diego Mart\u00ednez dispuso en la pr\u00e1ctica de este lunes por la tarde el equipo que pondr\u00e1, con la vuelta de\u00a0Edinson Cavani y Sergio Romero tras sus lesiones como novedad.<\/span><\/p>\n<div class=\"watchto-wrap\">\n<div class=\"watchto\"><\/div>\n<\/div>\n<p><span style=\"color: #000000;\">El delantero uruguayo\u00a0se reincorpor\u00f3 al grupo ayer tras superar\u00a0<a style=\"color: #000000;\" href=\"https:\/\/www.tycsports.com\/boca-juniors\/video-el-golazo-de-cavani-para-la-igualdad-de-boca-ante-san-lorenzo-id574581.html\" target=\"_blank\" rel=\"noopener\">una contractura que lo margin\u00f3 en el entretiempo del cl\u00e1sico ante San Lorenzo<\/a>\u00a0y el cuerpo t\u00e9cnico\u00a0consider\u00f3 que est\u00e1 en condiciones para ir desde el arranque en el choque de ma\u00f1ana. En tanto, Chiquito tambi\u00e9n est\u00e1 apto para retornar al once tras\u00a0<a style=\"color: #000000;\" href=\"https:\/\/www.tycsports.com\/boca-juniors\/sergio-romero-lesion-descartado-boca-vs-racing-copa-de-la-liga-javier-garcia-id569520.html\" target=\"_blank\" rel=\"noopener\">una inflamaci\u00f3n del tend\u00f3n de Aquiles del pie izquierdo<\/a>.<\/span><\/p>\n<p><span style=\"color: #000000;\">Por otro lado, la buena para el conjunto azul y oro es que\u00a0todos terminaron sin lesiones luego del choque frente a la Lepra. Cristian Medina, quien sali\u00f3 dolorido, y Lautaro Blanco, que se retir\u00f3 en el carrito, solo sufrieron un golpe y un calambre respectivamente. Adem\u00e1s, Marcos Rojo y Luca Langoni, otros de los reemplazados,\u00a0tampoco se hicieron estudios y ayer realizaron trabajos regenerativos.\u00a0Sin embargo, Medina y Langoni quedaron afuera de los convocados.<\/span><\/p>\n<div class=\"watchto-wrap\">\n<div class=\"watchto\">\n<p><a class=\"imgwrap\" title=\"Boca, por primera vez en zona de clasificaci\u00f3n de la Copa de la Liga Profesional\" href=\"https:\/\/www.tycsports.com\/boca-juniors\/boca-por-primera-vez-en-zona-de-clasificacion-de-la-copa-de-la-liga-profesional-id576365.html\"><picture><source srcset=\"https:\/\/media.tycsports.com\/files\/2024\/04\/08\/700960\/festejo-boca_267x150.webp\" media=\"(min-width: 721px)\" \/><source srcset=\"https:\/\/media.tycsports.com\/files\/2024\/04\/08\/700960\/festejo-boca_267x356.webp\" media=\"(max-width: 721px)\" \/><img decoding=\"async\" src=\"https:\/\/media.tycsports.com\/files\/2024\/04\/08\/700960\/festejo-boca_267x150.webp\" alt=\"Foto: Boca, por primera vez en zona de clasificaci\u00f3n de la Copa de la Liga Profesional\" data-src=\"https:\/\/media.tycsports.com\/files\/2024\/04\/08\/700960\/festejo-boca_267x150.webp\" \/><\/picture><\/a><\/p>\n<div class=\"watchto-text\"><\/div>\n<div class=\"watchto-btn-view\"><\/div>\n<\/div>\n<\/div>\n<p>Ante este panorama,\u00a0el entrenador decidi\u00f3 que parar\u00e1 un mix para el segundo compromiso copero\u00a0tras el debut en empate ante Nacional Potos\u00ed,\u00a0guardando algunos futbolistas considerando que el viernes enfrentar\u00e1 al Pincha\u00a0y luego, el martes 16, cerrar\u00eda su participaci\u00f3n con Godoy Cruz. En principio.<\/p>\n<p>&nbsp;<\/p>\n<p>Lo positivo es que\u00a0el Xeneize se asegurar\u00e1 su lugar en la pr\u00f3xima instancia del certamen con solo ganar uno de los dos partidos\u00a0que le restan, porque\u00a0tiene 22 unidades y sus competidores se cruzar\u00e1n entre s\u00ed.\u00a0Por ende, hoy ser\u00e1 un d\u00eda clave de definici\u00f3n para el azul y oro ya que tambi\u00e9n deber\u00e1 presentar la lista de convocados.<\/p>\n<h2>La posible formaci\u00f3n de Boca ante Sportivo Trinidense<\/h2>\n<p>Sergio Romero; Nicol\u00e1s Figal, Aaron Anselmino, Nicol\u00e1s Valentini, Marcelo Saracchi; Jabes Saralegui, Mauricio Ben\u00edtez, Pol Fern\u00e1ndez, Vicente Taborda; Miguel Merentiel y Edinson Cavani.<\/p>\n<p>&nbsp;<\/p>\n<p>&nbsp;<\/p>\n<h2>Los convocados de Boca para la Copa Sudamericana<\/h2>\n<p>&nbsp;<\/p>\n<figure class=\"w-100\"><img decoding=\"async\" title=\"convocados de Boca\" src=\"https:\/\/media.tycsports.com\/files\/2024\/04\/08\/701030\/convocados-de-boca_w416.webp\" srcset=\"https:\/\/media.tycsports.com\/files\/2024\/04\/08\/701030\/convocados-de-boca_w416.webp 480w, https:\/\/media.tycsports.com\/files\/2024\/04\/08\/701030\/convocados-de-boca_w862.webp 1080w\" alt=\"convocados de Boca\" data-src=\"https:\/\/media.tycsports.com\/files\/2024\/04\/08\/701030\/convocados-de-boca_w416.webp\" data-srcset=\"https:\/\/media.tycsports.com\/files\/2024\/04\/08\/701030\/convocados-de-boca_w416.webp 480w, https:\/\/media.tycsports.com\/files\/2024\/04\/08\/701030\/convocados-de-boca_w862.webp 1080w\" \/><\/figure>\n<div class=\"watchto-wrap\">\n<div class=\"watchto\">\n<div class=\"watchto-text\"><\/div>\n<div class=\"watchto-btn-view\"><img loading=\"lazy\" decoding=\"async\" class=\"alignnone size-full wp-image-7881\" src=\"https:\/\/www.sportchaco.com.ar\/wp-content\/uploads\/2024\/04\/Copia-de-Nachec1-300x250-1.gif\" alt=\"\" width=\"300\" height=\"250\" \/><\/div>\n<\/div>\n<\/div>\n<h2>Blondel fue operado con \u00e9xito por la dura lesi\u00f3n que sufri\u00f3<\/h2>\n<p>Este lunes, por otro lado, el defensor Lucas Blondel fue intervenido quir\u00fargicamente por el doctor del club Jorge Batista debido a la rotura del ligamento cruzado anterior de la rodilla derecha que sufri\u00f3 en el cl\u00e1sico ante San Lorenzo. En adelante, el futbolista de 27 a\u00f1os afrontar\u00e1 alrededor de ocho meses de recuperaci\u00f3n. TyC Sports<\/p>\n","protected":false},"excerpt":{"rendered":"<p>08-04-2024 El Xeneize se entren\u00f3 este lunes por la tarde en Ezeiza y el t\u00e9cnico termin\u00f3 de decidir el equipo que recibir\u00e1 este martes al conjunto paraguayo por la Copa Sudamericana. El Xeneize enfrentar\u00e1 a Sportivo Trinidense este martes en la Bombonera, por la segunda fecha de la Copa Sudamericana. Luego del\u00a0triunfo por 3-1 ante &hellip;<\/p>\n","protected":false},"author":2,"featured_media":7933,"comment_status":"open","ping_status":"open","sticky":false,"template":"","format":"standard","meta":{"footnotes":""},"categories":[47],"tags":[],"class_list":["post-7932","post","type-post","status-publish","format-standard","has-post-thumbnail","hentry","category-nacionales"],"_links":{"self":[{"href":"https:\/\/www.sportchaco.com.ar\/index.php?rest_route=\/wp\/v2\/posts\/7932","targetHints":{"allow":["GET"]}}],"collection":[{"href":"https:\/\/www.sportchaco.com.ar\/index.php?rest_route=\/wp\/v2\/posts"}],"about":[{"href":"https:\/\/www.sportchaco.com.ar\/index.php?rest_route=\/wp\/v2\/types\/post"}],"author":[{"embeddable":true,"href":"https:\/\/www.sportchaco.com.ar\/index.php?rest_route=\/wp\/v2\/users\/2"}],"replies":[{"embeddable":true,"href":"https:\/\/www.sportchaco.com.ar\/index.php?rest_route=%2Fwp%2Fv2%2Fcomments&post=7932"}],"version-history":[{"count":2,"href":"https:\/\/www.sportchaco.com.ar\/index.php?rest_route=\/wp\/v2\/posts\/7932\/revisions"}],"predecessor-version":[{"id":7935,"href":"https:\/\/www.sportchaco.com.ar\/index.php?rest_route=\/wp\/v2\/posts\/7932\/revisions\/7935"}],"wp:featuredmedia":[{"embeddable":true,"href":"https:\/\/www.sportchaco.com.ar\/index.php?rest_route=\/wp\/v2\/media\/7933"}],"wp:attachment":[{"href":"https:\/\/www.sportchaco.com.ar\/index.php?rest_route=%2Fwp%2Fv2%2Fmedia&parent=7932"}],"wp:term":[{"taxonomy":"category","embeddable":true,"href":"https:\/\/www.sportchaco.com.ar\/index.php?rest_route=%2Fwp%2Fv2%2Fcategories&post=7932"},{"taxonomy":"post_tag","embeddable":true,"href":"https:\/\/www.sportchaco.com.ar\/index.php?rest_route=%2Fwp%2Fv2%2Ftags&post=7932"}],"curies":[{"name":"wp","href":"https:\/\/api.w.org\/{rel}","templated":true}]}}