{"id":7939,"date":"2024-04-08T23:07:23","date_gmt":"2024-04-09T02:07:23","guid":{"rendered":"https:\/\/www.sportchaco.com.ar\/?p=7939"},"modified":"2024-04-09T10:31:06","modified_gmt":"2024-04-09T13:31:06","slug":"sarmiento-empieza-a-digerir-el-alejamiento-de-valdez","status":"publish","type":"post","link":"https:\/\/www.sportchaco.com.ar\/?p=7939","title":{"rendered":"Sarmiento empieza a digerir el alejamiento de Valdez"},"content":{"rendered":"<p><strong>08-04-2024<\/strong><\/p>\n<p>En un comunicado emitido a \u00faltima hora de la tarde de este lunes, el club Sarmiento hizo p\u00fablica la decisi\u00f3n del t\u00e9cnico Ra\u00fal Valdez y colaboradores de alejarse de la conducci\u00f3n del plantel profesional, para sumarse a For Ever.<\/p>\n<p>Lo que nadie explic\u00f3 es cual era la relaci\u00f3n real entre la instituci\u00f3n y Valdez, ya que se tejieron m\u00faltiples especulaciones en la jornada. Se entend\u00eda, que el t\u00e9cnico ten\u00eda una relaci\u00f3n permanente con el club, a tal punto que cuando se baj\u00f3 de la direcci\u00f3n t\u00e9cnica hace dos a\u00f1os sigui\u00f3 su vinculaci\u00f3n.<\/p>\n<p>Se dec\u00eda entre otras cosas, que no estaba firmado el contrato entre el club y el t\u00e9cnico por un lado, mientras otros sosten\u00edan que hab\u00eda una cl\u00e1usula de rescisi\u00f3n si recib\u00eda un ofrecimiento de un club de una categor\u00eda superior.<\/p>\n<p>Claro que algo exist\u00eda, porque el t\u00e9cnico sin ning\u00fan tipo de obst\u00e1culos dej\u00f3 la instituci\u00f3n. En el comunicado oficial no da Sarmiento ning\u00fan detalle, solo que el cuerpo t\u00e9cnico daba por terminado el v\u00ednculo, al aceptar una propuesta de otro club (For Ever).<\/p>\n<p>Lo cierto es que este martes por la tarde Ra\u00fal Valdez y sus colaboradores estar\u00e1n asumiendo en el \u00abnegro\u00bb, mientras el \u00abdecano\u00bb comienza a estudiar su reemplazo, mientras sostiene que el club est\u00e1 por encima de cualquier nombre.<\/p>\n<p><strong>LA VUELTA DE VALDEZ AL NEGRO<\/strong><br \/>\nValdez volver\u00e1 a For Ever despu\u00e9s de 29 a\u00f1os, ya que fue el entrenador que estuvo a cargo del equipo en el torneo Argentino \u201cA\u201d de 1995. Adem\u00e1s, visti\u00f3 la camiseta del \u201cnegro\u201d como futbolista en el Regional de 1983, en el Nacional del mismo a\u00f1o, en el Regional del \u201985, en las temporadas 1987-88 y 1988-89 del Nacional B. Fue parte del ascenso m\u00e1s destacado de la historia de For Ever en ese \u201989 al llegar a Primera y tambi\u00e9n actu\u00f3 en la divisional superior en la temporada 1989-90.<\/p>\n<p>&nbsp;<\/p>\n<p>&nbsp;<\/p>\n<p><img loading=\"lazy\" decoding=\"async\" class=\"alignnone size-medium wp-image-7958 aligncenter\" src=\"https:\/\/www.sportchaco.com.ar\/wp-content\/uploads\/2024\/04\/turismo-apaisado720x90-300x38.gif\" alt=\"\" width=\"300\" height=\"38\" \/><img loading=\"lazy\" decoding=\"async\" class=\"size-full wp-image-7959 aligncenter\" src=\"https:\/\/www.sportchaco.com.ar\/wp-content\/uploads\/2024\/04\/turismo200x2001-1.gif\" alt=\"\" width=\"200\" height=\"200\" \/><\/p>\n","protected":false},"excerpt":{"rendered":"<p>08-04-2024 En un comunicado emitido a \u00faltima hora de la tarde de este lunes, el club Sarmiento hizo p\u00fablica la decisi\u00f3n del t\u00e9cnico Ra\u00fal Valdez y colaboradores de alejarse de la conducci\u00f3n del plantel profesional, para sumarse a For Ever. Lo que nadie explic\u00f3 es cual era la relaci\u00f3n real entre la instituci\u00f3n y Valdez, &hellip;<\/p>\n","protected":false},"author":2,"featured_media":7940,"comment_status":"open","ping_status":"open","sticky":false,"template":"","format":"standard","meta":{"footnotes":""},"categories":[5],"tags":[],"class_list":["post-7939","post","type-post","status-publish","format-standard","has-post-thumbnail","hentry","category-futbol"],"_links":{"self":[{"href":"https:\/\/www.sportchaco.com.ar\/index.php?rest_route=\/wp\/v2\/posts\/7939","targetHints":{"allow":["GET"]}}],"collection":[{"href":"https:\/\/www.sportchaco.com.ar\/index.php?rest_route=\/wp\/v2\/posts"}],"about":[{"href":"https:\/\/www.sportchaco.com.ar\/index.php?rest_route=\/wp\/v2\/types\/post"}],"author":[{"embeddable":true,"href":"https:\/\/www.sportchaco.com.ar\/index.php?rest_route=\/wp\/v2\/users\/2"}],"replies":[{"embeddable":true,"href":"https:\/\/www.sportchaco.com.ar\/index.php?rest_route=%2Fwp%2Fv2%2Fcomments&post=7939"}],"version-history":[{"count":6,"href":"https:\/\/www.sportchaco.com.ar\/index.php?rest_route=\/wp\/v2\/posts\/7939\/revisions"}],"predecessor-version":[{"id":7960,"href":"https:\/\/www.sportchaco.com.ar\/index.php?rest_route=\/wp\/v2\/posts\/7939\/revisions\/7960"}],"wp:featuredmedia":[{"embeddable":true,"href":"https:\/\/www.sportchaco.com.ar\/index.php?rest_route=\/wp\/v2\/media\/7940"}],"wp:attachment":[{"href":"https:\/\/www.sportchaco.com.ar\/index.php?rest_route=%2Fwp%2Fv2%2Fmedia&parent=7939"}],"wp:term":[{"taxonomy":"category","embeddable":true,"href":"https:\/\/www.sportchaco.com.ar\/index.php?rest_route=%2Fwp%2Fv2%2Fcategories&post=7939"},{"taxonomy":"post_tag","embeddable":true,"href":"https:\/\/www.sportchaco.com.ar\/index.php?rest_route=%2Fwp%2Fv2%2Ftags&post=7939"}],"curies":[{"name":"wp","href":"https:\/\/api.w.org\/{rel}","templated":true}]}}