{"id":7962,"date":"2024-04-09T10:37:41","date_gmt":"2024-04-09T13:37:41","guid":{"rendered":"https:\/\/www.sportchaco.com.ar\/?p=7962"},"modified":"2024-04-09T14:06:19","modified_gmt":"2024-04-09T17:06:19","slug":"ningun-dt-con-pasado-forevista-dirigira-en-sarmiento","status":"publish","type":"post","link":"https:\/\/www.sportchaco.com.ar\/?p=7962","title":{"rendered":"Ning\u00fan DT con pasado Forevista dirigir\u00e1 en Sarmiento"},"content":{"rendered":"<div class=\"volanta\"><strong>09-04-2024<\/strong><\/div>\n<p class=\"bajada\">\n<figure class=\"\"><img decoding=\"async\" class=\"img-fluid m-auto d-block aligncenter\" src=\"https:\/\/entretiempo.info\/vista\/fotos\/24491516.jpg\" alt=\"\" \/><\/figure>\n<p class=\"epigrafe \"><i class=\"fas fa-camera\" aria-hidden=\"true\"><\/i>\u00a0Sarmiento sin entrenador. La dirigencia busca al reemplazante para Valdez.<\/p>\n<p>Tras el cimbronazo que signific\u00f3 la salida de Ra\u00fal Valdez como DT, encima al rival de toda la vida, la Comisi\u00f3n Directiva de Sarmiento determin\u00f3 -luego de la reuni\u00f3n del lunes por la noche- que ning\u00fan entrenador con pasado en For Ever dirigir\u00e1 a la instituci\u00f3n en el presente torneo Federal \u201cA\u201d de f\u00fatbol.<\/p>\n<p>De esta manera se disiparon r\u00e1pidamente los rumores que Sarmiento ir\u00eda a buscar a Daniel Cravero, hoy desocupado tras su participaci\u00f3n en el Regional Amateur con Mandiy\u00fa de Corrientes. Si bien algunos integrantes de la CD tiraron el nombre sobre la mesa, la mayor\u00eda determin\u00f3 en no contactarlo.<\/p>\n<p>De acuerdo a las especulaciones que se manejan, el nuevo entrenador ser\u00eda de otra provincia. Para esto ya una parte de la Comisi\u00f3n est\u00e1 evaluando los distintos nombres que se fueron acercando y se tomar\u00e1 su tiempo, al menos toda esta semana, para definir al sucesor de Valdez, aprovechando que el equipo tiene fecha libre. La idea s\u00ed es que el nuevo DT est\u00e9 presente al menos desde el lunes 15 para preparar al equipo con vistas al compromiso ante San Mart\u00edn en Formosa del domingo 21, correspondiente a la quinta fecha de la zona 4.<\/p>\n<p><b>VALDEZ SIN CONTRATO FIRMADO<\/b><br \/>\nPara Ra\u00fal Valdez y su cuerpo t\u00e9cnico fue relativamente f\u00e1cil desprenderse de Sarmiento desde lo contractual, ya que el ahora ex DT como su ayudante de campo Joaqu\u00edn \u201cConejo\u201d Esp\u00edndola y el preparador f\u00edsico Ricardo \u201cRichard\u201d Meyer, en ning\u00fan momento firmaron el contrato que los vincule al club.<\/p>\n<p>Valdez estaba anotado como entrenador auxiliar, y en el contrato legal que deben tener los clubes con AFA, en relaci\u00f3n a los entrenadores, figuraba Guido \u201cMao\u201d Medina, qui\u00e9n fue el ayudante de campo de Miguel Urbina en la \u00faltima etapa del torneo anterior. Urbina no ten\u00eda el carn\u00e9 habilitante de entrenador, por esto las planillas las firmaba Medina. Para esta temporada ese contrato con AFA continu\u00f3 vigente. M\u00e1s all\u00e1 que el nuevo contrato estaba firmado por el presidente Javier Besga, actualmente residiendo en Buenos Aires, Valdez y su cuerpo t\u00e9cnico nunca estamparon la firma por demoras en el mismo seno de la CD \u201cDecana\u201d. De esta forma Valdez no necesit\u00f3 de ninguna cl\u00e1usula de salida ni nada por el estilo, solo tuvo que enviar un mensaje de texto a Besga comunic\u00e1ndole que no iba a continuar en el club<\/p>\n<p>Esto fue un detonante para la decisi\u00f3n que tom\u00f3 Valdez de cambiar radicalmente de rumbo en su futuro como DT y cruzar a la vereda de enfrente, sumado a que no comulgaba en absoluto que el plantel viaje el mismo d\u00eda del partido, o que no concentre los d\u00edas que jugaba de local.<\/p>\n<p><em><strong>Fuente: Entretiempo<\/strong><\/em><\/p>\n<p><img loading=\"lazy\" decoding=\"async\" class=\"size-full wp-image-7881 aligncenter\" src=\"https:\/\/www.sportchaco.com.ar\/wp-content\/uploads\/2024\/04\/Copia-de-Nachec1-300x250-1.gif\" alt=\"\" width=\"300\" height=\"250\" \/><\/p>\n","protected":false},"excerpt":{"rendered":"<p>09-04-2024 \u00a0Sarmiento sin entrenador. La dirigencia busca al reemplazante para Valdez. Tras el cimbronazo que signific\u00f3 la salida de Ra\u00fal Valdez como DT, encima al rival de toda la vida, la Comisi\u00f3n Directiva de Sarmiento determin\u00f3 -luego de la reuni\u00f3n del lunes por la noche- que ning\u00fan entrenador con pasado en For Ever dirigir\u00e1 a &hellip;<\/p>\n","protected":false},"author":2,"featured_media":7963,"comment_status":"open","ping_status":"open","sticky":false,"template":"","format":"standard","meta":{"footnotes":""},"categories":[5],"tags":[],"class_list":["post-7962","post","type-post","status-publish","format-standard","has-post-thumbnail","hentry","category-futbol"],"_links":{"self":[{"href":"https:\/\/www.sportchaco.com.ar\/index.php?rest_route=\/wp\/v2\/posts\/7962","targetHints":{"allow":["GET"]}}],"collection":[{"href":"https:\/\/www.sportchaco.com.ar\/index.php?rest_route=\/wp\/v2\/posts"}],"about":[{"href":"https:\/\/www.sportchaco.com.ar\/index.php?rest_route=\/wp\/v2\/types\/post"}],"author":[{"embeddable":true,"href":"https:\/\/www.sportchaco.com.ar\/index.php?rest_route=\/wp\/v2\/users\/2"}],"replies":[{"embeddable":true,"href":"https:\/\/www.sportchaco.com.ar\/index.php?rest_route=%2Fwp%2Fv2%2Fcomments&post=7962"}],"version-history":[{"count":3,"href":"https:\/\/www.sportchaco.com.ar\/index.php?rest_route=\/wp\/v2\/posts\/7962\/revisions"}],"predecessor-version":[{"id":7969,"href":"https:\/\/www.sportchaco.com.ar\/index.php?rest_route=\/wp\/v2\/posts\/7962\/revisions\/7969"}],"wp:featuredmedia":[{"embeddable":true,"href":"https:\/\/www.sportchaco.com.ar\/index.php?rest_route=\/wp\/v2\/media\/7963"}],"wp:attachment":[{"href":"https:\/\/www.sportchaco.com.ar\/index.php?rest_route=%2Fwp%2Fv2%2Fmedia&parent=7962"}],"wp:term":[{"taxonomy":"category","embeddable":true,"href":"https:\/\/www.sportchaco.com.ar\/index.php?rest_route=%2Fwp%2Fv2%2Fcategories&post=7962"},{"taxonomy":"post_tag","embeddable":true,"href":"https:\/\/www.sportchaco.com.ar\/index.php?rest_route=%2Fwp%2Fv2%2Ftags&post=7962"}],"curies":[{"name":"wp","href":"https:\/\/api.w.org\/{rel}","templated":true}]}}