{"id":7973,"date":"2024-04-09T15:48:44","date_gmt":"2024-04-09T18:48:44","guid":{"rendered":"https:\/\/www.sportchaco.com.ar\/?p=7973"},"modified":"2024-04-11T18:05:11","modified_gmt":"2024-04-11T21:05:11","slug":"raul-valdez-fue-presentado-en-for-ever","status":"publish","type":"post","link":"https:\/\/www.sportchaco.com.ar\/?p=7973","title":{"rendered":"Ra\u00fal Valdez fue presentado en For Ever"},"content":{"rendered":"<p><strong>09-04-2024<\/strong><\/p>\n<p><img loading=\"lazy\" decoding=\"async\" class=\" wp-image-7958 aligncenter\" src=\"https:\/\/www.sportchaco.com.ar\/wp-content\/uploads\/2024\/04\/turismo-apaisado720x90-300x38.gif\" alt=\"\" width=\"332\" height=\"42\" \/><\/p>\n<p>En la tarde de este martes, Ra\u00fal Ricardo Valdez fue presentado y oficializado como nuevo entrenador de For Ever para el equipo participante del torneo de la Primera Nacional.<\/p>\n<p>El exentrenador de Sarmiento se mostr\u00f3 agradecido a la dirigencia \u00abalbinegra\u00bb por estar interesados en su trabajo y el de su cuerpo t\u00e9cnico para afrontar lo que queda del campeonato 2024.<\/p>\n<p>Aunque el \u00abnegro\u00bb no est\u00e1 holgado de puntos, tiene varios equipos atr\u00e1s en la zona de descenso, pero los compromisos que tiene a futuro son inmediatos ya que este s\u00e1bado jugar\u00e1 de local ante Atl\u00e9tico de Rafaela por una nueva fecha de la zona B.<\/p>\n<p>En una rueda de prensa el nuevo DT dijo: \u00abLa gente de For Ever tiene que confiar, vamos a trabajar y reinventarnos para desarrollarnos de la mejor manera a lo largo de la competencia. Entendemos que hay material y elementos para hacerlo. Hay que trabajar t\u00e1cticamente y f\u00edsicamente para que el jugador este a la altura de jugar contra cualquier equipo de la Primera Nacional\u201d.<\/p>\n<p>Y luego continu\u00f3: \u201cSi queremos un For Ever protagonista, el equipo tiene que salir a ser protagonista y serlo tiene sus costos y eso lo tienen que saber los jugadores, los dirigentes y los hinchas. El objetivo ser\u00e1 que el protagonismo que buscamos se vea tanto de local como de visitante\u201d.<\/p>\n<p>Al ser consultado por su salida del \u00abaurirrojo\u00bb para llegar a la vereda de enfrente, Valdez fue claro y le sac\u00f3 dramatismo al hecho, coment\u00f3 al respecto: \u201cNunca me sent\u00ed de alg\u00fan lado o del otro. Vest\u00ed la camiseta de For Ever como jugador, fui preparador f\u00edsico y entrenador en otro momento, conozco cual es mi profesi\u00f3n y uno se encari\u00f1a con el trabajo que hace, con los jugadores y directivos con los que uno trabaja en su momento, pero el f\u00fatbol tiene etapas y momentos. Somos profesionales y esto es trabajo para m\u00ed y todo mi cuerpo t\u00e9cnico\u201d.<\/p>\n<p>Una vez finalizada la charla con los medios de prensa el entrenador se hizo cargo de la pr\u00e1ctica del \u00abnegro\u00bb y empez\u00f3 a trabajar con el equipo de cara al partido del s\u00e1bado en el \u00abJuan Alberto Garc\u00eda\u00bb.<\/p>\n<p>Valdez estar\u00e1 acompa\u00f1ado por Joaqu\u00edn Esp\u00edndola, como ayudante de campo, en tanto que Richard Meyer ser\u00e1 el preparador f\u00edsico. Tambi\u00e9n, integran el cuerpo t\u00e9cnico el profesor Nahuel Pintos, preparador f\u00edsico alterno y Cristian Mazzon, entrenador de arqueros.<\/p>\n<p><img loading=\"lazy\" decoding=\"async\" class=\"size-medium wp-image-8010 aligncenter\" src=\"https:\/\/www.sportchaco.com.ar\/wp-content\/uploads\/2024\/04\/Valdez-y-Cordoba-300x211.jpg\" alt=\"\" width=\"300\" height=\"211\" srcset=\"https:\/\/www.sportchaco.com.ar\/wp-content\/uploads\/2024\/04\/Valdez-y-Cordoba-300x211.jpg 300w, https:\/\/www.sportchaco.com.ar\/wp-content\/uploads\/2024\/04\/Valdez-y-Cordoba-1024x721.jpg 1024w, https:\/\/www.sportchaco.com.ar\/wp-content\/uploads\/2024\/04\/Valdez-y-Cordoba-768x541.jpg 768w, https:\/\/www.sportchaco.com.ar\/wp-content\/uploads\/2024\/04\/Valdez-y-Cordoba.jpg 1210w\" sizes=\"auto, (max-width: 300px) 100vw, 300px\" \/><\/p>\n<p>Tambi\u00e9n quien dijo presente en la oficializaci\u00f3n de Valdez y su cuerpo t\u00e9cnico fue el doctor Alejandro C\u00f3rdoba, quien regresa para trabajar nuevamente en el club tras su salida meses atr\u00e1s cuando estaba a cargo del equipo Diego Osella.<\/p>\n<p>C\u00f3rdoba trabajar\u00e1 junto al doctor Jos\u00e9 Carlos Marcico, los kinesi\u00f3logos ser\u00e1n Francisco Romero y Alejo Enr\u00edquez, mientras que Agostina P\u00e9rez Ch\u00e1vez ser\u00e1 la nutricionista. La utiler\u00eda del club, continuar\u00e1 a cargo de Francisco Maciel, Mauro Ru\u00edz y Franco Luque.<\/p>\n<p><img loading=\"lazy\" decoding=\"async\" class=\"size-full wp-image-7959 aligncenter\" src=\"https:\/\/www.sportchaco.com.ar\/wp-content\/uploads\/2024\/04\/turismo200x2001-1.gif\" alt=\"\" width=\"200\" height=\"200\" \/><\/p>\n","protected":false},"excerpt":{"rendered":"<p>09-04-2024 En la tarde de este martes, Ra\u00fal Ricardo Valdez fue presentado y oficializado como nuevo entrenador de For Ever para el equipo participante del torneo de la Primera Nacional. El exentrenador de Sarmiento se mostr\u00f3 agradecido a la dirigencia \u00abalbinegra\u00bb por estar interesados en su trabajo y el de su cuerpo t\u00e9cnico para afrontar &hellip;<\/p>\n","protected":false},"author":3,"featured_media":7974,"comment_status":"open","ping_status":"open","sticky":false,"template":"","format":"standard","meta":{"footnotes":""},"categories":[5],"tags":[],"class_list":["post-7973","post","type-post","status-publish","format-standard","has-post-thumbnail","hentry","category-futbol"],"_links":{"self":[{"href":"https:\/\/www.sportchaco.com.ar\/index.php?rest_route=\/wp\/v2\/posts\/7973","targetHints":{"allow":["GET"]}}],"collection":[{"href":"https:\/\/www.sportchaco.com.ar\/index.php?rest_route=\/wp\/v2\/posts"}],"about":[{"href":"https:\/\/www.sportchaco.com.ar\/index.php?rest_route=\/wp\/v2\/types\/post"}],"author":[{"embeddable":true,"href":"https:\/\/www.sportchaco.com.ar\/index.php?rest_route=\/wp\/v2\/users\/3"}],"replies":[{"embeddable":true,"href":"https:\/\/www.sportchaco.com.ar\/index.php?rest_route=%2Fwp%2Fv2%2Fcomments&post=7973"}],"version-history":[{"count":7,"href":"https:\/\/www.sportchaco.com.ar\/index.php?rest_route=\/wp\/v2\/posts\/7973\/revisions"}],"predecessor-version":[{"id":8060,"href":"https:\/\/www.sportchaco.com.ar\/index.php?rest_route=\/wp\/v2\/posts\/7973\/revisions\/8060"}],"wp:featuredmedia":[{"embeddable":true,"href":"https:\/\/www.sportchaco.com.ar\/index.php?rest_route=\/wp\/v2\/media\/7974"}],"wp:attachment":[{"href":"https:\/\/www.sportchaco.com.ar\/index.php?rest_route=%2Fwp%2Fv2%2Fmedia&parent=7973"}],"wp:term":[{"taxonomy":"category","embeddable":true,"href":"https:\/\/www.sportchaco.com.ar\/index.php?rest_route=%2Fwp%2Fv2%2Fcategories&post=7973"},{"taxonomy":"post_tag","embeddable":true,"href":"https:\/\/www.sportchaco.com.ar\/index.php?rest_route=%2Fwp%2Fv2%2Ftags&post=7973"}],"curies":[{"name":"wp","href":"https:\/\/api.w.org\/{rel}","templated":true}]}}