{"id":7999,"date":"2024-04-09T22:48:22","date_gmt":"2024-04-10T01:48:22","guid":{"rendered":"https:\/\/www.sportchaco.com.ar\/?p=7999"},"modified":"2024-04-09T22:53:18","modified_gmt":"2024-04-10T01:53:18","slug":"las-panteritas-iniciaron-su-concentracion-en-sportivo-plaza","status":"publish","type":"post","link":"https:\/\/www.sportchaco.com.ar\/?p=7999","title":{"rendered":"Las Panteritas iniciaron su concentraci\u00f3n en Sportivo Plaza"},"content":{"rendered":"<p><strong>09-04-2024<\/strong><\/p>\n<p><img loading=\"lazy\" decoding=\"async\" class=\" wp-image-7879 aligncenter\" src=\"https:\/\/www.sportchaco.com.ar\/wp-content\/uploads\/2024\/04\/Nachec-728x90-1-300x37.gif\" alt=\"\" width=\"332\" height=\"41\" \/><\/p>\n<p>El club Sportivo Plaza recibi\u00f3 en la ma\u00f1ana de este martes el arribo de la Selecci\u00f3n Argentina de Voley Sub-19. Las Panteritas concentraran en la localidad de Presidencia de la Plaza hasta el pr\u00f3ximo 20 de abril.<\/p>\n<p>En todos estos d\u00edas de preparaci\u00f3n, las chicas entrenar\u00e1n en las instalaciones del club y desarrollar\u00e1n varios partidos amistosos. Dicha concentraci\u00f3n se lleva a cabo en el marco de los festejos del club Sportivo por sus 100 a\u00f1os, los cuales los cumplir\u00e1 en diciembre del 2024.<\/p>\n<p>Los entrenamientos de Las Panteritas ser\u00e1n abiertos al p\u00fablico tanto por la ma\u00f1ana como por la tarde. El horario matutino ser\u00e1 de 9 a 10:30, mientras que el vespertino de 18 a 20 horas. El ingreso ser\u00e1 mediante un alimento no perecedero.<\/p>\n<p><img loading=\"lazy\" decoding=\"async\" class=\"size-medium wp-image-8001 aligncenter\" src=\"https:\/\/www.sportchaco.com.ar\/wp-content\/uploads\/2024\/04\/las-panteritas-240x300.jpg\" alt=\"\" width=\"240\" height=\"300\" srcset=\"https:\/\/www.sportchaco.com.ar\/wp-content\/uploads\/2024\/04\/las-panteritas-240x300.jpg 240w, https:\/\/www.sportchaco.com.ar\/wp-content\/uploads\/2024\/04\/las-panteritas-819x1024.jpg 819w, https:\/\/www.sportchaco.com.ar\/wp-content\/uploads\/2024\/04\/las-panteritas-768x960.jpg 768w, https:\/\/www.sportchaco.com.ar\/wp-content\/uploads\/2024\/04\/las-panteritas-1228x1536.jpg 1228w, https:\/\/www.sportchaco.com.ar\/wp-content\/uploads\/2024\/04\/las-panteritas-1638x2048.jpg 1638w, https:\/\/www.sportchaco.com.ar\/wp-content\/uploads\/2024\/04\/las-panteritas-scaled.jpg 2047w\" sizes=\"auto, (max-width: 240px) 100vw, 240px\" \/><\/p>\n<p>Durante su estad\u00eda en Plaza, la Selecci\u00f3n Argentina Sub-19 disputar\u00e1 una serie de amistosos en los cuales enfrentar\u00e1 a la Primera Divisi\u00f3n de Regatas Resistencia, el d\u00eda viernes 12 de abril; a la Primera de CUNNE el mi\u00e9rcoles 17 de abril y finalmente a la Selecci\u00f3n Chaque\u00f1a de Voley Sub-18.<\/p>\n<p>Todos los partidos se disputar\u00e1n en el club Sportivo a las 20:30 horas y tendr\u00e1n un costo de entrada de $1500.<\/p>\n<p><img loading=\"lazy\" decoding=\"async\" class=\"size-full wp-image-7883 aligncenter\" src=\"https:\/\/www.sportchaco.com.ar\/wp-content\/uploads\/2024\/04\/Copy-of-200x200-1.gif\" alt=\"\" width=\"200\" height=\"200\" \/><\/p>\n","protected":false},"excerpt":{"rendered":"<p>09-04-2024 El club Sportivo Plaza recibi\u00f3 en la ma\u00f1ana de este martes el arribo de la Selecci\u00f3n Argentina de Voley Sub-19. Las Panteritas concentraran en la localidad de Presidencia de la Plaza hasta el pr\u00f3ximo 20 de abril. En todos estos d\u00edas de preparaci\u00f3n, las chicas entrenar\u00e1n en las instalaciones del club y desarrollar\u00e1n varios &hellip;<\/p>\n","protected":false},"author":3,"featured_media":8000,"comment_status":"open","ping_status":"open","sticky":false,"template":"","format":"standard","meta":{"footnotes":""},"categories":[50],"tags":[],"class_list":["post-7999","post","type-post","status-publish","format-standard","has-post-thumbnail","hentry","category-voleibol"],"_links":{"self":[{"href":"https:\/\/www.sportchaco.com.ar\/index.php?rest_route=\/wp\/v2\/posts\/7999","targetHints":{"allow":["GET"]}}],"collection":[{"href":"https:\/\/www.sportchaco.com.ar\/index.php?rest_route=\/wp\/v2\/posts"}],"about":[{"href":"https:\/\/www.sportchaco.com.ar\/index.php?rest_route=\/wp\/v2\/types\/post"}],"author":[{"embeddable":true,"href":"https:\/\/www.sportchaco.com.ar\/index.php?rest_route=\/wp\/v2\/users\/3"}],"replies":[{"embeddable":true,"href":"https:\/\/www.sportchaco.com.ar\/index.php?rest_route=%2Fwp%2Fv2%2Fcomments&post=7999"}],"version-history":[{"count":1,"href":"https:\/\/www.sportchaco.com.ar\/index.php?rest_route=\/wp\/v2\/posts\/7999\/revisions"}],"predecessor-version":[{"id":8003,"href":"https:\/\/www.sportchaco.com.ar\/index.php?rest_route=\/wp\/v2\/posts\/7999\/revisions\/8003"}],"wp:featuredmedia":[{"embeddable":true,"href":"https:\/\/www.sportchaco.com.ar\/index.php?rest_route=\/wp\/v2\/media\/8000"}],"wp:attachment":[{"href":"https:\/\/www.sportchaco.com.ar\/index.php?rest_route=%2Fwp%2Fv2%2Fmedia&parent=7999"}],"wp:term":[{"taxonomy":"category","embeddable":true,"href":"https:\/\/www.sportchaco.com.ar\/index.php?rest_route=%2Fwp%2Fv2%2Fcategories&post=7999"},{"taxonomy":"post_tag","embeddable":true,"href":"https:\/\/www.sportchaco.com.ar\/index.php?rest_route=%2Fwp%2Fv2%2Ftags&post=7999"}],"curies":[{"name":"wp","href":"https:\/\/api.w.org\/{rel}","templated":true}]}}