{"id":8072,"date":"2024-04-12T00:38:09","date_gmt":"2024-04-12T03:38:09","guid":{"rendered":"https:\/\/www.sportchaco.com.ar\/?p=8072"},"modified":"2024-04-12T00:38:09","modified_gmt":"2024-04-12T03:38:09","slug":"efemerides-del-12-de-abril","status":"publish","type":"post","link":"https:\/\/www.sportchaco.com.ar\/?p=8072","title":{"rendered":"Efem\u00e9rides del 12 de abril"},"content":{"rendered":"<p><strong>Estas son las Efem\u00e9rides del Deporte en el Chaco de un 12 de abril del periodista Luis Dar\u00edo Molodezky.<\/strong><\/p>\n<p><img loading=\"lazy\" decoding=\"async\" class=\"alignnone size-medium wp-image-8038\" src=\"https:\/\/www.sportchaco.com.ar\/wp-content\/uploads\/2024\/04\/Luis-Molodezky-1-210x300.jpg\" sizes=\"auto, (max-width: 210px) 100vw, 210px\" srcset=\"https:\/\/www.sportchaco.com.ar\/wp-content\/uploads\/2024\/04\/Luis-Molodezky-1-210x300.jpg 210w, https:\/\/www.sportchaco.com.ar\/wp-content\/uploads\/2024\/04\/Luis-Molodezky-1.jpg 275w\" alt=\"\" width=\"210\" height=\"300\" \/><\/p>\n<p><strong>1958 <\/strong>\/ Nace en Campo Largo, Omar Palma, quien<br \/>\ntuvo una dilatada campa\u00f1a en Rosario Central, donde logr\u00f3 tres<br \/>\nt\u00edtulos. Tuvo un paso por River Plate. Jug\u00f3 hasta los 40 a\u00f1os.<\/p>\n<p><strong>1980 <\/strong>\/ Domingo D\u2019El\u00eda aparece cuarto en el ranking<br \/>\nde la AMB (mejor posici\u00f3n de su carrera), donde reina entre<br \/>\nlos pesados Mike Weaver.<\/p>\n<p><strong>1983 <\/strong>\/ Ante la renuncia del presidente de la Confederaci\u00f3n<br \/>\nArgentina de B\u00e1squetbol, comandante de Gendarmer\u00eda<br \/>\nGerardo Passenheim, del secretario y tesorero, el dirigente<br \/>\nchaque\u00f1o Hern\u00e1n Piccilli qued\u00f3 como presidente de la CABB.<\/p>\n<p><strong>1997<\/strong> \/ Javier Osvaldo Alvarez se consagra campe\u00f3n liviano en el Torneo Selectivo Nacional Fase 1 hasta 60 kg. Tambi\u00e9n representaron al Chaco Ram\u00f3n L\u00f3pez, Jorge Orellano, Ram\u00f3n Alarc\u00f3n, Jos\u00e9 Quintana, Ra\u00fal Bejarano, Juan Liva y Fabi\u00e1n Penayo.<\/p>\n<p><strong><em>Foto: Omar Palma en Rosario Central.<\/em><\/strong><\/p>\n","protected":false},"excerpt":{"rendered":"<p>Estas son las Efem\u00e9rides del Deporte en el Chaco de un 12 de abril del periodista Luis Dar\u00edo Molodezky. 1958 \/ Nace en Campo Largo, Omar Palma, quien tuvo una dilatada campa\u00f1a en Rosario Central, donde logr\u00f3 tres t\u00edtulos. Tuvo un paso por River Plate. Jug\u00f3 hasta los 40 a\u00f1os. 1980 \/ Domingo D\u2019El\u00eda aparece &hellip;<\/p>\n","protected":false},"author":3,"featured_media":8073,"comment_status":"open","ping_status":"open","sticky":false,"template":"","format":"standard","meta":{"footnotes":""},"categories":[34,45],"tags":[],"class_list":["post-8072","post","type-post","status-publish","format-standard","has-post-thumbnail","hentry","category-abril","category-efemerides-dia-por-dia"],"_links":{"self":[{"href":"https:\/\/www.sportchaco.com.ar\/index.php?rest_route=\/wp\/v2\/posts\/8072","targetHints":{"allow":["GET"]}}],"collection":[{"href":"https:\/\/www.sportchaco.com.ar\/index.php?rest_route=\/wp\/v2\/posts"}],"about":[{"href":"https:\/\/www.sportchaco.com.ar\/index.php?rest_route=\/wp\/v2\/types\/post"}],"author":[{"embeddable":true,"href":"https:\/\/www.sportchaco.com.ar\/index.php?rest_route=\/wp\/v2\/users\/3"}],"replies":[{"embeddable":true,"href":"https:\/\/www.sportchaco.com.ar\/index.php?rest_route=%2Fwp%2Fv2%2Fcomments&post=8072"}],"version-history":[{"count":1,"href":"https:\/\/www.sportchaco.com.ar\/index.php?rest_route=\/wp\/v2\/posts\/8072\/revisions"}],"predecessor-version":[{"id":8074,"href":"https:\/\/www.sportchaco.com.ar\/index.php?rest_route=\/wp\/v2\/posts\/8072\/revisions\/8074"}],"wp:featuredmedia":[{"embeddable":true,"href":"https:\/\/www.sportchaco.com.ar\/index.php?rest_route=\/wp\/v2\/media\/8073"}],"wp:attachment":[{"href":"https:\/\/www.sportchaco.com.ar\/index.php?rest_route=%2Fwp%2Fv2%2Fmedia&parent=8072"}],"wp:term":[{"taxonomy":"category","embeddable":true,"href":"https:\/\/www.sportchaco.com.ar\/index.php?rest_route=%2Fwp%2Fv2%2Fcategories&post=8072"},{"taxonomy":"post_tag","embeddable":true,"href":"https:\/\/www.sportchaco.com.ar\/index.php?rest_route=%2Fwp%2Fv2%2Ftags&post=8072"}],"curies":[{"name":"wp","href":"https:\/\/api.w.org\/{rel}","templated":true}]}}