{"id":8093,"date":"2024-04-12T23:23:43","date_gmt":"2024-04-13T02:23:43","guid":{"rendered":"https:\/\/www.sportchaco.com.ar\/?p=8093"},"modified":"2024-04-12T23:23:43","modified_gmt":"2024-04-13T02:23:43","slug":"sarmiento-oficializo-a-ortiz-como-nuevo-dt-del-federal-a","status":"publish","type":"post","link":"https:\/\/www.sportchaco.com.ar\/?p=8093","title":{"rendered":"Sarmiento oficializ\u00f3 a Ortiz como nuevo DT del Federal \u00abA\u00bb"},"content":{"rendered":"<p><strong>12-04-2024<\/strong><\/p>\n<p><img loading=\"lazy\" decoding=\"async\" class=\" wp-image-7958 aligncenter\" src=\"https:\/\/www.sportchaco.com.ar\/wp-content\/uploads\/2024\/04\/turismo-apaisado720x90-300x38.gif\" alt=\"\" width=\"347\" height=\"44\" \/><\/p>\n<p>Finalmente Sarmiento consigui\u00f3 un reemplazo para Ra\u00fal Valdez en la direcci\u00f3n t\u00e9cnica del equipo del Federal \u00abA\u00bb de f\u00fatbol.<\/p>\n<p>El club chaque\u00f1o cerr\u00f3 v\u00ednculos con Hern\u00e1n Dar\u00edo Ortiz, y el mismo ser\u00e1 el DT del equipo. El lunes conocer\u00e1 al plantel y dirigir\u00e1 la pr\u00e1ctica.<\/p>\n<p>Este viernes por la noche, en la sede \u00abdecana\u00bb los dirigentes del club y el t\u00e9cnico se reunieron y llevaron a cabo el papeleo correspondiente. Ser\u00e1 la primera incursi\u00f3n de Ortiz por el f\u00fatbol chaque\u00f1o.<\/p>\n<p><img loading=\"lazy\" decoding=\"async\" class=\"size-medium wp-image-8094 aligncenter\" src=\"https:\/\/www.sportchaco.com.ar\/wp-content\/uploads\/2024\/04\/ortiz-cas-240x300.jpg\" alt=\"\" width=\"240\" height=\"300\" srcset=\"https:\/\/www.sportchaco.com.ar\/wp-content\/uploads\/2024\/04\/ortiz-cas-240x300.jpg 240w, https:\/\/www.sportchaco.com.ar\/wp-content\/uploads\/2024\/04\/ortiz-cas-819x1024.jpg 819w, https:\/\/www.sportchaco.com.ar\/wp-content\/uploads\/2024\/04\/ortiz-cas-768x960.jpg 768w, https:\/\/www.sportchaco.com.ar\/wp-content\/uploads\/2024\/04\/ortiz-cas.jpg 1080w\" sizes=\"auto, (max-width: 240px) 100vw, 240px\" \/><\/p>\n<p>La carrera del DT arranc\u00f3 en las divisiones inferiores de Gimnasia de La Plata y en el a\u00f1o 2011 dirigi\u00f3 la Primera Divisi\u00f3n hasta el descenso del \u00ablobo\u00bb a la B.<\/p>\n<p>Luego tuvo pasos por Boca Unidos de Corrientes (2012), Estudiantes de San Luis (2014-2015), San Luis (2015), Atl\u00e9tico Paran\u00e1 (2016-2017), una segunda etapa en Gimnasia en 2019, Mitre de Santiago del Estero (2020-2021) y su \u00faltimo club fue Ciudad Bolivar (2022-2023).<\/p>\n<p><img loading=\"lazy\" decoding=\"async\" class=\"size-full wp-image-7980 aligncenter\" src=\"https:\/\/www.sportchaco.com.ar\/wp-content\/uploads\/2024\/04\/Nachec1-200x200-1.gif\" alt=\"\" width=\"200\" height=\"200\" \/><\/p>\n","protected":false},"excerpt":{"rendered":"<p>12-04-2024 Finalmente Sarmiento consigui\u00f3 un reemplazo para Ra\u00fal Valdez en la direcci\u00f3n t\u00e9cnica del equipo del Federal \u00abA\u00bb de f\u00fatbol. El club chaque\u00f1o cerr\u00f3 v\u00ednculos con Hern\u00e1n Dar\u00edo Ortiz, y el mismo ser\u00e1 el DT del equipo. El lunes conocer\u00e1 al plantel y dirigir\u00e1 la pr\u00e1ctica. Este viernes por la noche, en la sede \u00abdecana\u00bb &hellip;<\/p>\n","protected":false},"author":3,"featured_media":8095,"comment_status":"open","ping_status":"open","sticky":false,"template":"","format":"standard","meta":{"footnotes":""},"categories":[5],"tags":[],"class_list":["post-8093","post","type-post","status-publish","format-standard","has-post-thumbnail","hentry","category-futbol"],"_links":{"self":[{"href":"https:\/\/www.sportchaco.com.ar\/index.php?rest_route=\/wp\/v2\/posts\/8093","targetHints":{"allow":["GET"]}}],"collection":[{"href":"https:\/\/www.sportchaco.com.ar\/index.php?rest_route=\/wp\/v2\/posts"}],"about":[{"href":"https:\/\/www.sportchaco.com.ar\/index.php?rest_route=\/wp\/v2\/types\/post"}],"author":[{"embeddable":true,"href":"https:\/\/www.sportchaco.com.ar\/index.php?rest_route=\/wp\/v2\/users\/3"}],"replies":[{"embeddable":true,"href":"https:\/\/www.sportchaco.com.ar\/index.php?rest_route=%2Fwp%2Fv2%2Fcomments&post=8093"}],"version-history":[{"count":1,"href":"https:\/\/www.sportchaco.com.ar\/index.php?rest_route=\/wp\/v2\/posts\/8093\/revisions"}],"predecessor-version":[{"id":8096,"href":"https:\/\/www.sportchaco.com.ar\/index.php?rest_route=\/wp\/v2\/posts\/8093\/revisions\/8096"}],"wp:featuredmedia":[{"embeddable":true,"href":"https:\/\/www.sportchaco.com.ar\/index.php?rest_route=\/wp\/v2\/media\/8095"}],"wp:attachment":[{"href":"https:\/\/www.sportchaco.com.ar\/index.php?rest_route=%2Fwp%2Fv2%2Fmedia&parent=8093"}],"wp:term":[{"taxonomy":"category","embeddable":true,"href":"https:\/\/www.sportchaco.com.ar\/index.php?rest_route=%2Fwp%2Fv2%2Fcategories&post=8093"},{"taxonomy":"post_tag","embeddable":true,"href":"https:\/\/www.sportchaco.com.ar\/index.php?rest_route=%2Fwp%2Fv2%2Ftags&post=8093"}],"curies":[{"name":"wp","href":"https:\/\/api.w.org\/{rel}","templated":true}]}}