{"id":8145,"date":"2024-04-15T10:43:34","date_gmt":"2024-04-15T13:43:34","guid":{"rendered":"https:\/\/www.sportchaco.com.ar\/?p=8145"},"modified":"2024-04-15T10:43:34","modified_gmt":"2024-04-15T13:43:34","slug":"valentini-quedaria-colgado-hasta-el-final-de-su-contrato","status":"publish","type":"post","link":"https:\/\/www.sportchaco.com.ar\/?p=8145","title":{"rendered":"Valentini quedar\u00eda colgado hasta el final de su contrato"},"content":{"rendered":"<section class=\"container row\"><main class=\"col-8\" data-type=\"region\" data-name=\"content-left-1\" data-columns=\"8\"><\/p>\n<article id=\"conid\" data-conid=\"577940\">\n<section class=\"p20\">\n<h6>15-04-2024<\/h6>\n<p class=\"description\">El zaguero fue \u00abcolgado\u00bb por no acordar la renovaci\u00f3n de su contrato y, de no resolverse su situaci\u00f3n, se encamina para sumarse a una larga lista de futbolistas que se fueron \u00aba los tiros\u00bb con la dirigencia.<\/p>\n<div class=\"article-info\">\n<div class=\"article-info-left\">\n<div class=\"article-autor-info\">\n<div class=\"article-autor-name\"><\/div>\n<\/div>\n<\/div>\n<\/div>\n<figure class=\"rat16x9\"><img decoding=\"async\" title=\"Rossi Valentini Barco\" src=\"https:\/\/media.tycsports.com\/files\/2024\/04\/15\/703974\/rossi-valentini-barco_416x234.webp?v=3\" srcset=\"https:\/\/media.tycsports.com\/files\/2024\/04\/15\/703974\/rossi-valentini-barco_416x234.webp?v=3 480w ,https:\/\/media.tycsports.com\/files\/2024\/04\/15\/703974\/rossi-valentini-barco_862x485.webp?v=3 1080w \" alt=\"Rossi Valentini Barco\" \/><\/figure>\n<p class=\"capital\">Tras comunicarle a la dirigencia de\u00a0<b>Boca\u00a0<\/b>que no firmar\u00e1 la renovaci\u00f3n de su contrato, pese a que el Consejo de F\u00fatbol acept\u00f3 las condiciones que pidi\u00f3 en un principio,\u00a0<b>Nicol\u00e1s Valentini<\/b>\u00a0fue \u00abcolgado\u00bb hasta resolver su situaci\u00f3n,\u00a0<b>que de no encaminarse se perfila para terminar como la de Valent\u00edn Barco, Agust\u00edn Rossi, entre otros&#8230;<\/b><\/p>\n<div class=\"watchto-wrap\">\n<div class=\"watchto\"><\/div>\n<\/div>\n<p>Desde el 9 de diciembre de 2019, cuando asumi\u00f3 como vicepresidente segundo, hasta la actualidad como presidente de la instituci\u00f3n,\u00a0<b>la gesti\u00f3n de Juan Rom\u00e1n Riquelme sufri\u00f3 la salida de varios jugadores en conflicto con el club, por distintas razones, y Valentini podr\u00eda ser uno m\u00e1s de la extensa lista<\/b>. A continuaci\u00f3n,\u00a0<u>el repaso uno por uno:<\/u><\/p>\n<ul>\n<li><b>Agust\u00edn Rossi<\/b>: con el arquero m\u00e1s influyente de los \u00faltimos tiempos no se lleg\u00f3 a un acuerdo econ\u00f3mico. No se le renov\u00f3 a tiempo el contrato ante la venta de Esteban Andrada y a medida que se iba acercando la fecha de finalizaci\u00f3n, se hizo m\u00e1s dif\u00edcil negociar. Cuando ya estaba colgado, se acord\u00f3 un pr\u00e9stamo con el Al Nassr saud\u00ed y actualmente se desempe\u00f1a en Flamengo (con el que hab\u00eda firmado un preacuerdo).<\/li>\n<li><b>Carlos Izquierdoz<\/b>: el capit\u00e1n arranc\u00f3 cuestionado por el Patr\u00f3n Berm\u00fadez, que inmediatamente contrat\u00f3 al peruano Carlos Zambrano. Por nivel, nunca pudo prescindirse de \u00e9l. Su relevancia dentro del vestuario y como representante del plantel -por ejemplo en peleas de premios- le jug\u00f3 en contra. Hugo Ibarra ejecut\u00f3 la orden de limpieza de Riquelme. Esto cay\u00f3 muy mal en el grupo.<\/li>\n<li><b>Junior Alonso<\/b>: se escap\u00f3 con la excusa de razones familiares y se fue a jugar a Brasil por m\u00e1s dinero.<\/li>\n<li><b>Carlos Zambrano<\/b>: una de las incorporaciones que nunca rindieron, se pele\u00f3 con Hugo Ibarra y se fue libre<\/li>\n<li><b>Santiago Ramos Mingo<\/b>: se neg\u00f3 varias veces a renovar en las condiciones que le propon\u00edan y termin\u00f3 saliendo libre al Barcelona. Hoy est\u00e1 en Defensa y Justicia.<\/li>\n<li><b>Julio Buffarini<\/b>: uno de los primeros esc\u00e1ndalos de la conducci\u00f3n, que lo posterg\u00f3 en pleno campeonato porque no hab\u00eda acuerdo sobre el plazo de su nuevo v\u00ednculo. Se fue libre.<\/li>\n<\/ul>\n<ul>\n<li><b>Nahuel Molina<\/b>: una situaci\u00f3n heredada de la Comisi\u00f3n Directica anterior, que lo prest\u00f3 sin asegurarse su continuidad. Igualmente, hubo tiempo para negociar, no se lleg\u00f3 a buen puerto y el padre del chico acus\u00f3 de \u00abrottweillers\u00bb a los integrantes del Consejo. Ep\u00edlogo: Boca se perdi\u00f3 a un campe\u00f3n del mundo que brill\u00f3 en Italia y hoy juega en Espa\u00f1a.<\/li>\n<li><b>Valent\u00edn Barco<\/b>: el Consejo se junt\u00f3 con la gente que maneja al Colo y le propusieron que acerquen el n\u00famero que quer\u00edan ganar para poder firmar un contrato de tres o cuatro a\u00f1os. No obstante, desde el lado de Barco entendieron que quien deb\u00eda hacer la oferta econ\u00f3mica era Boca por ser el interesado a renovar y esto provoc\u00f3 que nunca haya llegado una respuesta del jugador. Si bien las partes hab\u00edan quedado en juntarse nuevamente, esa reuni\u00f3n nunca se dio y el jugador ejecut\u00f3 la cl\u00e1usula para irse a Brighton de Inglaterra.<\/li>\n<li><b>Marcelo Weigandt<\/b>: manifest\u00f3 su intenci\u00f3n de emigrar ante un ofrecimiento del Inter Miami, ya que no jugaba con Diego Mart\u00ednez, con la idea de evitar quedar libre y dejarle dinero y un porcentaje de su pase en el club. Sin embargo, el elenco de la MLS no estaba dispuesto a pagar lo que quer\u00eda el Xeneize, un resarcimiento de un mill\u00f3n de d\u00f3lares, y la negociaci\u00f3n se complic\u00f3 e incluso hubo dardos del padre del Chelo hacia el Consejo en redes. Finalmente renov\u00f3 hasta diciembre de 2027 y se fue cedido al equipo de Lionel Messi.<\/li>\n<\/ul>\n<p>&nbsp;<\/p>\n<figure class=\"w-100\"><img decoding=\"async\" title=\"Juan Rom\u00e1n Riquelme\" src=\"https:\/\/media.tycsports.com\/files\/2024\/04\/15\/703975\/juan-roman-riquelme_w416.webp\" srcset=\"https:\/\/media.tycsports.com\/files\/2024\/04\/15\/703975\/juan-roman-riquelme_w416.webp 480w, https:\/\/media.tycsports.com\/files\/2024\/04\/15\/703975\/juan-roman-riquelme_w862.webp 1080w\" alt=\"Juan Rom\u00e1n Riquelme\" data-src=\"https:\/\/media.tycsports.com\/files\/2024\/04\/15\/703975\/juan-roman-riquelme_w416.webp\" data-srcset=\"https:\/\/media.tycsports.com\/files\/2024\/04\/15\/703975\/juan-roman-riquelme_w416.webp 480w, https:\/\/media.tycsports.com\/files\/2024\/04\/15\/703975\/juan-roman-riquelme_w862.webp 1080w\" \/><figcaption>Juan Rom\u00e1n Riquelme\u00b4en la presentaci\u00f3n de Diego Mart\u00ednez como DT (Fotobaires).<\/figcaption><\/figure>\n<ul>\n<li><b>Agust\u00edn Almendra<\/b>: una historia llena de conflictos e idas y vueltas. Ten\u00eda una cl\u00e1usula de rescisi\u00f3n de 30 millones de d\u00f3lares, la Comisi\u00f3n anterior no acept\u00f3 venderlo ante una oferta de 20 palos, estuvo a punto de dejar el f\u00fatbol, pas\u00f3 mucho tiempo sin entrenar, esta conducci\u00f3n lo rescat\u00f3, el chico retom\u00f3 su nivel pero luego se pele\u00f3 con Sebasti\u00e1n Battaglia, lo limpiaron, lo bajaron a Reserva y ahora est\u00e1 en Racing, club al que lleg\u00f3 con el pase en su poder.<\/li>\n<li><b>Alexis Mac Allister<\/b>. el mediocampista lleg\u00f3 con la dirigencia de Angelici y con el arribo de Riquelme se desat\u00f3 un conflicto y el jugador prefiri\u00f3 irse al Viejo Continente.\u00a0<i>\u00abMe enter\u00e9 de que Boca hab\u00eda mandado un mail diciendo que yo no iba a Inglaterra. Pero que si el Brighton pon\u00eda un mill\u00f3n de d\u00f3lares, me liberaban. Sent\u00ed que no me valoraban, no me sent\u00eda importante o no me quer\u00edan, s\u00f3lo quer\u00edan un poco m\u00e1s de plata. Lo habl\u00e9 con Riquelme\u200b. Tuve algunas charlas con \u00e9l. mi principal posici\u00f3n fue quedarme. Pero despu\u00e9s, en ese lapso entre que digo que me quiero quedar e ir, pasaron cosas que no me gustaron para nada y por eso tom\u00e9 la decisi\u00f3n de irme\u00bb<\/i>, apunt\u00f3 el campe\u00f3n del mundo y as\u00ed le puso fin a su estad\u00eda en Boca.<\/li>\n<li><b>Pol Fern\u00e1ndez<\/b>: en 2020, Boca no quiso ejecutar la clausula de siete millones de euros para comprar su ficha y negoci\u00f3 con Cruz Azul de M\u00e9xico un nuevo pr\u00e9stamo, que inclu\u00eda una opci\u00f3n de compra obligatoria por cinco millones de d\u00f3lares. Justamente ah\u00ed se dio la g\u00e9nesis del conflicto, ya que, a partir del cambio en las condiciones de compra, habr\u00edan tenido diferencias en las pretensiones para el contrato. El volante<b>\u00a0<\/b>qued\u00f3 colgado y no volvi\u00f3 a ponerse la camiseta azul y amarilla. Finalmente, su v\u00ednculo con el club termin\u00f3 el 31 de diciembre y regres\u00f3 a M\u00e9xico<b>.\u00a0<\/b>Regres\u00f3 a principios de 2022.<\/li>\n<li><b>Eduardo Salvio<\/b>: le prometieron un contrato astron\u00f3mico que aparentemente no era tal. Lo tuvieron esperando los \u00faltimos seis meses, casi hasta el \u00faltimo d\u00eda, y no hubo esfuerzos por retenerlo. Hab\u00eda costado un dineral, alrededor de 7 millones de euros, y lo dejaron ir sin plantearse siquiera una renovaci\u00f3n para luego venderlo y recuperar algo de la inversi\u00f3n.<\/li>\n<li><b>Carlos Tevez<\/b>: la relaci\u00f3n arranc\u00f3 mal por su cercan\u00eda personal y pol\u00edtica con Daniel Angelici. Jorge Berm\u00fadez y Ra\u00fal Cascini lo maltrataron en p\u00fablico, la relaci\u00f3n se fue quebrando y el \u00faltimo \u00eddolo de la \u00e9poca dorada de Boca, clave en el primer t\u00edtulo de la gesti\u00f3n Riquelme, termin\u00f3 retir\u00e1ndose en un ambiente de cero contenci\u00f3n.<\/li>\n<li><b>Cristian Pav\u00f3n<\/b>: estaba el LA Galaxy a pr\u00e9stamo, no aceptaron un ofrecimiento del club de la MLS por 10 millones de d\u00f3lares, pas\u00f3 el tiempo, el delantero jug\u00f3 un pu\u00f1ado de partidos, nunca hubo acuerdo para la continuidad, su padre se quej\u00f3 de la actitud poco negociadora del Consejo, lo colgaron los \u00faltimos seis meses del v\u00ednculo y termin\u00f3 y\u00e9ndose el Atl\u00e9tico Mineiro de Brasil sin dejar un peso. Hab\u00eda llegado a tener una cl\u00e1usula de salida de 50 palos antes del Mundial 2018, que jug\u00f3 en Rusia. Fundamental en los t\u00edtulos de Guillermo Barros Schelotto.<\/li>\n<li><b>Sebasti\u00e1n Villa<\/b>: el club decidi\u00f3 que no jugar\u00e1 m\u00e1s con la camiseta azul y oro luego de la condena por violencia de g\u00e9nero. V\u00eda judicial, el colombiano exigi\u00f3 que lo reincorporen a los entrenamientos, sino se iba a considerar libre. Boca mantuvo su postura respecto a que nunca le impidieron al jugador entrenarse y que la decisi\u00f3n de retirar sus cosas del predio e irse a Colombia fue suya. El delantero se declar\u00f3 en libertad de acci\u00f3n de forma unilateral y firm\u00f3 contrato con Beroe Stara Zagora de Bulgaria. El cuadro de la Ribera comenz\u00f3 un proceso judicial, la FIFA se declar\u00f3 incompetente y sentenci\u00f3 que no sancionar\u00e1 de ninguna forma, deportiva o econ\u00f3mica a Villa.<\/li>\n<\/ul>\n<p>&nbsp;<\/p>\n<div class=\"watchto-wrap\">\n<div class=\"watchto\"><\/div>\n<\/div>\n<p>&nbsp;<\/p>\n<h2>Qu\u00e9 hay detr\u00e1s de la decisi\u00f3n en Boca de colgar a Valentini<\/h2>\n<p>Pese a que el\u00a0<i>Xeneize\u00a0<\/i>acept\u00f3 las condiciones que pidi\u00f3\u00a0<b>Valentini\u00a0<\/b>y le ofert\u00f3 extender el v\u00ednculo hasta diciembre de 2028 con un contrato igual en los n\u00fameros al de\u00a0<b>Cristian Medina<\/b>, el jugador le comunic\u00f3 al club que no firmar\u00e1 en esos t\u00e9rminos, motivo por el que desde el\u00a0<b>Consejo de F\u00fatbol<\/b>\u00a0le avisaron al entrenador Diego Mart\u00ednez que decidieron que no sea citado para la \u00abfinal\u00bb ante el\u00a0<i>Tomba<\/i>.<\/p>\n<p>Lo cierto es que esta dr\u00e1stica decisi\u00f3n se mantendr\u00eda de cara a los pr\u00f3ximos compromisos si es que no llegan a un acuerdo, algo a lo que buscar\u00e1n -seg\u00fan la representaci\u00f3n del defensor- en una pr\u00f3xima reuni\u00f3n.\u00a0Mientras tanto, Boca asegura que el central de 23 a\u00f1os seguir\u00e1 entrenando con el plantel hasta diciembre y se le cumplir\u00e1 con todo su contrato hasta fin de a\u00f1o.<\/p>\n<p>&nbsp;<\/p>\n<figure class=\"w-100\"><\/figure>\n<p><img loading=\"lazy\" decoding=\"async\" class=\"alignnone size-full wp-image-7959\" src=\"https:\/\/www.sportchaco.com.ar\/wp-content\/uploads\/2024\/04\/turismo200x2001-1.gif\" alt=\"\" width=\"200\" height=\"200\" \/><\/p>\n<h2>Qu\u00e9 dicen las partes en la renovaci\u00f3n frustrada de Valentini con Boca<\/h2>\n<ul>\n<li>En\u00a0<b>Boca\u00a0<\/b>creen que aceptaron todo lo que\u00a0<b>Nicol\u00e1s Valentini<\/b>\u00a0pidi\u00f3 desde un principio y<b>\u00a0no quieren moverse de la oferta que pusieron sobre la mesa<\/b>, e incluso sospechan que puede especular con irse libre a fin de a\u00f1o.<\/li>\n<li>Por su parte,\u00a0<b>desde el lado del jugador tienen el deseo de ser transferidos a mitad de a\u00f1o a Europa\u00a0<\/b>-no irse libre y s\u00ed dejarle dinero al club-, aprovechando su buen presente futbol\u00edstico,\u00a0<b>pero dejan abierta la posibilidad para resolver la negociaci\u00f3n con el Xeneize<\/b>. Est\u00e1n de acuerdo en el contrato, pero quieren cobrar un retroactivo. Fuente OLE<\/li>\n<\/ul>\n<p>&nbsp;<\/p>\n<div class=\"watchto-wrap\"><\/div>\n<div class=\"subs-box\"><\/div>\n<section class=\" mt-3\" data-bql=\"page_nota-comun-new-blo_2805\">\n<div class=\"row\">\n<div class=\"col-4 card \" data-thumbvideo=\"https:\/\/thumbs.vodgc.net\/11-13605-696192-2AyhRo1711631760211_240P.mp4\">\n<p class=\"tema\">\n<\/div>\n<div class=\"col-4 card \" data-thumbvideo=\"https:\/\/thumbs.vodgc.net\/11-13605-703724-WiNEb01713115306553_240P.mp4\"><\/div>\n<\/div>\n<\/section>\n<\/section>\n<\/article>\n<p><\/main><\/section>\n","protected":false},"excerpt":{"rendered":"<p>15-04-2024 El zaguero fue \u00abcolgado\u00bb por no acordar la renovaci\u00f3n de su contrato y, de no resolverse su situaci\u00f3n, se encamina para sumarse a una larga lista de futbolistas que se fueron \u00aba los tiros\u00bb con la dirigencia. Tras comunicarle a la dirigencia de\u00a0Boca\u00a0que no firmar\u00e1 la renovaci\u00f3n de su contrato, pese a que el &hellip;<\/p>\n","protected":false},"author":2,"featured_media":8147,"comment_status":"open","ping_status":"open","sticky":false,"template":"","format":"standard","meta":{"footnotes":""},"categories":[47],"tags":[],"class_list":["post-8145","post","type-post","status-publish","format-standard","has-post-thumbnail","hentry","category-nacionales"],"_links":{"self":[{"href":"https:\/\/www.sportchaco.com.ar\/index.php?rest_route=\/wp\/v2\/posts\/8145","targetHints":{"allow":["GET"]}}],"collection":[{"href":"https:\/\/www.sportchaco.com.ar\/index.php?rest_route=\/wp\/v2\/posts"}],"about":[{"href":"https:\/\/www.sportchaco.com.ar\/index.php?rest_route=\/wp\/v2\/types\/post"}],"author":[{"embeddable":true,"href":"https:\/\/www.sportchaco.com.ar\/index.php?rest_route=\/wp\/v2\/users\/2"}],"replies":[{"embeddable":true,"href":"https:\/\/www.sportchaco.com.ar\/index.php?rest_route=%2Fwp%2Fv2%2Fcomments&post=8145"}],"version-history":[{"count":1,"href":"https:\/\/www.sportchaco.com.ar\/index.php?rest_route=\/wp\/v2\/posts\/8145\/revisions"}],"predecessor-version":[{"id":8148,"href":"https:\/\/www.sportchaco.com.ar\/index.php?rest_route=\/wp\/v2\/posts\/8145\/revisions\/8148"}],"wp:featuredmedia":[{"embeddable":true,"href":"https:\/\/www.sportchaco.com.ar\/index.php?rest_route=\/wp\/v2\/media\/8147"}],"wp:attachment":[{"href":"https:\/\/www.sportchaco.com.ar\/index.php?rest_route=%2Fwp%2Fv2%2Fmedia&parent=8145"}],"wp:term":[{"taxonomy":"category","embeddable":true,"href":"https:\/\/www.sportchaco.com.ar\/index.php?rest_route=%2Fwp%2Fv2%2Fcategories&post=8145"},{"taxonomy":"post_tag","embeddable":true,"href":"https:\/\/www.sportchaco.com.ar\/index.php?rest_route=%2Fwp%2Fv2%2Ftags&post=8145"}],"curies":[{"name":"wp","href":"https:\/\/api.w.org\/{rel}","templated":true}]}}