{"id":8158,"date":"2024-04-15T14:09:30","date_gmt":"2024-04-15T17:09:30","guid":{"rendered":"https:\/\/www.sportchaco.com.ar\/?p=8158"},"modified":"2024-04-15T14:09:30","modified_gmt":"2024-04-15T17:09:30","slug":"liga-chaquena-santiago-godoy-es-el-nuevo-entrenador-de-san-fernando","status":"publish","type":"post","link":"https:\/\/www.sportchaco.com.ar\/?p=8158","title":{"rendered":"Liga Chaque\u00f1a: Santiago Godoy es el nuevo entrenador de San Fernando"},"content":{"rendered":"<p><strong>15-04-2024<\/strong><\/p>\n<p><img loading=\"lazy\" decoding=\"async\" class=\" wp-image-7879 aligncenter\" src=\"https:\/\/www.sportchaco.com.ar\/wp-content\/uploads\/2024\/04\/Nachec-728x90-1-300x37.gif\" alt=\"\" width=\"324\" height=\"40\" \/><\/p>\n<p>Comenz\u00f3 el movimientos de entrenadores en la Liga Chaque\u00f1a de F\u00fatbol con apenas el 50% de los partidos disputados de la primera fecha.<\/p>\n<p>San Fernando contrat\u00f3 los servicios de Santiago Godoy para que se haga cargo del equipo \u00absanto\u00bb en la Primera Divisi\u00f3n.<\/p>\n<p>Godoy llega tras su paso por For Ever, que lo tuvo como DT durante dos temporadas. La semana pasada hab\u00eda dejado la instituci\u00f3n \u00abalbinegra\u00bb tras haber dirigido al equipo en la 1\u00aa fecha con un triunfo ante Villa Alvear.<\/p>\n<p>El flamante t\u00e9cnico reemplazar\u00e1 a Rub\u00e9n C\u00e1ceres, que tambi\u00e9n dirigi\u00f3 a \u00abSanfer\u00bb en la primera jornada y consigui\u00f3 un empate en condici\u00f3n de visitante ante Municipal de Margarita Bel\u00e9n.<\/p>\n<p><img loading=\"lazy\" decoding=\"async\" class=\"size-full wp-image-7891 aligncenter\" src=\"https:\/\/www.sportchaco.com.ar\/wp-content\/uploads\/2024\/04\/turismo-200x2001-1.gif\" alt=\"\" width=\"200\" height=\"200\" \/><\/p>\n","protected":false},"excerpt":{"rendered":"<p>15-04-2024 Comenz\u00f3 el movimientos de entrenadores en la Liga Chaque\u00f1a de F\u00fatbol con apenas el 50% de los partidos disputados de la primera fecha. San Fernando contrat\u00f3 los servicios de Santiago Godoy para que se haga cargo del equipo \u00absanto\u00bb en la Primera Divisi\u00f3n. Godoy llega tras su paso por For Ever, que lo tuvo &hellip;<\/p>\n","protected":false},"author":3,"featured_media":8159,"comment_status":"open","ping_status":"open","sticky":false,"template":"","format":"standard","meta":{"footnotes":""},"categories":[5],"tags":[],"class_list":["post-8158","post","type-post","status-publish","format-standard","has-post-thumbnail","hentry","category-futbol"],"_links":{"self":[{"href":"https:\/\/www.sportchaco.com.ar\/index.php?rest_route=\/wp\/v2\/posts\/8158","targetHints":{"allow":["GET"]}}],"collection":[{"href":"https:\/\/www.sportchaco.com.ar\/index.php?rest_route=\/wp\/v2\/posts"}],"about":[{"href":"https:\/\/www.sportchaco.com.ar\/index.php?rest_route=\/wp\/v2\/types\/post"}],"author":[{"embeddable":true,"href":"https:\/\/www.sportchaco.com.ar\/index.php?rest_route=\/wp\/v2\/users\/3"}],"replies":[{"embeddable":true,"href":"https:\/\/www.sportchaco.com.ar\/index.php?rest_route=%2Fwp%2Fv2%2Fcomments&post=8158"}],"version-history":[{"count":2,"href":"https:\/\/www.sportchaco.com.ar\/index.php?rest_route=\/wp\/v2\/posts\/8158\/revisions"}],"predecessor-version":[{"id":8287,"href":"https:\/\/www.sportchaco.com.ar\/index.php?rest_route=\/wp\/v2\/posts\/8158\/revisions\/8287"}],"wp:featuredmedia":[{"embeddable":true,"href":"https:\/\/www.sportchaco.com.ar\/index.php?rest_route=\/wp\/v2\/media\/8159"}],"wp:attachment":[{"href":"https:\/\/www.sportchaco.com.ar\/index.php?rest_route=%2Fwp%2Fv2%2Fmedia&parent=8158"}],"wp:term":[{"taxonomy":"category","embeddable":true,"href":"https:\/\/www.sportchaco.com.ar\/index.php?rest_route=%2Fwp%2Fv2%2Fcategories&post=8158"},{"taxonomy":"post_tag","embeddable":true,"href":"https:\/\/www.sportchaco.com.ar\/index.php?rest_route=%2Fwp%2Fv2%2Ftags&post=8158"}],"curies":[{"name":"wp","href":"https:\/\/api.w.org\/{rel}","templated":true}]}}