{"id":8164,"date":"2024-04-15T18:53:41","date_gmt":"2024-04-15T21:53:41","guid":{"rendered":"https:\/\/www.sportchaco.com.ar\/?p=8164"},"modified":"2024-04-15T18:54:38","modified_gmt":"2024-04-15T21:54:38","slug":"pablo-rios-asumio-como-director-tecnico-de-chaco-for-ever","status":"publish","type":"post","link":"https:\/\/www.sportchaco.com.ar\/?p=8164","title":{"rendered":"Pablo R\u00edos asumi\u00f3 como director t\u00e9cnico de Chaco For Ever"},"content":{"rendered":"<p><strong>15-04-2024<\/strong><\/p>\n<p><img loading=\"lazy\" decoding=\"async\" class=\"size-medium wp-image-7878 aligncenter\" src=\"https:\/\/www.sportchaco.com.ar\/wp-content\/uploads\/2024\/04\/Copia-de-Nachec1-320x50-1-300x47.gif\" alt=\"\" width=\"300\" height=\"47\" \/><\/p>\n<p>Comenz\u00f3 un nuevo ciclo en la primera divisi\u00f3n liguista de Chaco For Ever. D\u00edas atr\u00e1s, el club hab\u00eda anunciado la llegada de Pablo R\u00edos como nuevo director t\u00e9cnico de la Primera Divisi\u00f3n local y, este lunes, el DT fue presentado ante el plantel.<\/p>\n<p>En su llegada a la instituci\u00f3n, R\u00edos coment\u00f3 que ser\u00e1 \u201cun desaf\u00edo interesante, en un club ordenado y que se est\u00e1 estructurando bastante bien en divisiones inferiores\u201d en esa misma, detall\u00f3 que gran parte de su trabajo estar\u00e1 abocado a darle las herramientas necesarias a las filas juveniles en la transici\u00f3n de llegar al plantel profesional de la Primera Nacional.<\/p>\n<p>En ese contexto y sobre las exigencias que tendr\u00e1 su equipo, asegur\u00f3 que \u201cel club demanda pelear y ser competitivos\u201d y sostuvo: \u201cestamos en un club grande, todos los chicos lo saben y saben que esto demanda ser protagonistas\u201d.<\/p>\n<p>Respecto a su desembarco en For Ever, el nuevo estratega confes\u00f3 que lo convenci\u00f3 el proyecto presentado para llevar adelante su trabajo, adem\u00e1s de la buena relaci\u00f3n que mantiene con Santiago Ojeda, coordinador de f\u00fatbol.<\/p>\n<p>Por \u00faltimo, R\u00edos se dirigi\u00f3 a los socios e hinchas del conjunto albinegro y destac\u00f3 que cuando se trata de los jugadores de la cantera \u201cles encanta ver a un chico que sea trabajador, constante y que d\u00e9 sus pasos en Primera Nacional\u201d.<\/p>\n<p><img loading=\"lazy\" decoding=\"async\" class=\"size-full wp-image-7881 aligncenter\" src=\"https:\/\/www.sportchaco.com.ar\/wp-content\/uploads\/2024\/04\/Copia-de-Nachec1-300x250-1.gif\" alt=\"\" width=\"300\" height=\"250\" \/><\/p>\n","protected":false},"excerpt":{"rendered":"<p>15-04-2024 Comenz\u00f3 un nuevo ciclo en la primera divisi\u00f3n liguista de Chaco For Ever. D\u00edas atr\u00e1s, el club hab\u00eda anunciado la llegada de Pablo R\u00edos como nuevo director t\u00e9cnico de la Primera Divisi\u00f3n local y, este lunes, el DT fue presentado ante el plantel. En su llegada a la instituci\u00f3n, R\u00edos coment\u00f3 que ser\u00e1 \u201cun &hellip;<\/p>\n","protected":false},"author":3,"featured_media":8165,"comment_status":"open","ping_status":"open","sticky":false,"template":"","format":"standard","meta":{"footnotes":""},"categories":[5],"tags":[],"class_list":["post-8164","post","type-post","status-publish","format-standard","has-post-thumbnail","hentry","category-futbol"],"_links":{"self":[{"href":"https:\/\/www.sportchaco.com.ar\/index.php?rest_route=\/wp\/v2\/posts\/8164","targetHints":{"allow":["GET"]}}],"collection":[{"href":"https:\/\/www.sportchaco.com.ar\/index.php?rest_route=\/wp\/v2\/posts"}],"about":[{"href":"https:\/\/www.sportchaco.com.ar\/index.php?rest_route=\/wp\/v2\/types\/post"}],"author":[{"embeddable":true,"href":"https:\/\/www.sportchaco.com.ar\/index.php?rest_route=\/wp\/v2\/users\/3"}],"replies":[{"embeddable":true,"href":"https:\/\/www.sportchaco.com.ar\/index.php?rest_route=%2Fwp%2Fv2%2Fcomments&post=8164"}],"version-history":[{"count":1,"href":"https:\/\/www.sportchaco.com.ar\/index.php?rest_route=\/wp\/v2\/posts\/8164\/revisions"}],"predecessor-version":[{"id":8166,"href":"https:\/\/www.sportchaco.com.ar\/index.php?rest_route=\/wp\/v2\/posts\/8164\/revisions\/8166"}],"wp:featuredmedia":[{"embeddable":true,"href":"https:\/\/www.sportchaco.com.ar\/index.php?rest_route=\/wp\/v2\/media\/8165"}],"wp:attachment":[{"href":"https:\/\/www.sportchaco.com.ar\/index.php?rest_route=%2Fwp%2Fv2%2Fmedia&parent=8164"}],"wp:term":[{"taxonomy":"category","embeddable":true,"href":"https:\/\/www.sportchaco.com.ar\/index.php?rest_route=%2Fwp%2Fv2%2Fcategories&post=8164"},{"taxonomy":"post_tag","embeddable":true,"href":"https:\/\/www.sportchaco.com.ar\/index.php?rest_route=%2Fwp%2Fv2%2Ftags&post=8164"}],"curies":[{"name":"wp","href":"https:\/\/api.w.org\/{rel}","templated":true}]}}