{"id":8168,"date":"2024-04-16T08:46:12","date_gmt":"2024-04-16T11:46:12","guid":{"rendered":"https:\/\/www.sportchaco.com.ar\/?p=8168"},"modified":"2024-04-16T11:52:54","modified_gmt":"2024-04-16T14:52:54","slug":"efemerides-del-16-de-abril","status":"publish","type":"post","link":"https:\/\/www.sportchaco.com.ar\/?p=8168","title":{"rendered":"Efem\u00e9rides del 16 de abril"},"content":{"rendered":"<p><strong>Estas son las Efem\u00e9rides del Deporte en el Chaco de un 16 de abril del periodista Luis Dar\u00edo Molodezky.<\/strong><\/p>\n<p><img loading=\"lazy\" decoding=\"async\" class=\"alignnone size-medium wp-image-8038\" src=\"https:\/\/www.sportchaco.com.ar\/wp-content\/uploads\/2024\/04\/Luis-Molodezky-1-210x300.jpg\" sizes=\"auto, (max-width: 210px) 100vw, 210px\" srcset=\"https:\/\/www.sportchaco.com.ar\/wp-content\/uploads\/2024\/04\/Luis-Molodezky-1-210x300.jpg 210w, https:\/\/www.sportchaco.com.ar\/wp-content\/uploads\/2024\/04\/Luis-Molodezky-1.jpg 275w\" alt=\"\" width=\"210\" height=\"300\" \/><\/p>\n<p><strong>1983 \/<\/strong> Asume la presidencia de la Federaci\u00f3n<br \/>\nChaque\u00f1a de Pesca Osvaldo P\u00e9rez, en reemplazo de Conrado C\u00e9sar<br \/>\nGiuliano. Lo acompa\u00f1a como vice Francisco Gulino, secretario<br \/>\nRemigio Borque, tesorero Alcides Fern\u00e1ndez y prosecretario<br \/>\nAlfredo G\u00f3mez Garay.<\/p>\n<p><strong>1985 \/<\/strong> Fallece en S\u00e1enz Pe\u00f1a a los 58 a\u00f1os, el preparador<br \/>\nde autos de competici\u00f3n Juan Marinich, que se especializaba<br \/>\nen los autos de la Clase D. Un bohemio del automovilismo, se<br \/>\nempecinaba en sacarle algo m\u00e1s de rendimiento a los motores. Entre<br \/>\notros entreg\u00f3 motores a Gregorio, Natalio y Pablito Marinich,<br \/>\nOscar Villalba, Toti Raff\u00edn y Mateo Antunovich entre otros.<\/p>\n<p><strong>2001 \/<\/strong> El chaque\u00f1o Jos\u00e9 C\u00f3ceres, de 37 a\u00f1os, consigue<br \/>\nen el quinto hoyo de desempate del torneo de Hilton Head el<br \/>\nprimer t\u00edtulo de su carrera del circuito de la PGA estadounidense,<br \/>\nal imponerse a Billy Mayfair tras un desenlace interrumpido ayer<br \/>\npor falta de luz. Nacido en La Verde el 14 de agosto de 1964, coloca<br \/>\na un argentino por primera vez como campe\u00f3n de un torneo de la<br \/>\nPGA en los Estados Unidos, despu\u00e9s de 33 a\u00f1os de sequ\u00eda. El golfista<br \/>\nargentino se llev\u00f3 630.000 d\u00f3lares por su triunfo y la invitaci\u00f3n<br \/>\npara jugar en este circuito los dos pr\u00f3ximos a\u00f1os.<\/p>\n<p><strong>2006 \/<\/strong> Fallece Victorio Vecchi, uno de los grandes<br \/>\ndirigentes que tuvo Regional. Fue presidente durante 20 a\u00f1os en la<br \/>\n\u00e9poca de esplendor, con su estadio modelo ubicado en Las Heras al<br \/>\n700 (hoy UNNE).<\/p>\n<p><strong>2006 \/<\/strong> La atleta chaque\u00f1a Sandra Gay obtiene el<br \/>\nsubcampeonato argentino de su categor\u00eda (veteranos 35 a 39 a\u00f1os),<br \/>\nen el XXII Campeonato Argentino M\u00e1ster de Cross Country 2006<br \/>\n\u201cT\u00fanel Subfluvial Uranga Silvestre Begnis\u201d, realizado en Paran\u00e1,<br \/>\nEntre R\u00edos.<\/p>\n<p><strong>2019 \/<\/strong> For Ever cancel\u00f3 la deuda ante la AFIP, cerrando una historia dolorosa para la instituci\u00f3n. A trav\u00e9s de un plan de pago de 120 cuotas, el \u00abnegro\u00bb que estuvo al borde de la quiebra, pudo poner al d\u00eda y estabilizar su situaci\u00f3n econ\u00f3mica. Tras la gesti\u00f3n de la comisi\u00f3n directiva encabezada por el presidente H\u00e9ctor G\u00f3mez fueron abonadas todas las cuotas hasta la cancelaci\u00f3n.<\/p>\n<p><em><strong>Foto: Jos\u00e9 C\u00f3ceres<\/strong><\/em><\/p>\n","protected":false},"excerpt":{"rendered":"<p>Estas son las Efem\u00e9rides del Deporte en el Chaco de un 16 de abril del periodista Luis Dar\u00edo Molodezky. 1983 \/ Asume la presidencia de la Federaci\u00f3n Chaque\u00f1a de Pesca Osvaldo P\u00e9rez, en reemplazo de Conrado C\u00e9sar Giuliano. Lo acompa\u00f1a como vice Francisco Gulino, secretario Remigio Borque, tesorero Alcides Fern\u00e1ndez y prosecretario Alfredo G\u00f3mez Garay. &hellip;<\/p>\n","protected":false},"author":3,"featured_media":8184,"comment_status":"open","ping_status":"open","sticky":false,"template":"","format":"standard","meta":{"footnotes":""},"categories":[34,45],"tags":[],"class_list":["post-8168","post","type-post","status-publish","format-standard","has-post-thumbnail","hentry","category-abril","category-efemerides-dia-por-dia"],"_links":{"self":[{"href":"https:\/\/www.sportchaco.com.ar\/index.php?rest_route=\/wp\/v2\/posts\/8168","targetHints":{"allow":["GET"]}}],"collection":[{"href":"https:\/\/www.sportchaco.com.ar\/index.php?rest_route=\/wp\/v2\/posts"}],"about":[{"href":"https:\/\/www.sportchaco.com.ar\/index.php?rest_route=\/wp\/v2\/types\/post"}],"author":[{"embeddable":true,"href":"https:\/\/www.sportchaco.com.ar\/index.php?rest_route=\/wp\/v2\/users\/3"}],"replies":[{"embeddable":true,"href":"https:\/\/www.sportchaco.com.ar\/index.php?rest_route=%2Fwp%2Fv2%2Fcomments&post=8168"}],"version-history":[{"count":3,"href":"https:\/\/www.sportchaco.com.ar\/index.php?rest_route=\/wp\/v2\/posts\/8168\/revisions"}],"predecessor-version":[{"id":8186,"href":"https:\/\/www.sportchaco.com.ar\/index.php?rest_route=\/wp\/v2\/posts\/8168\/revisions\/8186"}],"wp:featuredmedia":[{"embeddable":true,"href":"https:\/\/www.sportchaco.com.ar\/index.php?rest_route=\/wp\/v2\/media\/8184"}],"wp:attachment":[{"href":"https:\/\/www.sportchaco.com.ar\/index.php?rest_route=%2Fwp%2Fv2%2Fmedia&parent=8168"}],"wp:term":[{"taxonomy":"category","embeddable":true,"href":"https:\/\/www.sportchaco.com.ar\/index.php?rest_route=%2Fwp%2Fv2%2Fcategories&post=8168"},{"taxonomy":"post_tag","embeddable":true,"href":"https:\/\/www.sportchaco.com.ar\/index.php?rest_route=%2Fwp%2Fv2%2Ftags&post=8168"}],"curies":[{"name":"wp","href":"https:\/\/api.w.org\/{rel}","templated":true}]}}