{"id":8187,"date":"2024-04-16T12:03:04","date_gmt":"2024-04-16T15:03:04","guid":{"rendered":"https:\/\/www.sportchaco.com.ar\/?p=8187"},"modified":"2024-04-16T12:03:04","modified_gmt":"2024-04-16T15:03:04","slug":"la-sad-y-la-postura-de-los-clubes","status":"publish","type":"post","link":"https:\/\/www.sportchaco.com.ar\/?p=8187","title":{"rendered":"La SAD  y la postura de los clubes"},"content":{"rendered":"<h6 style=\"margin-top: 36px;\">16\/04\/2024<\/h6>\n<p class=\"description\" style=\"font-size: 16px; font-weight: 400;\">El presidente de Estudiantes, Juan Sebasti\u00e1n Ver\u00f3n, volvi\u00f3 a profundizar la discusi\u00f3n sobre este modelo, que impulsa Javier Milei, y recibi\u00f3 cr\u00edticas de parte de Pablo Toviggino, el tesorero de la Asociaci\u00f3n del F\u00fatbol Argentino (AFA).<\/p>\n<h6>Fuente TyC Sports<\/h6>\n<div class=\"article-info\">\n<div class=\"article-info-left\">\n<div class=\"article-autor-info\">\n<div class=\"article-autor-name\"><\/div>\n<\/div>\n<\/div>\n<\/div>\n<figure class=\"rat16x9\"><img decoding=\"async\" title=\"Debate Sociedades An\u00f3nimas Deportivas\" src=\"https:\/\/media.tycsports.com\/files\/2024\/04\/15\/704119\/debate-sociedades-anonimas-deportivas_416x234.webp\" srcset=\"https:\/\/media.tycsports.com\/files\/2024\/04\/15\/704119\/debate-sociedades-anonimas-deportivas_416x234.webp 480w ,https:\/\/media.tycsports.com\/files\/2024\/04\/15\/704119\/debate-sociedades-anonimas-deportivas_862x485.webp 1080w \" alt=\"Debate Sociedades An\u00f3nimas Deportivas\" \/><figcaption>En 2023 la AFA convoc\u00f3 a un plebiscito en el que 45 clubes rechazaron las SAD. El \u00fanico ausente fue Talleres de C\u00f3rdoba.<\/figcaption><\/figure>\n<p class=\"capital\">Antes de que\u00a0<b>Javier Milei<\/b>\u00a0ganara el balotaje y asumiera como presidente del pa\u00eds se profundiz\u00f3 un debate que gener\u00f3 una gran grieta en el f\u00fatbol argentino y tiene que ver con\u00a0<b>la postura de los clubes con respecto a permitir la llegada de las\u00a0<a href=\"https:\/\/www.tycsports.com\/liga-profesional-de-futbol\/que-son-las-sociedades-anonimas-deportivas-id547189.html\" target=\"_blank\" rel=\"noopener\">Sociedades An\u00f3nimas Deportivas<\/a><\/b>, medida que\u00a0<b><a href=\"https:\/\/www.tycsports.com\/interes-general\/como-es-el-modelo-de-sociedades-anonimas-deportivas-que-siguen-los-clubes-ingleses-y-que-le-gusta-a-javier-milei-id548830.html\" target=\"_blank\" rel=\"noopener\">fue impulsada por el propio mandatario<\/a><\/b>.<\/p>\n<div class=\"watchto-wrap\">\n<div class=\"watchto\"><a class=\"imgwrap\" title=\"Scioli cruz\u00f3 a Toviggino y le brind\u00f3 su apoyo a Ver\u00f3n y Fassi en medio del debate de las SAD\" href=\"https:\/\/www.tycsports.com\/liga-profesional-de-futbol\/scioli-cruzo-a-toviggino-y-le-brindo-su-apoyo-a-veron-y-fassi-en-medio-del-debate-de-las-sad-id578017.html\"><picture><source srcset=\"https:\/\/media.tycsports.com\/files\/2024\/04\/15\/704098\/scioli_267x150.webp\" media=\"(min-width: 721px)\" \/><source srcset=\"https:\/\/media.tycsports.com\/files\/2024\/04\/15\/704098\/scioli_267x356.webp\" media=\"(max-width: 721px)\" \/><\/picture><\/a><\/p>\n<div class=\"watchto-btn-view\"><a href=\"https:\/\/www.tycsports.com\/liga-profesional-de-futbol\/scioli-cruzo-a-toviggino-y-le-brindo-su-apoyo-a-veron-y-fassi-en-medio-del-debate-de-las-sad-id578017.html\">Ver ahora<\/a><\/div>\n<\/div>\n<\/div>\n<p>Si bien el estatuto de la Asociaci\u00f3n del F\u00fatbol Argentino (AFA) lo impide, Milei hab\u00eda lanzado un decreto al inicio de su Gobierno que permit\u00eda la transformaci\u00f3n de asociaciones civiles en SAD, pero tiempo despu\u00e9s\u00a0<b>la C\u00e1mara Federal de San Mart\u00edn confirm\u00f3 la medida cautelar que suspende los art\u00edculos 335 y 345\u00a0<\/b>del Decreto de Necesidad y Urgencia (DNU) 70\/23.<\/p>\n<p>La postura del presidente Claudio Tapia es opuesta a la del l\u00edder de La Libertad Avanza. De hecho, varios clubes\u00a0<b><a href=\"https:\/\/www.tycsports.com\/liga-profesional-de-futbol\/boca-racing-y-mas-los-clubes-que-se-pronunciaron-en-contra-de-las-sad-a-poco-de-las-elecciones-id547091.html\" target=\"_blank\" rel=\"noopener\">expresaron su repudio a las SAD antes del balotaje entre Milei y Sergio Mass<\/a><\/b>a, pero hay otros que no se niegan a un cambio rotundo para el f\u00fatbol nacional y proponen seguir<b><a href=\"https:\/\/www.tycsports.com\/interes-general\/como-es-el-modelo-de-sociedades-anonimas-deportivas-que-siguen-los-clubes-ingleses-y-que-le-gusta-a-javier-milei-id548830.html\" target=\"_blank\" rel=\"noopener\">\u00a0un modelo similar al del f\u00fatbol ingl\u00e9s<\/a><\/b>\u00a0o de otros pa\u00edses del continente, como Chile, donde los modelos son mixtos. Tras esa manifestaci\u00f3n de cada instituci\u00f3n, la AFA convoc\u00f3 a un plebiscito y 45 clubes rechazaron las SAD. El \u00fanico ausente fue Talleres.<\/p>\n<div class=\"watchto-wrap\">\n<div class=\"watchto\"><a class=\"imgwrap\" title=\"La respuesta de Ver\u00f3n, presidente de Estudiantes, a Toviggino por la pol\u00e9mica de las SAD: &quot;Los clubes van camino a la quiebra&quot;\" href=\"https:\/\/www.tycsports.com\/liga-profesional-de-futbol\/la-respuesta-de-veron-presidente-de-estudiantes-a-toviggino-por-la-polemica-de-las-sad-los-clubes-van-camino-a-la-quiebra-id577842.html\"><picture><source srcset=\"https:\/\/media.tycsports.com\/files\/2024\/04\/14\/703678\/veron-toviggino_267x150.webp?v=1\" media=\"(min-width: 721px)\" \/><source srcset=\"https:\/\/media.tycsports.com\/files\/2024\/04\/14\/703678\/veron-toviggino_267x356.webp?v=1\" media=\"(max-width: 721px)\" \/><img decoding=\"async\" src=\"https:\/\/media.tycsports.com\/files\/2024\/04\/14\/703678\/veron-toviggino_267x150.webp?v=1\" alt=\"Foto: La respuesta de Ver\u00f3n, presidente de Estudiantes, a Toviggino por la pol\u00e9mica de las SAD: &quot;Los clubes van camino a la quiebra&quot;\" data-src=\"https:\/\/media.tycsports.com\/files\/2024\/04\/14\/703678\/veron-toviggino_267x150.webp?v=1\" \/><\/picture><\/a><\/p>\n<div class=\"watchto-text\">\n<h2><\/h2>\n<\/div>\n<div class=\"watchto-btn-view\"><\/div>\n<\/div>\n<\/div>\n<p><span style=\"color: #000000;\">La discusi\u00f3n volvi\u00f3 a estar en el centro de la escena despu\u00e9s de que\u00a0<a style=\"color: #000000;\" href=\"https:\/\/www.tycsports.com\/liga-profesional-de-futbol\/el-6-de-abril-estudiantes-volvera-a-tener-a-veron-como-presidente-id568778.html\" target=\"_blank\" rel=\"noopener\">Sebasti\u00e1n Ver\u00f3n<\/a><a style=\"color: #000000;\" href=\"https:\/\/www.tycsports.com\/liga-profesional-de-futbol\/el-6-de-abril-estudiantes-volvera-a-tener-a-veron-como-presidente-id568778.html\" target=\"_blank\" rel=\"noopener\">, quien hace muy poco volvi\u00f3 a asumir como presidente de Estudiantes<\/a>, manifestara:\u00a0<i>\u00abPuede ser un sistema h\u00edbrido o mixto, donde convivan las dos cosas. Nadie quiere un club como el que tenemos nosotros. Nadie va a venir a comprar a Estudiantes, pero s\u00ed ser socio del f\u00fatbol, eso si\u00bb.<\/i><\/span><\/p>\n<p><span style=\"color: #000000;\">Esas declaraciones\u00a0<a style=\"color: #000000;\" href=\"https:\/\/www.tycsports.com\/afa\/toviggino-liquido-a-veron-y-los-proyectos-hibridos-de-sad-son-mulos-de-una-idea-ajena-id577768.html\" target=\"_blank\" rel=\"noopener\">provocaron la respuesta de Toviggino<\/a>, quien es uno de los hombres m\u00e1s cercanos al Chiqui Tapia:\u00a0<i>\u00abJaja Vos y Otro que vive m\u00e1s en M\u00e9xico que en Argentina<\/i>\u00a0(N. de la R.: se refiere a Andr\u00e9s Fassi),<i>\u00a0son los Mulos de una idea ajena a ustedes!!! No olviden que necesitan de los VOTOS DE LA ASAMBLEA DE AFA!! Ya no hay DNU que nos obligue. Cuando se conozca el proyecto que prepara AFA, quedar\u00e1n ambos, con el culo al aire!!!\u00bb.<\/i><\/span><\/p>\n<p><span style=\"color: #000000;\">Incluso, hasta\u00a0Daniel Scioli, quien hab\u00eda sido candidato a presidente en las elecciones de 2015 por el Frente para la Victoria y ahora es Secretario de Turismo, Ambiente y Deportes de Milei,\u00a0<u>le respondi\u00f3<\/u>:\u00a0<i>\u00abLamentables las declaraciones del tesorero de AFA contra Juan Sebasti\u00e1n Ver\u00f3n y Andr\u00e9s Fassi, presidente de Talleres de C\u00f3rdoba que est\u00e1 llevando adelante una gran transformaci\u00f3n.\u00a0Ver\u00f3n es un gran dirigente con una trayectoria y prestigio intachable en el f\u00fatbol argentino, con quien comparto la visi\u00f3n del ingreso de capitales privados, como una alternativa para mejorar la calidad del club y la vida del socio.\u00a0El decreto de las SAD del Presidente Milei tiene fuerza de ley y est\u00e1 vigente\u00bb<\/i>.<\/span><\/p>\n<div class=\"watchto-wrap\">\n<div class=\"watchto\"><\/div>\n<\/div>\n<p><strong>Los cinco clubes denominados popularmente como gran<span style=\"color: #000000;\">des,\u00a0<a style=\"color: #000000;\" href=\"https:\/\/www.tycsports.com\/liga-profesional-de-futbol\/que-son-las-sociedades-anonimas-deportivas-id547189.html\" target=\"_blank\" rel=\"noopener\">Boca, River, Racing, Independiente y San Lorenzo<\/a>, a trav\u00e9s de sus cuentas oficiales de X (ex Twitter), se han manifestado en contra de las SAD. Pese a eso,\u00a0<a style=\"color: #000000;\" href=\"https:\/\/www.tycsports.com\/independiente\/grindetti-le-respondio-a-bullrich-lo-que-quiero-es-que-independiente-compre-al-chelsea-id556027.html\" target=\"_blank\" rel=\"noopener\">N\u00e9stor Grindetti, el presidente del Rojo, asegur\u00f3 recientemente<\/a>:\u00a0<\/span><i>\u00abCreo que el f\u00fatbol argentino se debe un debate serio, sin prejuicios. Hay caminos intermedios a las Sociedades An\u00f3nimas Deportivas. Lo que s\u00ed no me queda duda es que si no damos ese debate nos quedamos fuera del mundo\u00bb.<\/i><\/strong><\/p>\n<p><strong>Argentinos Juniors\u00a0es otra de las instituciones que tom\u00f3 postura en el debate mediante las declaraciones de su presidente\u00a0Cristian Malaspina, quien remarc\u00f3 en redes:<i>\u00a0\u00abNo a las SAD en nuestros clubes. Solo recuerden la presencia que tuvieron nuestros clubes ayudando a nuestra sociedad en la pandemia\u00bb.\u00a0<\/i>Lo mismo hizo su par,\u00a0Eduardo Spinosa, primer mandatario del Taladro:\u00a0<i>\u00abBanfield\u00a0es de sus socios y hace 128 a\u00f1os que solo le da alegr\u00edas a su gente y divisas al pa\u00eds cuando vende sus talentos a exterior\u00bb<\/i>.<\/strong><\/p>\n<p><strong>Barracas Central, club que presidi\u00f3 Tapia,\u00a0Atl\u00e9tico Tucum\u00e1n, Belgrano, Instituto, Gimnasia y Esgrima La Plata, Central C\u00f3rdoba, Godoy Cruz, Hurac\u00e1n, Independiente Rivadavia, Sarmiento, Lan\u00fas, Newell&#8217;s, Rosario Central, Platense, Uni\u00f3n y V\u00e9lez\u00a0tomaron la postura de rechazar p\u00fablicamente el modelo de SAD en noviembre de 2023.\u00a0Tigre, instituci\u00f3n de la que es hincha\u00a0<a href=\"https:\/\/www.tycsports.com\/al-angulo\/massa-y-el-futbol-su-ida-y-vuelta-con-maradona-los-mates-con-riquelme-y-por-que-el-amor-le-cambio-los-colores-id548093.html\" target=\"_blank\" rel=\"noopener\">Sergio Massa<\/a>, quien a diferenciad e Milei era el candidato a presidente que se opon\u00eda a este cambio, tambi\u00e9n defendi\u00f3 las Asociaciones Civiles sin fines de lucro.<\/strong><\/p>\n<div class=\"watchto-wrap\">\n<div class=\"watchto\"><a class=\"imgwrap\" title=\"\u00bfQu\u00e9 son las Sociedades An\u00f3nimas Deportivas (SAD)?\" href=\"https:\/\/www.tycsports.com\/liga-profesional-de-futbol\/que-son-las-sociedades-anonimas-deportivas-id547189.html\"><picture><source srcset=\"https:\/\/media.tycsports.com\/files\/2023\/11\/11\/644897\/sad_267x150.webp\" media=\"(min-width: 721px)\" \/><source srcset=\"https:\/\/media.tycsports.com\/files\/2023\/11\/11\/644897\/sad_267x356.webp\" media=\"(max-width: 721px)\" \/><\/picture><\/a><img loading=\"lazy\" decoding=\"async\" class=\"alignnone size-full wp-image-7891\" src=\"https:\/\/www.sportchaco.com.ar\/wp-content\/uploads\/2024\/04\/turismo-200x2001-1.gif\" alt=\"\" width=\"200\" height=\"200\" \/><\/p>\n<div class=\"watchto-text\">\n<h2><\/h2>\n<\/div>\n<div class=\"watchto-btn-view\"><\/div>\n<\/div>\n<\/div>\n<p><span style=\"color: #000000;\"><b>Deportivo Riestra<\/b>, que este a\u00f1o ascendi\u00f3 a la m\u00e1xima categor\u00eda, tambi\u00e9n hab\u00eda rechazado las SAD en noviembre de 2023, aunque hay que resaltar que\u00a0<b><a style=\"color: #000000;\" href=\"https:\/\/www.tycsports.com\/primera-nacional\/ascendio-riestra-por-que-dice-irak-en-la-espalda-de-la-camiseta-id551177.html\" target=\"_blank\" rel=\"noopener\">el gerenciador del club es V\u00edctor Stinfale, quien tambi\u00e9n es due\u00f1o de la bebida energizante\u00a0<i>Speed<\/i>, el principal sponsor del club.<\/a><\/b><\/span><\/p>\n<p><span style=\"color: #000000;\">Un funcionamiento similar tiene<b>\u00a0Talleres de C\u00f3rdoba<\/b>, cuyo presidente es Andr\u00e9s Fassi, quien integr\u00f3 el Grupo Pachuca, due\u00f1o del club mexicano. Hace unos d\u00edas, en el programa Futbol\u00e9mico, el dirigente que tiene una mirada opuesta a Tapia, se\u00f1al\u00f3:\u00a0<i>\u00abArgentina es el \u00fanico pa\u00eds del mundo donde no se aceptan las SAD. Yo creo que en un f\u00fatbol como el argentino, atravesando el momento en el que estamos, siendo campeones del mundo, y con un gran momento dirigencial,\u00a0<b>aceptar que ingresen recursos extranjeros a potenciar nuestros clubes es una decisi\u00f3n a favor de la AFA, no es una decisi\u00f3n en contra<\/b>\u00ab.<\/i><\/span><\/p>\n<p><span style=\"color: #000000;\">Por otro lado aparece\u00a0<b>Estudiantes de La Plata<\/b>, que tambi\u00e9n<\/span> se hab\u00eda mostrado en contra de las SAD, pero Ver\u00f3n, quien ahora volvi\u00f3 a presidirlo, opin\u00f3:<i><b>\u00a0\u00abHay que cambiar la forma de gestionar los clubes para lograr ese v\u00ednculo entre lo p\u00fablico y lo privado y que todos ganemos. Los clubes ya no pueden crecer por sus propios medios\u00bb.<\/b><\/i><\/p>\n<p>Finalmente, la lista de 28 equipos de Primera la completa Defensa y Justicia, que rechaz\u00f3 \u00abtotalmente a las SAD\u00bb, No obstante, es cierto que<b>\u00a0en los \u00faltimos a\u00f1os el empresario y representante Christian Bragarnik<\/b><b>, quien es due\u00f1o del Elche de Espa\u00f1a, ha tenido injerencia en cada mercado de pases,<\/b>\u00a0lo que motiv\u00f3 las cr\u00edticas de parte de otros dirigentes por su influencia en la instituci\u00f3n. \u00c9l se defendi\u00f3:\u00a0<i>\u201cTenemos elecciones como tienen todos los clubes, la gente puede votar, somos una asociaci\u00f3n civil y mostramos que trabajando se puede crecer<\/i>\u00ab.<\/p>\n<p>Por estatuto, la AFA impide la afiliaci\u00f3n de Sociedades An\u00f3nimas Deportivas y con Tapia en la conducci\u00f3n este modelo pareciera una utop\u00eda en la Argentina, donde los clubes hist\u00f3ricamente han cumplido un rol social muy particular si se lo compara con otros pa\u00edses.<b>\u00a0Pero la discusi\u00f3n contin\u00faa sobre la mesa y el Gobierno de Milei ha demostrado en varias ocasiones que este tema le importa y mucho.<\/b>\u00a0\u00bfHabr\u00e1 lugar para alg\u00fan cambio en el futuro inmediato?<\/p>\n","protected":false},"excerpt":{"rendered":"<p>16\/04\/2024 El presidente de Estudiantes, Juan Sebasti\u00e1n Ver\u00f3n, volvi\u00f3 a profundizar la discusi\u00f3n sobre este modelo, que impulsa Javier Milei, y recibi\u00f3 cr\u00edticas de parte de Pablo Toviggino, el tesorero de la Asociaci\u00f3n del F\u00fatbol Argentino (AFA). Fuente TyC Sports En 2023 la AFA convoc\u00f3 a un plebiscito en el que 45 clubes rechazaron las &hellip;<\/p>\n","protected":false},"author":2,"featured_media":8188,"comment_status":"open","ping_status":"open","sticky":false,"template":"","format":"standard","meta":{"footnotes":""},"categories":[47],"tags":[],"class_list":["post-8187","post","type-post","status-publish","format-standard","has-post-thumbnail","hentry","category-nacionales"],"_links":{"self":[{"href":"https:\/\/www.sportchaco.com.ar\/index.php?rest_route=\/wp\/v2\/posts\/8187","targetHints":{"allow":["GET"]}}],"collection":[{"href":"https:\/\/www.sportchaco.com.ar\/index.php?rest_route=\/wp\/v2\/posts"}],"about":[{"href":"https:\/\/www.sportchaco.com.ar\/index.php?rest_route=\/wp\/v2\/types\/post"}],"author":[{"embeddable":true,"href":"https:\/\/www.sportchaco.com.ar\/index.php?rest_route=\/wp\/v2\/users\/2"}],"replies":[{"embeddable":true,"href":"https:\/\/www.sportchaco.com.ar\/index.php?rest_route=%2Fwp%2Fv2%2Fcomments&post=8187"}],"version-history":[{"count":1,"href":"https:\/\/www.sportchaco.com.ar\/index.php?rest_route=\/wp\/v2\/posts\/8187\/revisions"}],"predecessor-version":[{"id":8189,"href":"https:\/\/www.sportchaco.com.ar\/index.php?rest_route=\/wp\/v2\/posts\/8187\/revisions\/8189"}],"wp:featuredmedia":[{"embeddable":true,"href":"https:\/\/www.sportchaco.com.ar\/index.php?rest_route=\/wp\/v2\/media\/8188"}],"wp:attachment":[{"href":"https:\/\/www.sportchaco.com.ar\/index.php?rest_route=%2Fwp%2Fv2%2Fmedia&parent=8187"}],"wp:term":[{"taxonomy":"category","embeddable":true,"href":"https:\/\/www.sportchaco.com.ar\/index.php?rest_route=%2Fwp%2Fv2%2Fcategories&post=8187"},{"taxonomy":"post_tag","embeddable":true,"href":"https:\/\/www.sportchaco.com.ar\/index.php?rest_route=%2Fwp%2Fv2%2Ftags&post=8187"}],"curies":[{"name":"wp","href":"https:\/\/api.w.org\/{rel}","templated":true}]}}