{"id":8312,"date":"2024-04-18T23:03:33","date_gmt":"2024-04-19T02:03:33","guid":{"rendered":"https:\/\/www.sportchaco.com.ar\/?p=8312"},"modified":"2024-04-18T23:04:07","modified_gmt":"2024-04-19T02:04:07","slug":"milagros-aguirre-en-concentracion-nacional","status":"publish","type":"post","link":"https:\/\/www.sportchaco.com.ar\/?p=8312","title":{"rendered":"Milagros Aguirre en concentraci\u00f3n nacional"},"content":{"rendered":"<p>Atleta chaque\u00f1a disminuida visual se destac\u00f3 en Neuqu\u00e9n<br \/>\nLa atleta chaque\u00f1a disminuida visual Milagros Aguirre, viaj\u00f3<br \/>\nrecientemente con la selecci\u00f3n nacional de la FADEC a una<br \/>\nconcentraci\u00f3n en el CENARD, para atletas paral\u00edmpicos. La misma fue<br \/>\nacompa\u00f1ada por su entrenador y gu\u00eda Roly Merlo.<\/p>\n<p>Asimismo, la deportista oriunda de Puerto Vilelas tom\u00f3 parte tambi\u00e9n del 2do Open<br \/>\nCopar de Paraatletismo realizado en Neuqu\u00e9n donde homolog\u00f3 su<br \/>\nmarca internacional lo que la habilita a tomar parte de torneos<br \/>\nnacionales e internacionales.<\/p>\n<p>Es de destacar que la mencionada<br \/>\ncorredora est\u00e1 desarrollando su carrera deportiva con el<br \/>\nacompa\u00f1amiento del Instituto del Deporte Chaque\u00f1o y su objetivo es<br \/>\nseguir mejorando marcas y superarse d\u00eda a d\u00eda.<\/p>\n<p>&nbsp;<\/p>\n<h5><strong>Fotos de Milagros Aguirre con su entrenador.<\/strong><\/h5>\n<p><img loading=\"lazy\" decoding=\"async\" class=\"alignnone size-full wp-image-8305\" src=\"https:\/\/www.sportchaco.com.ar\/wp-content\/uploads\/2024\/04\/Nachec1-200x200-1-1.gif\" alt=\"\" width=\"200\" height=\"200\" \/><\/p>\n","protected":false},"excerpt":{"rendered":"<p>Atleta chaque\u00f1a disminuida visual se destac\u00f3 en Neuqu\u00e9n La atleta chaque\u00f1a disminuida visual Milagros Aguirre, viaj\u00f3 recientemente con la selecci\u00f3n nacional de la FADEC a una concentraci\u00f3n en el CENARD, para atletas paral\u00edmpicos. La misma fue acompa\u00f1ada por su entrenador y gu\u00eda Roly Merlo. Asimismo, la deportista oriunda de Puerto Vilelas tom\u00f3 parte tambi\u00e9n del &hellip;<\/p>\n","protected":false},"author":2,"featured_media":8313,"comment_status":"open","ping_status":"open","sticky":false,"template":"","format":"standard","meta":{"footnotes":""},"categories":[63],"tags":[],"class_list":["post-8312","post","type-post","status-publish","format-standard","has-post-thumbnail","hentry","category-atletismo"],"_links":{"self":[{"href":"https:\/\/www.sportchaco.com.ar\/index.php?rest_route=\/wp\/v2\/posts\/8312","targetHints":{"allow":["GET"]}}],"collection":[{"href":"https:\/\/www.sportchaco.com.ar\/index.php?rest_route=\/wp\/v2\/posts"}],"about":[{"href":"https:\/\/www.sportchaco.com.ar\/index.php?rest_route=\/wp\/v2\/types\/post"}],"author":[{"embeddable":true,"href":"https:\/\/www.sportchaco.com.ar\/index.php?rest_route=\/wp\/v2\/users\/2"}],"replies":[{"embeddable":true,"href":"https:\/\/www.sportchaco.com.ar\/index.php?rest_route=%2Fwp%2Fv2%2Fcomments&post=8312"}],"version-history":[{"count":1,"href":"https:\/\/www.sportchaco.com.ar\/index.php?rest_route=\/wp\/v2\/posts\/8312\/revisions"}],"predecessor-version":[{"id":8314,"href":"https:\/\/www.sportchaco.com.ar\/index.php?rest_route=\/wp\/v2\/posts\/8312\/revisions\/8314"}],"wp:featuredmedia":[{"embeddable":true,"href":"https:\/\/www.sportchaco.com.ar\/index.php?rest_route=\/wp\/v2\/media\/8313"}],"wp:attachment":[{"href":"https:\/\/www.sportchaco.com.ar\/index.php?rest_route=%2Fwp%2Fv2%2Fmedia&parent=8312"}],"wp:term":[{"taxonomy":"category","embeddable":true,"href":"https:\/\/www.sportchaco.com.ar\/index.php?rest_route=%2Fwp%2Fv2%2Fcategories&post=8312"},{"taxonomy":"post_tag","embeddable":true,"href":"https:\/\/www.sportchaco.com.ar\/index.php?rest_route=%2Fwp%2Fv2%2Ftags&post=8312"}],"curies":[{"name":"wp","href":"https:\/\/api.w.org\/{rel}","templated":true}]}}