{"id":8341,"date":"2024-04-19T23:09:38","date_gmt":"2024-04-20T02:09:38","guid":{"rendered":"https:\/\/www.sportchaco.com.ar\/?p=8341"},"modified":"2024-04-19T23:11:27","modified_gmt":"2024-04-20T02:11:27","slug":"los-murcielagos-con-la-presencia-de-angel-deldo-se-concentran-en-resistencia","status":"publish","type":"post","link":"https:\/\/www.sportchaco.com.ar\/?p=8341","title":{"rendered":"\u00abLos Murci\u00e9lagos\u00bb, con la presencia de \u00c1ngel Deldo, se concentran en Resistencia"},"content":{"rendered":"<p><strong>19-04-2024<\/strong><\/p>\n<p><img loading=\"lazy\" decoding=\"async\" class=\" wp-image-6533 aligncenter\" src=\"https:\/\/www.sportchaco.com.ar\/wp-content\/uploads\/2024\/03\/aviso-clausula-gatilllo-acostado-300x50.jpg\" alt=\"\" width=\"360\" height=\"60\" srcset=\"https:\/\/www.sportchaco.com.ar\/wp-content\/uploads\/2024\/03\/aviso-clausula-gatilllo-acostado-300x50.jpg 300w, https:\/\/www.sportchaco.com.ar\/wp-content\/uploads\/2024\/03\/aviso-clausula-gatilllo-acostado-1024x171.jpg 1024w, https:\/\/www.sportchaco.com.ar\/wp-content\/uploads\/2024\/03\/aviso-clausula-gatilllo-acostado-768x128.jpg 768w, https:\/\/www.sportchaco.com.ar\/wp-content\/uploads\/2024\/03\/aviso-clausula-gatilllo-acostado.jpg 1200w\" sizes=\"auto, (max-width: 360px) 100vw, 360px\" \/><\/p>\n<div class=\"xdj266r x11i5rnm xat24cr x1mh8g0r x1vvkbs x126k92a\"><\/div>\n<div class=\"x11i5rnm xat24cr x1mh8g0r x1vvkbs xtlvy1s x126k92a\">\n<div dir=\"auto\">\n<p>El seleccionado de f\u00fatbol para ciegos, \u00abLos Murci\u00e9lagos\u00bb se concentrar\u00e1n en Resistencia del 24 al 27 de abril.<\/p>\n<p>El equipo argentino continuar\u00e1 con su preparaci\u00f3n para participar de los Juegos Paral\u00edmpicos 2024 que se realizar\u00e1n del 28 de agosto al 8 de septiembre en Par\u00eds, Francia.<\/p>\n<p>En la capital chaque\u00f1a llevar\u00e1n adelante sus entrenamientos en el Polideportivo \u00abJaime Zapata\u00bb, sede del Instituto del Deporte Chaque\u00f1o, en los siguientes d\u00edas y horarios:<br \/>\nMi\u00e9rcoles 24 de 17:00 a 20:00<br \/>\nJueves 25 de 9:00 a 12:00 y de 17:00 a 20:00<br \/>\nViernes 26 de 9:00 a 12:00 y de 17:00 a 20:00<br \/>\nS\u00e1bado 27 de 9:00 a 12:00 y de 15:00 a 18:00<\/p>\n<p>Es de destacar que integrar\u00e1 el plantel el chaque\u00f1o Angel Deld\u00f3, a la vez, capit\u00e1n del seleccionado nacional.<\/p>\n<p><strong>Capacitaci\u00f3n en f\u00fatbol para ciegos<\/strong><br \/>\nEn concordancia con la mencionada concentraci\u00f3n, el jueves 25 de abril se realizar\u00e1 una jornada de capacitaci\u00f3n en F\u00fatbol para Ciegos en el polideportivo \u00abJaime Zapata\u00bb, que se iniciar\u00e1 a las 17:30 horas y estar\u00e1 dictada por el profesor Enrique Bertoni, entrenador de \u00abLos Murci\u00e9lagos\u00bb. La misma ser\u00e1 destinada a profesores, entrenadores, estudiantes y p\u00fablico en general.<\/p>\n<p><strong>Temario<\/strong><br \/>\nEn la oportunidad se desarrollar\u00e1 el siguiente temario: Introducci\u00f3n del f\u00fatbol para ciegos, su origen y evoluci\u00f3n en Argentina y el mundo, infraestructura, elementos adaptados, caracter\u00edsticas de un deportista ciego, orientaci\u00f3n y movilidad y contacto con los elementos driles.<\/p>\n<\/div>\n<div dir=\"auto\"><\/div>\n<\/div>\n<p><img loading=\"lazy\" decoding=\"async\" class=\"size-full wp-image-8305 aligncenter\" src=\"https:\/\/www.sportchaco.com.ar\/wp-content\/uploads\/2024\/04\/Nachec1-200x200-1-1.gif\" alt=\"\" width=\"200\" height=\"200\" \/><\/p>\n","protected":false},"excerpt":{"rendered":"<p>19-04-2024 El seleccionado de f\u00fatbol para ciegos, \u00abLos Murci\u00e9lagos\u00bb se concentrar\u00e1n en Resistencia del 24 al 27 de abril. El equipo argentino continuar\u00e1 con su preparaci\u00f3n para participar de los Juegos Paral\u00edmpicos 2024 que se realizar\u00e1n del 28 de agosto al 8 de septiembre en Par\u00eds, Francia. En la capital chaque\u00f1a llevar\u00e1n adelante sus entrenamientos &hellip;<\/p>\n","protected":false},"author":3,"featured_media":8347,"comment_status":"open","ping_status":"open","sticky":false,"template":"","format":"standard","meta":{"footnotes":""},"categories":[5],"tags":[],"class_list":["post-8341","post","type-post","status-publish","format-standard","has-post-thumbnail","hentry","category-futbol"],"_links":{"self":[{"href":"https:\/\/www.sportchaco.com.ar\/index.php?rest_route=\/wp\/v2\/posts\/8341","targetHints":{"allow":["GET"]}}],"collection":[{"href":"https:\/\/www.sportchaco.com.ar\/index.php?rest_route=\/wp\/v2\/posts"}],"about":[{"href":"https:\/\/www.sportchaco.com.ar\/index.php?rest_route=\/wp\/v2\/types\/post"}],"author":[{"embeddable":true,"href":"https:\/\/www.sportchaco.com.ar\/index.php?rest_route=\/wp\/v2\/users\/3"}],"replies":[{"embeddable":true,"href":"https:\/\/www.sportchaco.com.ar\/index.php?rest_route=%2Fwp%2Fv2%2Fcomments&post=8341"}],"version-history":[{"count":3,"href":"https:\/\/www.sportchaco.com.ar\/index.php?rest_route=\/wp\/v2\/posts\/8341\/revisions"}],"predecessor-version":[{"id":8353,"href":"https:\/\/www.sportchaco.com.ar\/index.php?rest_route=\/wp\/v2\/posts\/8341\/revisions\/8353"}],"wp:featuredmedia":[{"embeddable":true,"href":"https:\/\/www.sportchaco.com.ar\/index.php?rest_route=\/wp\/v2\/media\/8347"}],"wp:attachment":[{"href":"https:\/\/www.sportchaco.com.ar\/index.php?rest_route=%2Fwp%2Fv2%2Fmedia&parent=8341"}],"wp:term":[{"taxonomy":"category","embeddable":true,"href":"https:\/\/www.sportchaco.com.ar\/index.php?rest_route=%2Fwp%2Fv2%2Fcategories&post=8341"},{"taxonomy":"post_tag","embeddable":true,"href":"https:\/\/www.sportchaco.com.ar\/index.php?rest_route=%2Fwp%2Fv2%2Ftags&post=8341"}],"curies":[{"name":"wp","href":"https:\/\/api.w.org\/{rel}","templated":true}]}}