{"id":8358,"date":"2024-04-19T23:20:30","date_gmt":"2024-04-20T02:20:30","guid":{"rendered":"https:\/\/www.sportchaco.com.ar\/?p=8358"},"modified":"2024-04-19T23:20:30","modified_gmt":"2024-04-20T02:20:30","slug":"sorpresa-valentini-entre-los-convocados-de-boca","status":"publish","type":"post","link":"https:\/\/www.sportchaco.com.ar\/?p=8358","title":{"rendered":"Sorpresa: Valentini entre los convocados de Boca"},"content":{"rendered":"<h1><\/h1>\n<p class=\"description\">El Xeneize present\u00f3 la lista de citados para el duelo del domingo ante River, por los cuartos de la Copa de la Liga, y el Vikingo aparece en la n\u00f3mina pese a que no jugar\u00e1 hasta que no renueve.<\/p>\n<div class=\"article-info\">\n<div class=\"article-info-left\">\n<div class=\"article-autor-info\">\n<div class=\"article-autor-name\"><\/div>\n<\/div>\n<\/div>\n<\/div>\n<figure class=\"rat16x9\"><img decoding=\"async\" title=\"Valentini\" src=\"https:\/\/media.tycsports.com\/files\/2024\/04\/19\/706241\/valentini_416x234.webp?v=3\" srcset=\"https:\/\/media.tycsports.com\/files\/2024\/04\/19\/706241\/valentini_416x234.webp?v=3 480w ,https:\/\/media.tycsports.com\/files\/2024\/04\/19\/706241\/valentini_862x485.webp?v=3 1080w \" alt=\"Valentini\" \/><figcaption>El Vikingo reapareci\u00f3 en la lista de convocados para el Supercl\u00e1sico pese a que la dirigencia decidi\u00f3 que no ser\u00e1 utilizado si no renueva su contrato.<\/figcaption><\/figure>\n<p class=\"capital\"><span style=\"color: #000000;\">Boca dio a conocer la lista de citados\u00a0para el\u00a0Supercl\u00e1sico\u00a0del domingo, desde las 15.30 en el estadio Mario Alberto Kempes, por los cuartos de final de la\u00a0Copa de la Liga, y el defensor\u00a0Nicol\u00e1s Valentini es la gran novedad en una inusual convocatoria\u00a0que incluy\u00f3 a todos los futbolistas del plantel profesional, incluso los lesionados. Sin embargo, lo del Vikingo destaca por encima del resto porque\u00a0<a style=\"color: #000000;\" href=\"https:\/\/www.tycsports.com\/boca-juniors\/nicolas-valentini-le-comunico-a-boca-que-no-renovara-su-contrato-id577863.html\" target=\"_blank\" rel=\"noopener\">est\u00e1 en conflicto con el club que tom\u00f3 la decisi\u00f3n de no utilizarlo<\/a>\u00a0hasta tanto no renueve su v\u00ednculo que se vence en diciembre.<\/span><\/p>\n<div class=\"watchto-wrap\">\n<div class=\"watchto\">\n<div class=\"watchto-text\"><\/div>\n<div class=\"watchto-btn-view\"><\/div>\n<\/div>\n<\/div>\n<p><span style=\"color: #000000;\">En la \u00faltima reuni\u00f3n entre las partes,\u00a0el zaguero de 22 a\u00f1os comunic\u00f3 que no iba a renovar en las condiciones que se hab\u00edan planteado, pese a que Boca le hab\u00eda informado que aceptar\u00eda sus pretensiones y pasar\u00eda a ser el mejor pago de los m\u00e1s chicos junto a Cristian Medina. Ante esa decisi\u00f3n,\u00a0el Consejo de F\u00fatbol decidi\u00f3 que no siga siendo considerado hasta que se resuelva su futuro\u00a0y\u00a0<a style=\"color: #000000;\" href=\"https:\/\/www.tycsports.com\/boca-juniors\/nicolas-valentini-presente-palco-la-bombonera-para-ver-boca-tras-ser-colgado-id578257.html\" target=\"_blank\" rel=\"noopener\">por eso qued\u00f3 fuera de la n\u00f3mina frente a Godoy Cruz<\/a>.<\/span><\/p>\n<p><span style=\"color: #000000;\">Si bien para este partido importante volvi\u00f3 a aparecer, no ser\u00eda ni siquiera parte del banco de los suplentes\u00a0y su presencia tiene que ver con una decisi\u00f3n de que est\u00e9 el grupo junto en C\u00f3rdoba ante un partido de estas caracter\u00edsticas. Es que si bien no jugar\u00e1, se sigue entrenando con el plantel y debe cumplir con su contrato.<\/span><\/p>\n<p><span style=\"color: #000000;\">Adem\u00e1s de \u00e9l,\u00a0en la n\u00f3mina fue incluido Lucas Blondel, quien se recupera de la rotura de ligamentos cruzados de la rodilla derecha,\u00a0Mauricio Ben\u00edtez, que est\u00e1 desgarrado,\u00a0Exequiel Zeballos, otro que est\u00e1 trabajando en su vuelta por una lesi\u00f3n ligamentaria,\u00a0Cristian Medina, quien fue expulsado,\u00a0y otros que vienen quedando fuera del banco, como Norberto Briasco, Milton Delgado y Ezequiel Zeballos.<\/span><\/p>\n<figure class=\"w-100\"><img decoding=\"async\" title=\"convocados de Boca\" src=\"https:\/\/media.tycsports.com\/files\/2024\/04\/19\/706242\/convocados-de-boca_w416.webp\" srcset=\"https:\/\/media.tycsports.com\/files\/2024\/04\/19\/706242\/convocados-de-boca_w416.webp 480w, https:\/\/media.tycsports.com\/files\/2024\/04\/19\/706242\/convocados-de-boca_w862.webp 1080w\" alt=\"convocados de Boca\" data-src=\"https:\/\/media.tycsports.com\/files\/2024\/04\/19\/706242\/convocados-de-boca_w416.webp\" data-srcset=\"https:\/\/media.tycsports.com\/files\/2024\/04\/19\/706242\/convocados-de-boca_w416.webp 480w, https:\/\/media.tycsports.com\/files\/2024\/04\/19\/706242\/convocados-de-boca_w862.webp 1080w\" \/><\/figure>\n<div class=\"watchto-wrap\">\n<div class=\"watchto\"><\/div>\n<\/div>\n<h2>Los puntos conflictivos de la negociaci\u00f3n entre Valentini y Boca<\/h2>\n<p>El jugador, que hasta la fecha est\u00e1 cobrando el salario correspondiente a su primer contrato,\u00a0pretende que el Xeneize le pague el retroactivo (por la fuerte desactualizaci\u00f3n) desde enero de 2023, mientras que el club ofrece a partir de enero de 2024; el segundo \u00edtem tiene que ver con la cl\u00e1usula, ya que del lado del Vikingo la intenci\u00f3n es mantenerla en 10 millones de d\u00f3lares y la idea de Boca es subirla. Fuente TyC Sports<\/p>\n<section class=\"fluidMedia\">\n<div id=\"video-genoa-706243\" class=\"player-nota-wrapper genoa-async lazycontainer\" data-contentid=\"1607159\" data-share=\"https:\/\/www.tycsports.com\/boca-juniors\/boca-convocados-superclasico-vs-river-cordoba-valentini-id579088.html\">\n<div class=\"player-nota-overlay\"><\/div>\n<\/div>\n<\/section>\n<p><img loading=\"lazy\" decoding=\"async\" class=\"alignnone size-full wp-image-8305\" src=\"https:\/\/www.sportchaco.com.ar\/wp-content\/uploads\/2024\/04\/Nachec1-200x200-1-1.gif\" alt=\"\" width=\"200\" height=\"200\" \/><\/p>\n","protected":false},"excerpt":{"rendered":"<p>El Xeneize present\u00f3 la lista de citados para el duelo del domingo ante River, por los cuartos de la Copa de la Liga, y el Vikingo aparece en la n\u00f3mina pese a que no jugar\u00e1 hasta que no renueve. El Vikingo reapareci\u00f3 en la lista de convocados para el Supercl\u00e1sico pese a que la dirigencia &hellip;<\/p>\n","protected":false},"author":2,"featured_media":8359,"comment_status":"open","ping_status":"open","sticky":false,"template":"","format":"standard","meta":{"footnotes":""},"categories":[47],"tags":[],"class_list":["post-8358","post","type-post","status-publish","format-standard","has-post-thumbnail","hentry","category-nacionales"],"_links":{"self":[{"href":"https:\/\/www.sportchaco.com.ar\/index.php?rest_route=\/wp\/v2\/posts\/8358","targetHints":{"allow":["GET"]}}],"collection":[{"href":"https:\/\/www.sportchaco.com.ar\/index.php?rest_route=\/wp\/v2\/posts"}],"about":[{"href":"https:\/\/www.sportchaco.com.ar\/index.php?rest_route=\/wp\/v2\/types\/post"}],"author":[{"embeddable":true,"href":"https:\/\/www.sportchaco.com.ar\/index.php?rest_route=\/wp\/v2\/users\/2"}],"replies":[{"embeddable":true,"href":"https:\/\/www.sportchaco.com.ar\/index.php?rest_route=%2Fwp%2Fv2%2Fcomments&post=8358"}],"version-history":[{"count":1,"href":"https:\/\/www.sportchaco.com.ar\/index.php?rest_route=\/wp\/v2\/posts\/8358\/revisions"}],"predecessor-version":[{"id":8360,"href":"https:\/\/www.sportchaco.com.ar\/index.php?rest_route=\/wp\/v2\/posts\/8358\/revisions\/8360"}],"wp:featuredmedia":[{"embeddable":true,"href":"https:\/\/www.sportchaco.com.ar\/index.php?rest_route=\/wp\/v2\/media\/8359"}],"wp:attachment":[{"href":"https:\/\/www.sportchaco.com.ar\/index.php?rest_route=%2Fwp%2Fv2%2Fmedia&parent=8358"}],"wp:term":[{"taxonomy":"category","embeddable":true,"href":"https:\/\/www.sportchaco.com.ar\/index.php?rest_route=%2Fwp%2Fv2%2Fcategories&post=8358"},{"taxonomy":"post_tag","embeddable":true,"href":"https:\/\/www.sportchaco.com.ar\/index.php?rest_route=%2Fwp%2Fv2%2Ftags&post=8358"}],"curies":[{"name":"wp","href":"https:\/\/api.w.org\/{rel}","templated":true}]}}