{"id":8371,"date":"2024-04-20T10:35:15","date_gmt":"2024-04-20T13:35:15","guid":{"rendered":"https:\/\/www.sportchaco.com.ar\/?p=8371"},"modified":"2024-04-20T10:35:15","modified_gmt":"2024-04-20T13:35:15","slug":"pato-fillol-recupero-la-medalla-de-campeon-del-mundial-78-que-le-habian-robado","status":"publish","type":"post","link":"https:\/\/www.sportchaco.com.ar\/?p=8371","title":{"rendered":"Pato Fillol: recuper\u00f3 la medalla de Campe\u00f3n del Mundial 78 que le hab\u00edan robado"},"content":{"rendered":"<div class=\"section-2-col article-header\">\n<div class=\"col 2-col\">\n<h4 class=\"h3 ff-20px-w400\" style=\"margin-top: 36px;\">20 de abril de 2024<\/h4>\n<h1><\/h1>\n<h4 class=\"h3 ff-20px-w400\">El exfutbolista agradeci\u00f3 el acompa\u00f1amiento de sus allegados y \u00abtambi\u00e9n gente del arco pol\u00edtico, del arco deportivo, amigos personales, que se preocuparon\u00bb y reconoci\u00f3 que est\u00e1 \u00abfeliz\u00bb.<\/h4>\n<div class=\"author\">\n<div class=\"author-inner\"><\/div>\n<\/div>\n<\/div>\n<\/div>\n<div class=\"section-2-col article-main-image\">\n<div class=\"col 2-col\">\n<div class=\"article-main-media-image__container\">\n<div class=\"image-wrapper\">\n<figure>\n<figure class=\"object-fit-block--contain intrinsic-container intrinsic-container-3x2\"><\/figure><figcaption><\/figcaption><\/figure>\n<\/div>\n<\/div>\n<\/div>\n<\/div>\n<div class=\"section-2-col article-main-content\">\n<div class=\"col 1-col cxense-articles\"><\/div>\n<div class=\"col 2-col\">\n<div class=\"article-main-content article-text \">\n<p>El ex arquero de la Selecci\u00f3n Argentina Ubaldo \u00abPato\u00bb Fillol revel\u00f3 mediante sus redes sociales que recuper\u00f3 la medalla de campe\u00f3n del mundo obtenida en el Campeonato Mundial de la FIFA \u00abArgentina 1978\u00bb, tras el robo que sufri\u00f3 en su departamento del barrio porte\u00f1o de Villa del Parque.<\/p>\n<p>Seg\u00fan relat\u00f3 Fillol, la causa avanz\u00f3 con distintos allanamientos, se detuvo a un grupo de personas y se recuperaron los objetos robados la noche del s\u00e1bado 16 de marzo entre los que se encontraba la medalla.<\/p>\n<div id=\"talkFireEvent\"><\/div>\n<p>A su vez, el ex futbolista agradeci\u00f3 el acompa\u00f1amiento de sus allegados: \u00abTambi\u00e9n gente del arco pol\u00edtico, del arco deportivo, amigos personales, que se preocuparon, que me llamaron y que me siguen llamando, agradecerles tremendamente. Estoy feliz\u00bb.<\/p>\n<div class=\"slot-available\"><\/div>\n<p>El campe\u00f3n del mundo hab\u00eda ofrecido una recompensa a quienes puedan proporcionar informaci\u00f3n que conduzca a la recuperaci\u00f3n de sus preciadas preseas. \u00abLes dar\u00e9 una recompensa y mantendr\u00e9 un silencio absoluto\u00bb, hab\u00eda manifestado Fillol en un emotivo video, en el que expres\u00f3 su profundo pesar por la situaci\u00f3n. Fuente P\u00e1gina 12<\/p>\n<\/div>\n<p><img loading=\"lazy\" decoding=\"async\" class=\"wp-image-8369 aligncenter\" src=\"https:\/\/www.sportchaco.com.ar\/wp-content\/uploads\/2024\/04\/gob-obras-marzo-apaisado-1-300x29.gif\" alt=\"\" width=\"621\" height=\"60\" srcset=\"https:\/\/www.sportchaco.com.ar\/wp-content\/uploads\/2024\/04\/gob-obras-marzo-apaisado-1-300x29.gif 300w, https:\/\/www.sportchaco.com.ar\/wp-content\/uploads\/2024\/04\/gob-obras-marzo-apaisado-1-768x74.gif 768w\" sizes=\"auto, (max-width: 621px) 100vw, 621px\" \/><\/p>\n<\/div>\n<\/div>\n","protected":false},"excerpt":{"rendered":"<p>20 de abril de 2024 El exfutbolista agradeci\u00f3 el acompa\u00f1amiento de sus allegados y \u00abtambi\u00e9n gente del arco pol\u00edtico, del arco deportivo, amigos personales, que se preocuparon\u00bb y reconoci\u00f3 que est\u00e1 \u00abfeliz\u00bb. El ex arquero de la Selecci\u00f3n Argentina Ubaldo \u00abPato\u00bb Fillol revel\u00f3 mediante sus redes sociales que recuper\u00f3 la medalla de campe\u00f3n del mundo &hellip;<\/p>\n","protected":false},"author":2,"featured_media":8372,"comment_status":"open","ping_status":"open","sticky":false,"template":"","format":"standard","meta":{"footnotes":""},"categories":[47],"tags":[],"class_list":["post-8371","post","type-post","status-publish","format-standard","has-post-thumbnail","hentry","category-nacionales"],"_links":{"self":[{"href":"https:\/\/www.sportchaco.com.ar\/index.php?rest_route=\/wp\/v2\/posts\/8371","targetHints":{"allow":["GET"]}}],"collection":[{"href":"https:\/\/www.sportchaco.com.ar\/index.php?rest_route=\/wp\/v2\/posts"}],"about":[{"href":"https:\/\/www.sportchaco.com.ar\/index.php?rest_route=\/wp\/v2\/types\/post"}],"author":[{"embeddable":true,"href":"https:\/\/www.sportchaco.com.ar\/index.php?rest_route=\/wp\/v2\/users\/2"}],"replies":[{"embeddable":true,"href":"https:\/\/www.sportchaco.com.ar\/index.php?rest_route=%2Fwp%2Fv2%2Fcomments&post=8371"}],"version-history":[{"count":1,"href":"https:\/\/www.sportchaco.com.ar\/index.php?rest_route=\/wp\/v2\/posts\/8371\/revisions"}],"predecessor-version":[{"id":8373,"href":"https:\/\/www.sportchaco.com.ar\/index.php?rest_route=\/wp\/v2\/posts\/8371\/revisions\/8373"}],"wp:featuredmedia":[{"embeddable":true,"href":"https:\/\/www.sportchaco.com.ar\/index.php?rest_route=\/wp\/v2\/media\/8372"}],"wp:attachment":[{"href":"https:\/\/www.sportchaco.com.ar\/index.php?rest_route=%2Fwp%2Fv2%2Fmedia&parent=8371"}],"wp:term":[{"taxonomy":"category","embeddable":true,"href":"https:\/\/www.sportchaco.com.ar\/index.php?rest_route=%2Fwp%2Fv2%2Fcategories&post=8371"},{"taxonomy":"post_tag","embeddable":true,"href":"https:\/\/www.sportchaco.com.ar\/index.php?rest_route=%2Fwp%2Fv2%2Ftags&post=8371"}],"curies":[{"name":"wp","href":"https:\/\/api.w.org\/{rel}","templated":true}]}}