{"id":8490,"date":"2024-04-23T18:28:38","date_gmt":"2024-04-23T21:28:38","guid":{"rendered":"https:\/\/www.sportchaco.com.ar\/?p=8490"},"modified":"2024-04-23T18:28:38","modified_gmt":"2024-04-23T21:28:38","slug":"san-fernando-tendra-su-subcomision-de-futbol","status":"publish","type":"post","link":"https:\/\/www.sportchaco.com.ar\/?p=8490","title":{"rendered":"San Fernando tendr\u00e1 su Subcomisi\u00f3n de f\u00fatbol"},"content":{"rendered":"<p><strong>23-04-2024<\/strong><\/p>\n<p><img loading=\"lazy\" decoding=\"async\" class=\" wp-image-8369 aligncenter\" src=\"https:\/\/www.sportchaco.com.ar\/wp-content\/uploads\/2024\/04\/gob-obras-marzo-apaisado-1-300x29.gif\" alt=\"\" width=\"321\" height=\"31\" srcset=\"https:\/\/www.sportchaco.com.ar\/wp-content\/uploads\/2024\/04\/gob-obras-marzo-apaisado-1-300x29.gif 300w, https:\/\/www.sportchaco.com.ar\/wp-content\/uploads\/2024\/04\/gob-obras-marzo-apaisado-1-768x74.gif 768w\" sizes=\"auto, (max-width: 321px) 100vw, 321px\" \/><\/p>\n<p>La Comisi\u00f3n Directiva del Club San Fernando encabezado por su presidente, Miguel \u00c1ngel Sol\u00eds, aprob\u00f3 en Asamblea, la conformaci\u00f3n de la Subcomisi\u00f3n de f\u00fatbol. La misma trabajar\u00e1 de manera coordinada con la dirigencia del \u201csanto\u201d para ayudar en todo lo que respecta a divisiones inferiores, Tercera y Primera Divisi\u00f3n, tambi\u00e9n en el mantenimiento del predio como as\u00ed tambi\u00e9n en todo lo que se necesite.<\/p>\n<p>Dicha Subcomisi\u00f3n est\u00e1 integrada por propios hinchas del club que siempre est\u00e1n colaborado con la instituci\u00f3n.<\/p>\n<p>La Subcomisi\u00f3n qued\u00f3 conformada de la siguiente manera:<br \/>\n<strong>Presidente:<\/strong> Sebasti\u00e1n Galarza<br \/>\n<strong>Vicepresidente:<\/strong> Germ\u00e1n Fleita<br \/>\n<strong>Secretario:<\/strong> Rafael Esp\u00edndola<br \/>\n<strong>Tesorero:<\/strong> Rafael Cattaneo<br \/>\n<strong>Vocales:<\/strong> V\u00edctor Machado, Germ\u00e1n C\u00e1ceres y Sergio Guti\u00e9rrez<br \/>\n<strong>Prensa:<\/strong> Marcelo Gauna<\/p>\n<p><img loading=\"lazy\" decoding=\"async\" class=\"size-full wp-image-8481 aligncenter\" src=\"https:\/\/www.sportchaco.com.ar\/wp-content\/uploads\/2024\/04\/Nachec1-200x200-2.gif\" alt=\"\" width=\"200\" height=\"200\" \/><\/p>\n","protected":false},"excerpt":{"rendered":"<p>23-04-2024 La Comisi\u00f3n Directiva del Club San Fernando encabezado por su presidente, Miguel \u00c1ngel Sol\u00eds, aprob\u00f3 en Asamblea, la conformaci\u00f3n de la Subcomisi\u00f3n de f\u00fatbol. La misma trabajar\u00e1 de manera coordinada con la dirigencia del \u201csanto\u201d para ayudar en todo lo que respecta a divisiones inferiores, Tercera y Primera Divisi\u00f3n, tambi\u00e9n en el mantenimiento del &hellip;<\/p>\n","protected":false},"author":3,"featured_media":8491,"comment_status":"open","ping_status":"open","sticky":false,"template":"","format":"standard","meta":{"footnotes":""},"categories":[5],"tags":[],"class_list":["post-8490","post","type-post","status-publish","format-standard","has-post-thumbnail","hentry","category-futbol"],"_links":{"self":[{"href":"https:\/\/www.sportchaco.com.ar\/index.php?rest_route=\/wp\/v2\/posts\/8490","targetHints":{"allow":["GET"]}}],"collection":[{"href":"https:\/\/www.sportchaco.com.ar\/index.php?rest_route=\/wp\/v2\/posts"}],"about":[{"href":"https:\/\/www.sportchaco.com.ar\/index.php?rest_route=\/wp\/v2\/types\/post"}],"author":[{"embeddable":true,"href":"https:\/\/www.sportchaco.com.ar\/index.php?rest_route=\/wp\/v2\/users\/3"}],"replies":[{"embeddable":true,"href":"https:\/\/www.sportchaco.com.ar\/index.php?rest_route=%2Fwp%2Fv2%2Fcomments&post=8490"}],"version-history":[{"count":2,"href":"https:\/\/www.sportchaco.com.ar\/index.php?rest_route=\/wp\/v2\/posts\/8490\/revisions"}],"predecessor-version":[{"id":8818,"href":"https:\/\/www.sportchaco.com.ar\/index.php?rest_route=\/wp\/v2\/posts\/8490\/revisions\/8818"}],"wp:featuredmedia":[{"embeddable":true,"href":"https:\/\/www.sportchaco.com.ar\/index.php?rest_route=\/wp\/v2\/media\/8491"}],"wp:attachment":[{"href":"https:\/\/www.sportchaco.com.ar\/index.php?rest_route=%2Fwp%2Fv2%2Fmedia&parent=8490"}],"wp:term":[{"taxonomy":"category","embeddable":true,"href":"https:\/\/www.sportchaco.com.ar\/index.php?rest_route=%2Fwp%2Fv2%2Fcategories&post=8490"},{"taxonomy":"post_tag","embeddable":true,"href":"https:\/\/www.sportchaco.com.ar\/index.php?rest_route=%2Fwp%2Fv2%2Ftags&post=8490"}],"curies":[{"name":"wp","href":"https:\/\/api.w.org\/{rel}","templated":true}]}}