{"id":8499,"date":"2024-04-23T23:00:24","date_gmt":"2024-04-24T02:00:24","guid":{"rendered":"https:\/\/www.sportchaco.com.ar\/?p=8499"},"modified":"2024-04-25T18:25:10","modified_gmt":"2024-04-25T21:25:10","slug":"dogos-banfield-abriran-la-segunda-de-la-b","status":"publish","type":"post","link":"https:\/\/www.sportchaco.com.ar\/?p=8499","title":{"rendered":"Dogos-Banfield abrir\u00e1n la segunda de la B"},"content":{"rendered":"<p><strong>23-04-2024<\/strong><\/p>\n<p class=\"bajada\">En consonancia con la Primera \u201cA\u201d, en la \u201cB\u201d tambi\u00e9n habr\u00e1 un partido el viernes, que le dar\u00e1 inicio en este caso a la segunda fecha. Proseguir\u00e1 el s\u00e1bado, y finalizar\u00e1 el domingo con cuatro cotejos. La fecha comenzar\u00e1 el viernes 16:30 con el partido entre Dogos y Banfield.<i class=\"fas fa-camera\" aria-hidden=\"true\"><\/i><\/p>\n<figure class=\"\"><\/figure>\n<p>La Primera \u201cB\u201d de la Liga Chaque\u00f1a de F\u00fatbol, ya tiene la diagramaci\u00f3n de la segunda fecha. Todo comenzar\u00e1 el viernes con un partido, seguir\u00e1 el s\u00e1bado con seis cotejos, y se clausurar\u00e1 el domingo con otros cuatro encuentros.<\/p>\n<p><b>TODA LA 2\u00aa FECHA<\/b><br \/>\n<b>Viernes 26 \u2013 04<\/b><br \/>\nA las 16:30;\u00a0 Dogos \u2013 Banfield, en Def. de Vilelas<\/p>\n<p><b>S\u00e1bado 27 \u2013 04<\/b><br \/>\nA las 16:30; Independiente Tirol \u2013 Dep. Barber\u00e1n<br \/>\nA las 16:30; Sameep \u2013 Chaco Hebr\u00f3n<br \/>\nA las 16:30; Tiro FC \u2013 Centauro, en Def. de Vilelas<br \/>\nA las 16:30; UPCP \u2013 Canallas del Sur, en Regional<br \/>\nA las 16:30; Club de Amigos \u2013 Bariloche, en San Fernando<br \/>\nA las 16:30; Luj\u00e1n \u2013 G\u00fciraldes, en Bancarios<\/p>\n<p><b>Domingo 28 &#8211; 04<\/b><br \/>\nA las 16:30; FC Barber\u00e1n \u2013 Dep. Esperanza, en Chaco Hebr\u00f3n<br \/>\nA las 16:30; Municipales \u2013 DEF, en San Fernando<br \/>\nA las 16:30; Parque Patricios \u2013 Confraternidad, en Def. de Vilelas<br \/>\nA las 16:30; V\u00e9lez \u2013 Centro de Empleados de Comercio, en Bancarios<\/p>\n<p><b>Libre:\u00a0<\/b>Los L\u00edricos<\/p>\n<p><b>POSICIONES<\/b><br \/>\nC. E. C. 3<br \/>\nIndependiente T. 3<br \/>\nTiro FC 3<br \/>\nV\u00e9lez S. 3<br \/>\nG\u00fciraldes 3<br \/>\nParque P. 3<br \/>\nCentauro 3<br \/>\nFC. Barber\u00e1n 3<br \/>\nConfraternidad 1<br \/>\nMunicipales 1<br \/>\nDEF 1<br \/>\nDogos 1<br \/>\nEsperanza 1<br \/>\nLuj\u00e1n 1<br \/>\nChaco Hebr\u00f3n 0<br \/>\nLos L\u00edricos 0<br \/>\nSameep 0<br \/>\nDep. Barber\u00e1n 0<br \/>\nBanfield 0<br \/>\nCanallas S. 0<br \/>\nBariloche 0<br \/>\nUPCP 0<br \/>\nAmigos &#8211;<\/p>\n<p><b>TODA LA 1\u00aa FECHA<\/b><br \/>\n<b>S\u00e1bado 20 \u2013 04<\/b><br \/>\nCentro de Empleados de Comercio (4) \u2013 UPCP (0)<br \/>\nChaco Hebr\u00f3n (2) \u2013 Parque Patricios (3)<\/p>\n<p><b>Domingo 21 \u2013 04<\/b><br \/>\nConfraternidad (2) \u2013 Municipales (2), en Defensores de Vilelas<br \/>\nBariloche (0) \u2013 V\u00e9lez Sarsfield (2), en Bancarios<br \/>\nCentauro (2) \u2013 Sameep (1), en San Fernando<br \/>\nBanfield (2) \u2013 Independiente Tirol (4), en Chaco Hebr\u00f3n<br \/>\nDeportivo G\u00fciraldes (3) \u2013 Los L\u00edricos (2), en Defensores de Vilelas<br \/>\nDeportivo Esperanza (0) \u2013 Deportivo Luj\u00e1n (0), en Bancarios<br \/>\nDeportivo Barber\u00e1n (0) \u2013 FC Barber\u00e1n (1), en San Fernando<br \/>\nCanallas del Sur (1) \u2013 Tiro FC (3)<br \/>\nDEF (1) \u2013 Los Dogos (1), en Regional<\/p>\n<p><b>Libre:<\/b> Club de Amigos.<\/p>\n<p><em><strong>Fuente: Entretiempo<\/strong><\/em><\/p>\n<p>&nbsp;<\/p>\n<p><strong>Foto de Dogos, debutante que empat\u00f3 en la primera fecha<\/strong><\/p>\n<p><img loading=\"lazy\" decoding=\"async\" class=\"size-full wp-image-8481 aligncenter\" src=\"https:\/\/www.sportchaco.com.ar\/wp-content\/uploads\/2024\/04\/Nachec1-200x200-2.gif\" alt=\"\" width=\"200\" height=\"200\" \/><\/p>\n","protected":false},"excerpt":{"rendered":"<p>23-04-2024 En consonancia con la Primera \u201cA\u201d, en la \u201cB\u201d tambi\u00e9n habr\u00e1 un partido el viernes, que le dar\u00e1 inicio en este caso a la segunda fecha. Proseguir\u00e1 el s\u00e1bado, y finalizar\u00e1 el domingo con cuatro cotejos. La fecha comenzar\u00e1 el viernes 16:30 con el partido entre Dogos y Banfield. La Primera \u201cB\u201d de la &hellip;<\/p>\n","protected":false},"author":2,"featured_media":8500,"comment_status":"open","ping_status":"open","sticky":false,"template":"","format":"standard","meta":{"footnotes":""},"categories":[5],"tags":[],"class_list":["post-8499","post","type-post","status-publish","format-standard","has-post-thumbnail","hentry","category-futbol"],"_links":{"self":[{"href":"https:\/\/www.sportchaco.com.ar\/index.php?rest_route=\/wp\/v2\/posts\/8499","targetHints":{"allow":["GET"]}}],"collection":[{"href":"https:\/\/www.sportchaco.com.ar\/index.php?rest_route=\/wp\/v2\/posts"}],"about":[{"href":"https:\/\/www.sportchaco.com.ar\/index.php?rest_route=\/wp\/v2\/types\/post"}],"author":[{"embeddable":true,"href":"https:\/\/www.sportchaco.com.ar\/index.php?rest_route=\/wp\/v2\/users\/2"}],"replies":[{"embeddable":true,"href":"https:\/\/www.sportchaco.com.ar\/index.php?rest_route=%2Fwp%2Fv2%2Fcomments&post=8499"}],"version-history":[{"count":4,"href":"https:\/\/www.sportchaco.com.ar\/index.php?rest_route=\/wp\/v2\/posts\/8499\/revisions"}],"predecessor-version":[{"id":8512,"href":"https:\/\/www.sportchaco.com.ar\/index.php?rest_route=\/wp\/v2\/posts\/8499\/revisions\/8512"}],"wp:featuredmedia":[{"embeddable":true,"href":"https:\/\/www.sportchaco.com.ar\/index.php?rest_route=\/wp\/v2\/media\/8500"}],"wp:attachment":[{"href":"https:\/\/www.sportchaco.com.ar\/index.php?rest_route=%2Fwp%2Fv2%2Fmedia&parent=8499"}],"wp:term":[{"taxonomy":"category","embeddable":true,"href":"https:\/\/www.sportchaco.com.ar\/index.php?rest_route=%2Fwp%2Fv2%2Fcategories&post=8499"},{"taxonomy":"post_tag","embeddable":true,"href":"https:\/\/www.sportchaco.com.ar\/index.php?rest_route=%2Fwp%2Fv2%2Ftags&post=8499"}],"curies":[{"name":"wp","href":"https:\/\/api.w.org\/{rel}","templated":true}]}}